{"id":111839,"date":"2025-04-25T19:54:41","date_gmt":"2025-04-25T19:54:41","guid":{"rendered":"https:\/\/rdnews.al\/?p=111839"},"modified":"2025-04-25T19:54:59","modified_gmt":"2025-04-25T19:54:59","slug":"berisha-ne-europe-nuk-shkohet-me-krim-e-korrupsion-ka-nje-force-qe-integron-vendin-ne-be-dhe-ajo-eshte-partia-demokratike","status":"publish","type":"post","link":"https:\/\/rdnews.al\/index.php\/2025\/04\/25\/berisha-ne-europe-nuk-shkohet-me-krim-e-korrupsion-ka-nje-force-qe-integron-vendin-ne-be-dhe-ajo-eshte-partia-demokratike\/","title":{"rendered":"N\u00eb Europ\u00eb nuk shkohet me krim e korrupsion! Ka nj\u00eb forc\u00eb q\u00eb integron vendin n\u00eb BE dhe ajo \u00ebsht\u00eb Partia Demokratike"},"content":{"rendered":"<p>Kryetari i PD, Sali Berisha tha gjat\u00eb fjal\u00ebs s\u00eb tij n\u00eb Kavaj\u00eb se, n\u00eb Europ\u00eb nuk shkohet me krim e korrupsion. Berisha tha se, n\u00eb Shqip\u00ebri ka nj\u00eb forc\u00eb q\u00eb integron vendin n\u00eb BE dhe ajo \u00ebsht\u00eb Partia Demokratike.<\/p>\n<p>\u201cMiqt\u00eb e mi! Dy jav\u00eb kan\u00eb mbetur, k\u00ebto dy jav\u00eb jan\u00eb nj\u00eb kushtrim, jan\u00eb nj\u00eb thirrje p\u00ebr \u00e7do t\u00eb ri dhe t\u00eb re t\u00eb Kavaj\u00ebs, t\u00eb b\u00ebjm\u00eb p\u00ebrpjeket tona p\u00ebr t\u00eb bindur \u00e7do bashk\u00ebmoshatar, sepse q\u00ebllimi m\u00eb i fuqish\u00ebm i k\u00ebtij programi \u00ebsht\u00eb ti rikthejm\u00eb Shqip\u00ebris\u00eb rinin\u00eb e saj.<\/p>\n<p>T\u00eb sjellim kombim n\u00eb mosh\u00ebn e rinis\u00eb dhe garantoj \u00e7do t\u00eb ri e t\u00eb re, se mesatarja do hiqet, se dyert e universiteteve do jen\u00eb t\u00eb hapura, se shkollimi dhe pun\u00ebsimi i tyre, qeveria do paguaj\u00eb sigurimet shoq\u00ebrore tek sip\u00ebrmarr\u00ebsit p\u00ebr \u00e7do t\u00eb ri t\u00eb pun\u00ebsuar, 1 vit.<\/p>\n<p>Trajnimin e tyre.<\/p>\n<p>Nj\u00eb \u00e7ati p\u00ebr \u00e7do \u00e7ift t\u00eb ri. Qeveria do jap\u00eb nj\u00eb grant 30 mij\u00eb euro n\u00eb m\u00ebnyre q\u00eb t\u00eb paguhet kredia.<\/p>\n<p>Do b\u00ebjm\u00eb gjith\u00e7ka t\u00eb rikthejm\u00eb nga emigracioni v\u00ebllez\u00ebrit dhe motrat tona.<\/p>\n<p>5 vjet asnj\u00eb taks\u00eb. Kredi t\u00eb buta p\u00ebr strehimin. Startupet e tyre do t\u00eb mb\u00ebshteten fuqish\u00ebm.<\/p>\n<p>Pra miq, \u00ebsht\u00eb program p\u00ebr \u00e7do shqiptar.<\/p>\n<p>Fermer\u00ebt e Kavaj\u00ebs dhe Shqip\u00ebris\u00eb do t\u00eb njohin 5-fishimin e subvencioneve p\u00ebr ta. Garantoj se p\u00ebr \u00e7do nj\u00ebsi prodhimi, p\u00ebr \u00e7do fidan, p\u00ebr \u00e7do kok\u00eb bag\u00ebti, do marrin 5-fishin e atyre q\u00eb marrin sot.<\/p>\n<p>Suksesi i fermave tona, suksesi i sip\u00ebrmarrjeve tona, \u2018Made in Albania\u2019 \u00ebsht\u00eb krenaria jon\u00eb.<\/p>\n<p>Miqt\u00eb e mi.<\/p>\n<p>Ka patur edhe t\u00eb tjer\u00eb diktator\u00eb, por narkodiktator m\u00eb t\u00eb pashpirt p\u00ebr qytetar\u00ebt se Edi Rama, nuk ka patur.<\/p>\n<p>Ju e d\u00ebgjuat, 3 muaj m\u00eb par\u00eb deklaroi se, n\u00eb spitalin onkologjik po kryhen krime kund\u00ebr njer\u00ebzimit. A e dini ju sot, pas 3 muajsh situata \u00ebsht\u00eb dy her\u00eb m\u00eb dramatike.<\/p>\n<p>Sepse ai e ka mendjen tek luksi i tij.<\/p>\n<p>E ka mendjen tek pasurimi i tij dhe i njer\u00ebzve t\u00eb tij.<\/p>\n<p>E ka mendjen tek pla\u00e7kitja e shqiptar\u00ebve.<\/p>\n<p>Garantoj \u00e7do qytetar t\u00eb Kavaj\u00ebs dhe Shqip\u00ebris\u00eb se, buxheti i sh\u00ebndet\u00ebsis\u00eb do t\u00eb dyfishohet. Se lista e ila\u00e7eve t\u00eb rimbursueshme do t\u00eb jet\u00eb identike me at\u00eb t\u00eb Republik\u00ebs Italiane.<\/p>\n<p>Se n\u00eb territorin e Shqip\u00ebris\u00eb nuk do t\u00eb tregtohen ila\u00e7e q\u00eb nuk shiten n\u00eb dy vende an\u00ebtare t\u00eb BE-s\u00eb.<\/p>\n<p>Miq, n\u00eb Europ\u00eb nuk shkohet me mjerim.<\/p>\n<p>N\u00eb Europ\u00eb nuk shkohet me krim.<\/p>\n<p>N\u00eb Europ\u00eb nuk shkohet me korrupsion.<\/p>\n<p>N\u00eb Europ\u00eb shkohet me shtetin ligjor, me respektin e lirive dhe t\u00eb drejtave njer\u00ebzore.<\/p>\n<p>Me respektimin e dinjitetit njer\u00ebzor.<\/p>\n<p>N\u00eb Europ\u00eb shkohet duke rritur mir\u00ebq\u00ebnien e qytetar\u00ebve shqiptare dhe jo duke e pla\u00e7kitur at\u00eb.<\/p>\n<p>Ka nj\u00eb forc\u00eb politike e faktuar dhe e provuar, lokomotiv\u00eb e integrimeve evropiane dhe euroatlantike t\u00eb Shqip\u00ebris\u00eb dhe kjo \u00ebsht\u00eb partia juaj, Partia Demokratike, ky \u00ebsht\u00eb koalicioni yn\u00eb, Koalicioni p\u00ebr Shqip\u00ebrin\u00eb Madh\u00ebshtore, koalicioni p\u00ebr Shqip\u00ebrin\u00eb e fitores\u201d, tha Berisha.<\/p>\n","protected":false},"excerpt":{"rendered":"<p>Kryetari i PD, Sali Berisha tha gjat\u00eb fjal\u00ebs s\u00eb tij n\u00eb Kavaj\u00eb se, n\u00eb Europ\u00eb nuk shkohet me krim e korrupsion. Berisha tha se, n\u00eb Shqip\u00ebri ka nj\u00eb forc\u00eb q\u00eb integron vendin n\u00eb BE dhe ajo \u00ebsht\u00eb Partia Demokratike. \u201cMiqt\u00eb e mi! Dy jav\u00eb kan\u00eb mbetur, k\u00ebto dy jav\u00eb jan\u00eb nj\u00eb kushtrim, jan\u00eb nj\u00eb thirrje &hellip;<\/p>\n","protected":false},"author":4,"featured_media":111840,"comment_status":"closed","ping_status":"closed","sticky":false,"template":"","format":"standard","meta":{"footnotes":""},"categories":[37],"tags":[],"class_list":["post-111839","post","type-post","status-publish","format-standard","has-post-thumbnail","","category-politike"],"_links":{"self":[{"href":"https:\/\/rdnews.al\/index.php\/wp-json\/wp\/v2\/posts\/111839","targetHints":{"allow":["GET"]}}],"collection":[{"href":"https:\/\/rdnews.al\/index.php\/wp-json\/wp\/v2\/posts"}],"about":[{"href":"https:\/\/rdnews.al\/index.php\/wp-json\/wp\/v2\/types\/post"}],"author":[{"embeddable":true,"href":"https:\/\/rdnews.al\/index.php\/wp-json\/wp\/v2\/users\/4"}],"replies":[{"embeddable":true,"href":"https:\/\/rdnews.al\/index.php\/wp-json\/wp\/v2\/comments?post=111839"}],"version-history":[{"count":2,"href":"https:\/\/rdnews.al\/index.php\/wp-json\/wp\/v2\/posts\/111839\/revisions"}],"predecessor-version":[{"id":111842,"href":"https:\/\/rdnews.al\/index.php\/wp-json\/wp\/v2\/posts\/111839\/revisions\/111842"}],"wp:featuredmedia":[{"embeddable":true,"href":"https:\/\/rdnews.al\/index.php\/wp-json\/wp\/v2\/media\/111840"}],"wp:attachment":[{"href":"https:\/\/rdnews.al\/index.php\/wp-json\/wp\/v2\/media?parent=111839"}],"wp:term":[{"taxonomy":"category","embeddable":true,"href":"https:\/\/rdnews.al\/index.php\/wp-json\/wp\/v2\/categories?post=111839"},{"taxonomy":"post_tag","embeddable":true,"href":"https:\/\/rdnews.al\/index.php\/wp-json\/wp\/v2\/tags?post=111839"}],"curies":[{"name":"wp","href":"https:\/\/api.w.org\/{rel}","templated":true}]}}