{"id":111848,"date":"2025-04-26T08:56:27","date_gmt":"2025-04-26T08:56:27","guid":{"rendered":"https:\/\/rdnews.al\/?p=111848"},"modified":"2025-04-26T09:05:41","modified_gmt":"2025-04-26T09:05:41","slug":"konferenca-bota-e-autizmit-dr-liri-berisha-te-degjojme-zerin-e-profesionisteve-qe-sjellin-shprese-per-familjet-qe-perballen-me-autizmin","status":"publish","type":"post","link":"https:\/\/rdnews.al\/index.php\/2025\/04\/26\/konferenca-bota-e-autizmit-dr-liri-berisha-te-degjojme-zerin-e-profesionisteve-qe-sjellin-shprese-per-familjet-qe-perballen-me-autizmin\/","title":{"rendered":"Konferenca &#8220;Bota e Autizmit&#8221;\/ Dr. Liri Berisha: T\u00eb d\u00ebgjojm\u00eb z\u00ebrin e profesionist\u00ebve q\u00eb sjellin shpres\u00eb p\u00ebr familjet q\u00eb p\u00ebrballen me autizmin"},"content":{"rendered":"<p>Dr. Liri Berisha, presidente e Fondacionit \u2018F\u00ebmij\u00ebt Shqiptar\u00eb\u2019, mbajti fjal\u00ebn e saj n\u00eb konferenc\u00ebn e organizuar n\u00eb Tiran\u00eb me tem\u00eb \u201cBota e Autizmit\u201d. Ajo theksoi r\u00ebnd\u00ebsin\u00eb q\u00eb ka d\u00ebgjimi i profesionist\u00ebve t\u00eb fush\u00ebs dhe p\u00ebrcjellja e risive shkencore p\u00ebrmes mediave.<\/p>\n<p>Berisha u b\u00ebri thirrje profesionist\u00ebve t\u00eb rinj q\u00eb t\u00eb p\u00ebrfitojn\u00eb nga eksperiencat dhe faktet e paraqitura n\u00eb k\u00ebt\u00eb format shkencor. Ajo vler\u00ebsoi tradit\u00ebn e Fondacionit \u2018F\u00ebmij\u00ebt Shqiptar\u00eb\u2019 n\u00eb organizimin e konferencave dhe rolin e tyre n\u00eb mb\u00ebshtetjen e bot\u00ebs s\u00eb autizmit. N\u00eb fjal\u00ebn e saj, fal\u00ebnderoi t\u00eb gjith\u00eb ata q\u00eb kontribuojn\u00eb n\u00eb sjelljen e shpres\u00ebs p\u00ebr familjet q\u00eb p\u00ebrballen me k\u00ebt\u00eb diagnoz\u00eb.<\/p>\n<p>\u201cDua t\u00eb theksoj fort se sot m\u00eb shum\u00eb se kurr\u00eb, z\u00ebri i profesionist\u00ebve t\u00eb v\u00ebrtet\u00eb t\u00eb fush\u00ebs, dhe risit\u00eb e konferencave t\u00eb tilla duhet t\u00eb d\u00ebgjohen m\u00eb shum\u00eb nga ju mediat, vet\u00ebm k\u00ebshtu do t\u00eb p\u00ebrcjellim mesazhin e kolauduar shkenc\u00ebrisht dhe p\u00ebr rrjedhoj\u00eb do t\u00eb kemi qasjen e duhur n\u00eb zgjidhjen e \u00e7\u00ebshtjeve q\u00eb ne sot na mungojn\u00eb.<\/p>\n<p>Do t\u00eb doja q\u00eb profesionist\u00ebt e rinj t\u00eb fush\u00ebs, ata q\u00eb jan\u00eb sot n\u00eb hapat e para t\u00eb trajtimit t\u00eb f\u00ebmij\u00ebve t\u00eb vegj\u00ebl me k\u00ebt\u00eb fenomen, t\u00eb b\u00ebhen sy e vesh\u00eb ndaj profesionist\u00ebve m\u00eb n\u00eb z\u00eb q\u00eb ka fituar sot ky format shkencor, dhe t\u00eb p\u00ebrfitojn\u00eb sa m\u00eb shum\u00eb nga eksperienca dhe faktet q\u00eb ata do t\u00eb sjellin k\u00ebto dit\u00eb n\u00eb vendin ton\u00eb.<\/p>\n<p>Fondacioni \u2018F\u00ebmij\u00ebt Shqiptar\u00eb\u2019, si\u00e7 e ka b\u00ebr\u00eb tradit\u00eb organizimin e konferencave t\u00eb t\u00eb gjitha profileve, do t\u00eb vijoj\u00eb t\u00eb jet\u00eb z\u00ebri i tyre t\u00eb gjith\u00ebve n\u00eb bot\u00ebn e autizmit. Z\u00ebri i profesionist\u00ebve, i mjek\u00ebve, i akademik\u00ebve, i prind\u00ebrve, si dhe i f\u00ebmij\u00ebve tashm\u00eb t\u00eb rritur q\u00eb artikulojn\u00eb kaq bukur dhe lirsh\u00ebm mesazhet e tyre.<\/p>\n<p>N\u00eb fillimin e punimeve t\u00eb k\u00ebsaj konference, dua t\u00eb p\u00ebrcjell fal\u00ebnderim p\u00ebr t\u00eb gjitha p\u00ebrpjekjet q\u00eb po b\u00ebni, duke sjell\u00eb pak drit\u00eb dhe shpres\u00eb n\u00eb familjet q\u00eb vuajn\u00eb k\u00ebt\u00eb diagnoz\u00eb.<\/p>\n<p>Shpresoj q\u00eb Tirana dhe fondacioni \u2018F\u00ebmij\u00ebt Shqiptar\u00eb\u2019 t\u00eb jen\u00eb s\u00ebrish mikprit\u00ebsit e projekteve madhore n\u00eb bot\u00ebn e autizmit\u201d, tha Liri Berisha.<\/p>\n","protected":false},"excerpt":{"rendered":"<p>Dr. Liri Berisha, presidente e Fondacionit \u2018F\u00ebmij\u00ebt Shqiptar\u00eb\u2019, mbajti fjal\u00ebn e saj n\u00eb konferenc\u00ebn e organizuar n\u00eb Tiran\u00eb me tem\u00eb \u201cBota e Autizmit\u201d. Ajo theksoi r\u00ebnd\u00ebsin\u00eb q\u00eb ka d\u00ebgjimi i profesionist\u00ebve t\u00eb fush\u00ebs dhe p\u00ebrcjellja e risive shkencore p\u00ebrmes mediave. Berisha u b\u00ebri thirrje profesionist\u00ebve t\u00eb rinj q\u00eb t\u00eb p\u00ebrfitojn\u00eb nga eksperiencat dhe faktet e &hellip;<\/p>\n","protected":false},"author":4,"featured_media":111849,"comment_status":"closed","ping_status":"closed","sticky":false,"template":"","format":"standard","meta":{"footnotes":""},"categories":[37],"tags":[],"class_list":["post-111848","post","type-post","status-publish","format-standard","has-post-thumbnail","","category-politike"],"_links":{"self":[{"href":"https:\/\/rdnews.al\/index.php\/wp-json\/wp\/v2\/posts\/111848","targetHints":{"allow":["GET"]}}],"collection":[{"href":"https:\/\/rdnews.al\/index.php\/wp-json\/wp\/v2\/posts"}],"about":[{"href":"https:\/\/rdnews.al\/index.php\/wp-json\/wp\/v2\/types\/post"}],"author":[{"embeddable":true,"href":"https:\/\/rdnews.al\/index.php\/wp-json\/wp\/v2\/users\/4"}],"replies":[{"embeddable":true,"href":"https:\/\/rdnews.al\/index.php\/wp-json\/wp\/v2\/comments?post=111848"}],"version-history":[{"count":2,"href":"https:\/\/rdnews.al\/index.php\/wp-json\/wp\/v2\/posts\/111848\/revisions"}],"predecessor-version":[{"id":111854,"href":"https:\/\/rdnews.al\/index.php\/wp-json\/wp\/v2\/posts\/111848\/revisions\/111854"}],"wp:featuredmedia":[{"embeddable":true,"href":"https:\/\/rdnews.al\/index.php\/wp-json\/wp\/v2\/media\/111849"}],"wp:attachment":[{"href":"https:\/\/rdnews.al\/index.php\/wp-json\/wp\/v2\/media?parent=111848"}],"wp:term":[{"taxonomy":"category","embeddable":true,"href":"https:\/\/rdnews.al\/index.php\/wp-json\/wp\/v2\/categories?post=111848"},{"taxonomy":"post_tag","embeddable":true,"href":"https:\/\/rdnews.al\/index.php\/wp-json\/wp\/v2\/tags?post=111848"}],"curies":[{"name":"wp","href":"https:\/\/api.w.org\/{rel}","templated":true}]}}