{"id":111855,"date":"2025-04-26T09:13:50","date_gmt":"2025-04-26T09:13:50","guid":{"rendered":"https:\/\/rdnews.al\/?p=111855"},"modified":"2025-04-26T09:13:50","modified_gmt":"2025-04-26T09:13:50","slug":"konferenca-nderkombetare-global-she-nis-me-1-minut-heshtje-ne-nder-te-papa-franceskut","status":"publish","type":"post","link":"https:\/\/rdnews.al\/index.php\/2025\/04\/26\/konferenca-nderkombetare-global-she-nis-me-1-minut-heshtje-ne-nder-te-papa-franceskut\/","title":{"rendered":"Konferenca nd\u00ebrkomb\u00ebtare \u201cGlobal She\u201d nis me 1 minut heshtje n\u00eb nder t\u00eb Papa Fran\u00e7eskut"},"content":{"rendered":"<p>Nis me nj\u00eb minut\u00eb heshtje konferenca nd\u00ebrkomb\u00ebtare e organizuar nga Lidhja Demokratike e Gruas me tem\u00eb \u201cGlobal She\u201d, n\u00eb respekt t\u00eb dit\u00ebs s\u00eb zis\u00eb komb\u00ebtare t\u00eb shpallur n\u00eb Shqip\u00ebri n\u00eb kuad\u00ebr t\u00eb ndarjes nga jera t\u00eb Papa Fran\u00e7eskut.<\/p>\n<p>N\u00eb k\u00ebt\u00eb aktivitet \u00ebsht\u00eb i pranish\u00ebm edhe lideri i Partis\u00eb Demokratike, Sali Berisha, i cili m\u00eb her\u00ebt n\u00eb fjal\u00ebn e tij theksoi se n\u00eb t\u00eb gjitha takimet e fushat\u00ebs do t\u00eb respektohen rregullat dhe etika q\u00eb k\u00ebrkon dita e zis\u00eb.<\/p>\n<p>Berisha n\u00ebnvizoi se \u00e7do aktivitet do t\u00eb nis\u00eb me nj\u00eb minut\u00eb heshtje n\u00eb nderim t\u00eb viktimave dhe do t\u00eb mungoj\u00eb muzika si shenj\u00eb respekti.\u00a0\u201cVijoj fushat\u00ebn duke respektuar plot\u00ebsisht rregullat e zis\u00eb. Dmth, p\u00ebrcaktohet q\u00eb nuk do t\u00eb ket\u00eb muzik\u00eb dhe natyrisht do t\u00eb nderohet kujtimi i shenjt\u00ebris\u00eb s\u00eb tij Papa Fran\u00e7eskut, n\u00eb \u00e7do takim me 1 minut\u00eb heshtje\u201d, tha Berisha.<\/p>\n","protected":false},"excerpt":{"rendered":"<p>Nis me nj\u00eb minut\u00eb heshtje konferenca nd\u00ebrkomb\u00ebtare e organizuar nga Lidhja Demokratike e Gruas me tem\u00eb \u201cGlobal She\u201d, n\u00eb respekt t\u00eb dit\u00ebs s\u00eb zis\u00eb komb\u00ebtare t\u00eb shpallur n\u00eb Shqip\u00ebri n\u00eb kuad\u00ebr t\u00eb ndarjes nga jera t\u00eb Papa Fran\u00e7eskut. N\u00eb k\u00ebt\u00eb aktivitet \u00ebsht\u00eb i pranish\u00ebm edhe lideri i Partis\u00eb Demokratike, Sali Berisha, i cili m\u00eb her\u00ebt &hellip;<\/p>\n","protected":false},"author":4,"featured_media":111856,"comment_status":"closed","ping_status":"closed","sticky":false,"template":"","format":"standard","meta":{"footnotes":""},"categories":[37],"tags":[],"class_list":["post-111855","post","type-post","status-publish","format-standard","has-post-thumbnail","","category-politike"],"_links":{"self":[{"href":"https:\/\/rdnews.al\/index.php\/wp-json\/wp\/v2\/posts\/111855","targetHints":{"allow":["GET"]}}],"collection":[{"href":"https:\/\/rdnews.al\/index.php\/wp-json\/wp\/v2\/posts"}],"about":[{"href":"https:\/\/rdnews.al\/index.php\/wp-json\/wp\/v2\/types\/post"}],"author":[{"embeddable":true,"href":"https:\/\/rdnews.al\/index.php\/wp-json\/wp\/v2\/users\/4"}],"replies":[{"embeddable":true,"href":"https:\/\/rdnews.al\/index.php\/wp-json\/wp\/v2\/comments?post=111855"}],"version-history":[{"count":1,"href":"https:\/\/rdnews.al\/index.php\/wp-json\/wp\/v2\/posts\/111855\/revisions"}],"predecessor-version":[{"id":111857,"href":"https:\/\/rdnews.al\/index.php\/wp-json\/wp\/v2\/posts\/111855\/revisions\/111857"}],"wp:featuredmedia":[{"embeddable":true,"href":"https:\/\/rdnews.al\/index.php\/wp-json\/wp\/v2\/media\/111856"}],"wp:attachment":[{"href":"https:\/\/rdnews.al\/index.php\/wp-json\/wp\/v2\/media?parent=111855"}],"wp:term":[{"taxonomy":"category","embeddable":true,"href":"https:\/\/rdnews.al\/index.php\/wp-json\/wp\/v2\/categories?post=111855"},{"taxonomy":"post_tag","embeddable":true,"href":"https:\/\/rdnews.al\/index.php\/wp-json\/wp\/v2\/tags?post=111855"}],"curies":[{"name":"wp","href":"https:\/\/api.w.org\/{rel}","templated":true}]}}