{"id":111864,"date":"2025-04-26T09:35:57","date_gmt":"2025-04-26T09:35:57","guid":{"rendered":"https:\/\/rdnews.al\/?p=111864"},"modified":"2025-04-26T09:35:57","modified_gmt":"2025-04-26T09:35:57","slug":"berisha-pd-do-luftoje-kunder-murit-te-patriarkise-keto-12-vite-kane-qene-me-te-veshtirat-per-grate-dhe-vajzat-shqiptare","status":"publish","type":"post","link":"https:\/\/rdnews.al\/index.php\/2025\/04\/26\/berisha-pd-do-luftoje-kunder-murit-te-patriarkise-keto-12-vite-kane-qene-me-te-veshtirat-per-grate-dhe-vajzat-shqiptare\/","title":{"rendered":"Berisha: PD do luftoj\u00eb kund\u00ebr murit t\u00eb patriarkis\u00eb! K\u00ebto 12 vite kan\u00eb qen\u00eb m\u00eb t\u00eb v\u00ebshtirat p\u00ebr grat\u00eb dhe vajzat shqiptare"},"content":{"rendered":"<p>Kryetari i PD, Sali Berisha, ishte i ftuar nderi n\u00eb konferenc\u00ebn nd\u00ebrkomb\u00ebtare \u2018Global She\u2019. Gjat\u00eb fjal\u00ebs s\u00eb tij, ai u zotua se PD do t\u00eb vazhdoj\u00eb t\u00eb luftoj\u00eb murin e patriarkis\u00eb.<\/p>\n<p>Berisha tha se 12 vitet e fundit kan\u00eb qen\u00eb shum\u00eb t\u00eb v\u00ebshtira p\u00ebr grat\u00eb dhe vajzat shqiptare, t\u00eb cilat jan\u00eb p\u00ebrballur me pasojat e narkodiktatur\u00ebs s\u00eb Edi Ram\u00ebs.<\/p>\n<p>\u201cKam shum\u00eb k\u00ebnaq\u00ebsi t\u2019u ripohoj ju n\u00eb prani t\u00eb p\u00ebrfaq\u00ebsuesve dhe miqve tan\u00eb, se objektivi nd\u00ebr m\u00eb madhor\u00ebt i PD \u00ebsht\u00eb lufta kund\u00ebr murit t\u00eb patriarkis\u00eb.<\/p>\n<p>Muri i patriarkis\u00eb p\u00ebrb\u00ebn n\u00eb bindjen time m\u00eb t\u00eb thell\u00eb dhunuesin m\u00eb kryesor t\u00eb lirive dhe t\u00eb drejtave t\u00eb njeriut n\u00eb bot\u00eb.<\/p>\n<p>N\u00eb programin ton\u00eb, q\u00eb n\u00eb themelim, ne kemi pasur prioritet dhe ritheksoj vet\u00ebm nj\u00eb moment, n\u00eb vitin 2005, p\u00ebr shkak t\u00eb k\u00ebtij muri, diferenca n\u00eb paga midis burrave dhe grave n\u00eb administrat\u00ebn shqiptare ishte 36 p\u00ebrqind.<\/p>\n<p>Me nj\u00eb projekt dhe me persistim, ne e ul\u00ebm k\u00ebt\u00eb diferenc\u00eb n\u00eb 17.8 p\u00ebrqind, pra e afruam shum\u00eb me diferenc\u00ebn mesatare n\u00eb BE.<\/p>\n<p>Zhvilluam nj\u00eb seri projektesh me t\u00eb cilat ne mb\u00ebshtesnim grat\u00eb, bizneset e tyre, pjes\u00ebmarrjen e tyre. Nuk ka nevoj\u00eb t\u2019i mb\u00ebshtes\u00ebsh n\u00eb shkolla sepse jan\u00eb superiore dhe kjo \u00ebsht\u00eb shum\u00eb e njohur.<\/p>\n<p>Nga eksperienca ime si pedagog, nga 10 student\u00eb t\u00eb shk\u00eblqyer, 8 ishin vajza.<\/p>\n<p>Por problemi \u00ebsht\u00eb se ky shk\u00eblqim, p\u00ebr shkak t\u00eb rrethanave shoq\u00ebrore, n\u00eb vend se t\u00eb zhvillohej dhe t\u00eb shpalosej plot\u00ebsisht, ndryhej, topitej dhe nuk vazhdonte si\u00e7 duhet t\u00eb vazhdonte n\u00eb vitet m\u00eb pas.<\/p>\n<p>K\u00ebshtu q\u00eb ne i rikthehemi fuqish\u00ebm me besim t\u00eb plot\u00eb se lufta p\u00ebr barazi mes burrit dhe gruas \u00ebsht\u00eb nj\u00eb luft\u00eb q\u00eb duhet t\u00eb frym\u00ebzoj\u00eb, dhe na frym\u00ebzon, \u00e7do njeri t\u00eb lir\u00eb.<\/p>\n<p>K\u00ebto 12 vite kan\u00eb qen\u00eb vitet m\u00eb t\u00eb v\u00ebshtira p\u00ebr vajzat dhe grat\u00eb, n\u00ebnat dhe motrat shqiptare, m\u00eb t\u00eb veshtira se n\u00eb \u00e7do vend tjet\u00ebr n\u00eb Europ\u00eb sepse ju u p\u00ebrball\u00ebt me pasojat direkte t\u00eb narkoshtetit, i cili solli n\u00eb votrat tona familjare dhun\u00eb, drog\u00eb, fatkeq\u00ebsira.<\/p>\n<p>Edi Rama n\u00ebse u kujtohet ju, kur erdhi n\u00eb pushtet tha se do ndalonte loj\u00ebrat e fatit se ato krijojn\u00eb shum\u00eb probleme familjare.<\/p>\n<p>Dhe e v\u00ebrteta \u00ebsht\u00eb se krijojn\u00eb.<\/p>\n<p>Ai jo q\u00eb nuk i ndaloi loj\u00ebrat e fatit, por p\u00ebrkundrazi loj\u00ebrat e fatit i shtoi n\u00eb duart e bandit\u00ebve dhe u shtoi atyre drog\u00ebn.<\/p>\n<p>Sot a mund t\u00eb imagjinoni ju nj\u00eb vend q\u00eb nuk kishte njohur kurr\u00eb n\u00eb histori kokain\u00ebn, \u00ebsht\u00eb konsumatori kryesor i kokain\u00ebs p\u00ebr frym\u00eb n\u00eb Europ\u00eb dhe kjo \u00ebsht\u00eb totalisht pasoj\u00eb e narkoshtetit.<\/p>\n<p>Albana e theksoi, n\u00eb kund\u00ebrshtim absolut me tradit\u00ebn ton\u00eb shekullore, ne regjistruam k\u00ebto 10 vite numrin m\u00eb t\u00eb lart\u00eb t\u00eb vrasjes s\u00eb grave, krimin m\u00eb t\u00eb sh\u00ebmtuar.<\/p>\n<p>P\u00ebrs\u00ebri nuk \u00ebsht\u00eb e drejt\u00eb t\u00eb lidh\u00ebsh \u00e7do gj\u00eb me kund\u00ebrshtarin politik, por kur kund\u00ebrshtari politik \u00ebsht\u00eb i njohur publikisht si mizogen, i dokumentuar si njeri i dhunsh\u00ebm ndaj grave.<\/p>\n<p>Kur kund\u00ebrshtari politik nuk thot\u00eb nj\u00eb fjal\u00eb p\u00ebr k\u00ebto qindra vrasje, makabritete, por hesht, at\u00ebher\u00eb t\u00eb pakt\u00ebn me heshtjen e tij, ai n\u00eb nj\u00eb m\u00ebnyr\u00eb ose n\u00eb nj\u00eb tjet\u00ebr favorizon k\u00ebt\u00eb klim\u00eb agresive ndaj vajzave dhe grave\u201d, u shpreh Berisha.<\/p>\n","protected":false},"excerpt":{"rendered":"<p>Kryetari i PD, Sali Berisha, ishte i ftuar nderi n\u00eb konferenc\u00ebn nd\u00ebrkomb\u00ebtare \u2018Global She\u2019. Gjat\u00eb fjal\u00ebs s\u00eb tij, ai u zotua se PD do t\u00eb vazhdoj\u00eb t\u00eb luftoj\u00eb murin e patriarkis\u00eb. Berisha tha se 12 vitet e fundit kan\u00eb qen\u00eb shum\u00eb t\u00eb v\u00ebshtira p\u00ebr grat\u00eb dhe vajzat shqiptare, t\u00eb cilat jan\u00eb p\u00ebrballur me pasojat e &hellip;<\/p>\n","protected":false},"author":4,"featured_media":111865,"comment_status":"closed","ping_status":"closed","sticky":false,"template":"","format":"standard","meta":{"footnotes":""},"categories":[37],"tags":[],"class_list":["post-111864","post","type-post","status-publish","format-standard","has-post-thumbnail","","category-politike"],"_links":{"self":[{"href":"https:\/\/rdnews.al\/index.php\/wp-json\/wp\/v2\/posts\/111864","targetHints":{"allow":["GET"]}}],"collection":[{"href":"https:\/\/rdnews.al\/index.php\/wp-json\/wp\/v2\/posts"}],"about":[{"href":"https:\/\/rdnews.al\/index.php\/wp-json\/wp\/v2\/types\/post"}],"author":[{"embeddable":true,"href":"https:\/\/rdnews.al\/index.php\/wp-json\/wp\/v2\/users\/4"}],"replies":[{"embeddable":true,"href":"https:\/\/rdnews.al\/index.php\/wp-json\/wp\/v2\/comments?post=111864"}],"version-history":[{"count":1,"href":"https:\/\/rdnews.al\/index.php\/wp-json\/wp\/v2\/posts\/111864\/revisions"}],"predecessor-version":[{"id":111866,"href":"https:\/\/rdnews.al\/index.php\/wp-json\/wp\/v2\/posts\/111864\/revisions\/111866"}],"wp:featuredmedia":[{"embeddable":true,"href":"https:\/\/rdnews.al\/index.php\/wp-json\/wp\/v2\/media\/111865"}],"wp:attachment":[{"href":"https:\/\/rdnews.al\/index.php\/wp-json\/wp\/v2\/media?parent=111864"}],"wp:term":[{"taxonomy":"category","embeddable":true,"href":"https:\/\/rdnews.al\/index.php\/wp-json\/wp\/v2\/categories?post=111864"},{"taxonomy":"post_tag","embeddable":true,"href":"https:\/\/rdnews.al\/index.php\/wp-json\/wp\/v2\/tags?post=111864"}],"curies":[{"name":"wp","href":"https:\/\/api.w.org\/{rel}","templated":true}]}}