{"id":111867,"date":"2025-04-26T09:40:26","date_gmt":"2025-04-26T09:40:26","guid":{"rendered":"https:\/\/rdnews.al\/?p=111867"},"modified":"2025-04-26T09:40:26","modified_gmt":"2025-04-26T09:40:26","slug":"berisha-ministret-e-rames-si-badigardet-e-gadafit-nuk-tregojne-dot-asnje-projekt-ne-mbeshtetje-te-grave-ne-12-vite","status":"publish","type":"post","link":"https:\/\/rdnews.al\/index.php\/2025\/04\/26\/berisha-ministret-e-rames-si-badigardet-e-gadafit-nuk-tregojne-dot-asnje-projekt-ne-mbeshtetje-te-grave-ne-12-vite\/","title":{"rendered":"Berisha: Ministret e Ram\u00ebs si badigardet e Gadafit! Nuk tregojn\u00eb dot asnj\u00eb projekt n\u00eb mb\u00ebshtetje t\u00eb grave n\u00eb 12 vite"},"content":{"rendered":"<p>Lideri i opozit\u00ebs, Sali Berisha deklaroi n\u00eb konferenc\u00ebn nd\u00ebrkomb\u00ebtare \u2018Global She\u2019 se, Edi Rama nuk ka realizuar asnj\u00eb projekt p\u00ebr grat\u00eb dhe vajzat shqiptare n\u00eb 12 vite t\u00eb qeverisjes. Ai tha se, ministret e Ram\u00ebs si badigardet e Gadafit!<\/p>\n<p>\u201cGrat\u00eb shqiptare u p\u00ebrball\u00ebn k\u00ebto 12 vite me nj\u00eb varf\u00ebri n\u00eb rritje. N\u00eb qoft\u00eb se n\u00eb vendet e tregut t\u00eb lir\u00eb, n\u00eb ligjet e tregut, varf\u00ebria shkon n\u00eb pak\u00ebsim, n\u00eb diktatura dhe narkodiktatura, varf\u00ebria ec\u00ebn gjithnj\u00eb n\u00eb rritje.<\/p>\n<p>Dhe kjo ndodhi k\u00ebto 12 vite n\u00eb Shqip\u00ebri.<\/p>\n<p>\u00c7far\u00eb ndodhi? Rrogat mbet\u00ebn t\u00eb ul\u00ebta, p\u00ebrve\u00e7 rrogave t\u00eb larta. Rrogat e larta n\u00eb Shqip\u00ebri jan\u00eb m\u00eb t\u00eb larta se n\u00eb Kroaci, se n\u00eb Slloveni. Kurse rrogat e ul\u00ebta jan\u00eb m\u00eb t\u00eb ul\u00ebtat n\u00eb Europ\u00eb. N\u00eb Shqip\u00ebri, diferenca mes rrogave t\u00eb ul\u00ebta dhe atyre t\u00eb larta \u00ebsht\u00eb 120-15 her\u00eb. Kjo nuk ndodh n\u00eb asnj\u00eb vend demokratik.<\/p>\n<p>Nuk ndodh as n\u00eb SHBA, as n\u00eb Gjermani sepse ka disa parime dhe kur vjen problemi, rrogat e ul\u00ebta jan\u00eb m\u00eb tep\u00ebr tek grat\u00eb dhe vajzat.<\/p>\n<p>K\u00ebshtu q\u00eb pozita e tyre k\u00ebto vite \u00ebsht\u00eb p\u00ebrkeq\u00ebsuar me shpejt\u00ebsi.<\/p>\n<p>\u00cbsht\u00eb p\u00ebrkeq\u00ebsuar gjendja e tyre shpirt\u00ebrore p\u00ebr faktin se ato kan\u00eb p\u00ebrcjell\u00eb jasht\u00eb, dhe vet\u00ebm p\u00ebr shkaqe ekonomike, qindra mij\u00ebra vajza, djem t\u00eb tyre.<\/p>\n<p>\u00cbsht\u00eb p\u00ebrkeq\u00ebsuar sepse ato nuk ushqejn\u00eb dot, si\u00e7 tregon UNICEF, 21 p\u00ebrqind e familjeve shqiptare nuk u japin dot tre vakte, u japin gjithsej dy vakte f\u00ebmij\u00ebve t\u00eb tyre.<\/p>\n<p>\u00cbsht\u00eb e v\u00ebrtet\u00eb se Edi Rama em\u00ebroi ministre me shumic\u00eb n\u00eb kabinetin e tij dhe ju e dini, un\u00eb u ngrita n\u00eb parlament dhe e p\u00ebrg\u00ebzova me sinqeritet.<\/p>\n<p>Por \u00e7far\u00eb mund t\u00eb them un\u00eb pas 4 vitesh?<\/p>\n<p>4 vite, n\u00eb m\u00ebnyr\u00eb absolute, nuk kan\u00eb shtruar nj\u00eb \u00e7\u00ebshtje t\u00eb vetme n\u00eb promovim, n\u00eb favor, n\u00eb mbrojtje t\u00eb grave dhe vajzave n\u00eb Shqip\u00ebri. asnj\u00eb.<\/p>\n<p>Dhe qe nj\u00eb moment, kur qeveria franceze i dha qeveris\u00eb shqiptare nj\u00eb grant 60 milion\u00eb euro t\u00ebr\u00ebsisht kushtuar mb\u00ebshtetjes s\u00eb grave. U ngrita dhe propozova q\u00eb t\u2019i shtojm\u00eb edhe ne, t\u2019i b\u00ebjm\u00eb 100 milion\u00eb dhe ky \u00ebsht\u00eb nj\u00eb shans p\u00ebr t\u00eb ndihmuar vajzat dhe grat\u00eb.<\/p>\n<p>Absolutisht jo. I trup\u00ebzuan n\u00eb buxhet dhe nuk lan\u00eb asnj\u00eb qindark\u00eb.<\/p>\n<p>Dhe t\u00eb gjith\u00eb ato zonja ishin aty dhe nuk fol\u00ebn.<\/p>\n<p>U b\u00eb e famshme ajo q\u00eb u thash\u00eb se ju silleni si badigardet e Gadafit, t\u00eb cilat i thurnin lavdi Gadafit.<\/p>\n<p>Edhe ky nj\u00eb lloj mizogeni q\u00eb nuk tregon dot 12 vite nj\u00eb program t\u00eb ve\u00e7ant\u00eb p\u00ebr mb\u00ebshtetjen e grave dhe vajzave n\u00eb Shqip\u00ebri.<\/p>\n<p>Nuk tregon nj\u00eb program p\u00ebr mb\u00ebshtetjen e n\u00ebnave kryefamiljare t\u00eb cilat jan\u00eb t\u00eb shumta sot\u201d,\u00a0tha Berisha.<\/p>\n","protected":false},"excerpt":{"rendered":"<p>Lideri i opozit\u00ebs, Sali Berisha deklaroi n\u00eb konferenc\u00ebn nd\u00ebrkomb\u00ebtare \u2018Global She\u2019 se, Edi Rama nuk ka realizuar asnj\u00eb projekt p\u00ebr grat\u00eb dhe vajzat shqiptare n\u00eb 12 vite t\u00eb qeverisjes. Ai tha se, ministret e Ram\u00ebs si badigardet e Gadafit! \u201cGrat\u00eb shqiptare u p\u00ebrball\u00ebn k\u00ebto 12 vite me nj\u00eb varf\u00ebri n\u00eb rritje. N\u00eb qoft\u00eb se n\u00eb &hellip;<\/p>\n","protected":false},"author":4,"featured_media":111868,"comment_status":"closed","ping_status":"closed","sticky":false,"template":"","format":"standard","meta":{"footnotes":""},"categories":[37],"tags":[],"class_list":["post-111867","post","type-post","status-publish","format-standard","has-post-thumbnail","","category-politike"],"_links":{"self":[{"href":"https:\/\/rdnews.al\/index.php\/wp-json\/wp\/v2\/posts\/111867","targetHints":{"allow":["GET"]}}],"collection":[{"href":"https:\/\/rdnews.al\/index.php\/wp-json\/wp\/v2\/posts"}],"about":[{"href":"https:\/\/rdnews.al\/index.php\/wp-json\/wp\/v2\/types\/post"}],"author":[{"embeddable":true,"href":"https:\/\/rdnews.al\/index.php\/wp-json\/wp\/v2\/users\/4"}],"replies":[{"embeddable":true,"href":"https:\/\/rdnews.al\/index.php\/wp-json\/wp\/v2\/comments?post=111867"}],"version-history":[{"count":1,"href":"https:\/\/rdnews.al\/index.php\/wp-json\/wp\/v2\/posts\/111867\/revisions"}],"predecessor-version":[{"id":111869,"href":"https:\/\/rdnews.al\/index.php\/wp-json\/wp\/v2\/posts\/111867\/revisions\/111869"}],"wp:featuredmedia":[{"embeddable":true,"href":"https:\/\/rdnews.al\/index.php\/wp-json\/wp\/v2\/media\/111868"}],"wp:attachment":[{"href":"https:\/\/rdnews.al\/index.php\/wp-json\/wp\/v2\/media?parent=111867"}],"wp:term":[{"taxonomy":"category","embeddable":true,"href":"https:\/\/rdnews.al\/index.php\/wp-json\/wp\/v2\/categories?post=111867"},{"taxonomy":"post_tag","embeddable":true,"href":"https:\/\/rdnews.al\/index.php\/wp-json\/wp\/v2\/tags?post=111867"}],"curies":[{"name":"wp","href":"https:\/\/api.w.org\/{rel}","templated":true}]}}