{"id":111879,"date":"2025-04-26T10:30:42","date_gmt":"2025-04-26T10:30:42","guid":{"rendered":"https:\/\/rdnews.al\/?p=111879"},"modified":"2025-04-26T10:48:50","modified_gmt":"2025-04-26T10:48:50","slug":"brook-shqiperia-nuk-do-te-jete-pjese-e-be-ne-2030-sepse-rama-e-ka-kthyer-ne-nje-narko-shtet","status":"publish","type":"post","link":"https:\/\/rdnews.al\/index.php\/2025\/04\/26\/brook-shqiperia-nuk-do-te-jete-pjese-e-be-ne-2030-sepse-rama-e-ka-kthyer-ne-nje-narko-shtet\/","title":{"rendered":"Elmar Brook: Ndryshimi n\u00eb Shqip\u00ebri \u00ebsht\u00eb i domosdosh\u00ebm, Rama e ktheu vendin n\u00eb narkoshtet!"},"content":{"rendered":"<p>Z\u00ebvend\u00ebspresidenti i CDI, Elmar Brook, n\u00eb konferenc\u00ebn nd\u00ebrkomb\u00ebtare t\u00eb organizuar nga LDK me tem\u00eb \u201cGlobal She\u201d, theksoi se Shqip\u00ebria nuk do t\u00eb jet\u00eb pjes\u00eb e BE n\u00eb vitin 2030, p\u00ebr arsye se Edi Rama e ka kthyer Shqip\u00ebrin\u00eb n\u00eb nj\u00eb narko-shtet.<\/p>\n<p>Brook tha se socialist\u00ebt n\u00eb Gjermani e marrin pushtetin vet\u00ebm p\u00ebr t\u00eb rr\u00ebzuar shtetin, kurse sipas tij, konservator\u00ebt rrisin ekonomin\u00eb.<\/p>\n<p>\u201cPlot gra t\u00eb cilat i njoh prej vitesh tregojn\u00eb se ky vend ka gra t\u00eb forta: Albana, Jozefina, Jorida.<br \/>\nUn\u00eb ju inkurajoj q\u00eb t\u00eb modernizoni vendin tuaj, dhe besoj fort se me rikthimin e z. Berisha n\u00eb krye, ai do t\u2019ju jap\u00eb s\u00ebrish mund\u00ebsin\u00eb q\u00eb t\u00eb sillni ndryshimin dhe reformat e nevojshme p\u00ebr t\u00eb drejtat e barabarta.<\/p>\n<p>Ne kemi nevoj\u00eb p\u00ebr m\u00eb shum\u00eb gra n\u00eb politik\u00eb, sepse vet\u00ebm at\u00ebher\u00eb mund t\u00eb arrijm\u00eb ekuilibrin e duhur. Ne kemi nevoj\u00eb p\u00ebr nj\u00eb politik\u00eb t\u00eb jashtme m\u00eb fem\u00ebrore, sepse sot, kur grat\u00eb mungojn\u00eb n\u00eb politik\u00ebn e jashtme, mungon edhe ndjeshm\u00ebria, p\u00ebrfshirja dhe vizioni afatgjat\u00eb. Grat\u00eb duhet t\u00eb p\u00ebrfshihen m\u00eb shum\u00eb, sepse historikisht nuk kan\u00eb pasur hap\u00ebsir\u00ebn q\u00eb meritojn\u00eb.<\/p>\n<p>Gjithashtu, besoj fort q\u00eb grat\u00eb nuk duhet t\u00eb shihen vet\u00ebm si mb\u00ebshtetje klasike e familjes, por duhet t\u00eb synojn\u00eb edhe majat e shoq\u00ebris\u00eb. Ato duhet t\u00eb jen\u00eb ministre t\u00eb teknologjis\u00eb, t\u00eb ekonomis\u00eb, t\u00eb udh\u00ebheqin sektor\u00ebt m\u00eb t\u00eb r\u00ebnd\u00ebsish\u00ebm t\u00eb zhvillimit. Kam bindjen se n\u00eb qeverin\u00eb e re, ministrja e Ekonomis\u00eb dhe ministrja e Teknologjis\u00eb do t\u00eb jen\u00eb gra, dhe kjo \u00ebsht\u00eb rruga e duhur p\u00ebrpara: jo thjesht t\u00eb lavd\u00ebrojm\u00eb grat\u00eb me fjal\u00eb, por t\u2019u japim p\u00ebrgjegj\u00ebsi t\u00eb v\u00ebrteta, poste t\u00eb larta drejtuese.<\/p>\n<p>N\u00eb vendin tim, p\u00ebr 16 vjet, kemi pasur nj\u00eb grua si kancelare, Angela Merkel. Ajo u p\u00ebrball me sfida, pengesa dhe kriza, por gjithashtu solli edhe suksese dhe rezultate konkrete. Europa dhe Gjermania ndodhen sot n\u00eb sfida t\u00eb m\u00ebdha, por askush nuk mund t\u00eb mohoj\u00eb rolin e saj t\u00eb r\u00ebnd\u00ebsish\u00ebm n\u00eb mbrojtjen e institucioneve dhe stabilitetit ekonomik n\u00eb koh\u00eb t\u00eb v\u00ebshtira.<br \/>\nAngela Merkel tregoi se grat\u00eb mund t\u00eb drejtojn\u00eb me sukses n\u00eb \u00e7do nivel.<\/p>\n<p>Sot, pik\u00ebrisht n\u00eb k\u00ebt\u00eb dit\u00eb t\u00eb ve\u00e7ant\u00eb, jemi edhe n\u00eb dit\u00ebn e funeralit t\u00eb Papa Fran\u00e7eskut. Kam pasur privilegjin ta takoj dy her\u00eb dhe mund t\u00eb them me bindje q\u00eb ne kemi nevoj\u00eb p\u00ebr nj\u00eb shoq\u00ebri q\u00eb frym\u00ebzohet nga vlerat p\u00ebr t\u00eb cilat ai punoi: drejt\u00ebsi, solidaritet dhe kujdes p\u00ebr t\u00eb dob\u00ebtit, dhe jo vet\u00ebm p\u00ebr t\u2019u marr\u00eb me problematikat ekonomike.<\/p>\n<p>Ne duhet t\u00eb nd\u00ebrtojm\u00eb nj\u00eb shoq\u00ebri t\u00eb drejt\u00eb, ku secili ka vendin e tij, por ku t\u00eb gjith\u00eb kan\u00eb mund\u00ebsin\u00eb t\u00eb kontribuojn\u00eb n\u00eb m\u00ebnyr\u00eb t\u00eb barabart\u00eb. Vet\u00ebm n\u00ebse shoq\u00ebria ka ndjeshm\u00ebri p\u00ebr drejt\u00ebsin\u00eb sociale, mund t\u00eb zgjidhim problemet tona.<\/p>\n<p>Ne mund t\u00eb jemi m\u00eb t\u00eb suksessh\u00ebm se socialist\u00ebt, sepse njohim instrumentet e duhura ekonomike. N\u00eb Gjermani, gjithmon\u00eb kur socialist\u00ebt kan\u00eb d\u00ebshtuar, njer\u00ebzit i jan\u00eb kthyer konservator\u00ebve dhe demokristian\u00ebve p\u00ebr t\u00eb rritur ekonomin\u00eb, dhe k\u00ebshtu ndodhi edhe pas tre vitesh krizash t\u00eb r\u00ebnda.<\/p>\n<p>Suksesi ekonomik \u00ebsht\u00eb themeli i nj\u00eb jete m\u00eb t\u00eb mir\u00eb. Ai sigurohet vet\u00ebm kur politika fokusohet te zhvillimi real dhe i q\u00ebndruesh\u00ebm.<\/p>\n<p>Prandaj besoj fort se grat\u00eb e Partis\u00eb Demokratike, n\u00eb familjen ton\u00eb politike, mund t\u00eb sjellin ekuilibrin e duhur dhe ta udh\u00ebheqin k\u00ebt\u00eb ndryshim.<\/p>\n<p>Jam i bindur q\u00eb do t\u00eb dilni me sukses.<\/p>\n<p>M\u00eb lejoni t\u00eb shtoj edhe di\u00e7ka tjet\u00ebr: gjat\u00eb k\u00ebtyre dit\u00ebve kam d\u00ebgjuar deklaratat e Edi Ram\u00ebs, i cili thot\u00eb se do ta \u00e7oj\u00eb Shqip\u00ebrin\u00eb n\u00eb Europ\u00eb.<\/p>\n<p>Por ai ka harruar premtimet q\u00eb u ka dh\u00ebn\u00eb qytetar\u00ebve. Shqip\u00ebria nuk ka p\u00ebrmbushur kushtet p\u00ebr an\u00ebtar\u00ebsim n\u00eb Bashkimin Europian, dhe me politikat e nj\u00eb narkoshteti, jam e sigurt q\u00eb n\u00eb vitin 2030 Shqip\u00ebria nuk do t\u00eb jet\u00eb an\u00ebtare e BE-s\u00eb.<\/p>\n<p>Ndryshimi \u00ebsht\u00eb i domosdosh\u00ebm: n\u00eb Shqip\u00ebri, n\u00eb Europ\u00eb, n\u00eb Partin\u00eb ton\u00eb. Si demokristiane, si pjes\u00eb e Partis\u00eb Popullore Europiane, besoj se ndryshimi \u00ebsht\u00eb i mundur.<\/p>\n<p>Sot kemi n\u00eb BE tre pozicione kryesore t\u00eb ndara k\u00ebshtu: kreu i K\u00ebshillit Europian \u00ebsht\u00eb nj\u00eb socialist burr\u00eb, por presidentja e Komisionit Europian, Ursula von der Leyen, \u00ebsht\u00eb nj\u00eb grua nga PPE-ja, dhe gjithashtu kryetarja e Parlamentit Europian, Roberta Metsola, \u00ebsht\u00eb nj\u00eb tjet\u00ebr grua nga PPE-ja.<\/p>\n<p>Kjo tregon q\u00eb jemi nj\u00eb parti moderne q\u00eb nuk i mb\u00ebshtet vet\u00ebm me fjal\u00eb grat\u00eb, por edhe me vepra\u201d, tha Brook.<\/p>\n","protected":false},"excerpt":{"rendered":"<p>Z\u00ebvend\u00ebspresidenti i CDI, Elmar Brook, n\u00eb konferenc\u00ebn nd\u00ebrkomb\u00ebtare t\u00eb organizuar nga LDK me tem\u00eb \u201cGlobal She\u201d, theksoi se Shqip\u00ebria nuk do t\u00eb jet\u00eb pjes\u00eb e BE n\u00eb vitin 2030, p\u00ebr arsye se Edi Rama e ka kthyer Shqip\u00ebrin\u00eb n\u00eb nj\u00eb narko-shtet. Brook tha se socialist\u00ebt n\u00eb Gjermani e marrin pushtetin vet\u00ebm p\u00ebr t\u00eb rr\u00ebzuar shtetin, &hellip;<\/p>\n","protected":false},"author":4,"featured_media":111882,"comment_status":"closed","ping_status":"closed","sticky":false,"template":"","format":"standard","meta":{"footnotes":""},"categories":[37],"tags":[],"class_list":["post-111879","post","type-post","status-publish","format-standard","has-post-thumbnail","","category-politike"],"_links":{"self":[{"href":"https:\/\/rdnews.al\/index.php\/wp-json\/wp\/v2\/posts\/111879","targetHints":{"allow":["GET"]}}],"collection":[{"href":"https:\/\/rdnews.al\/index.php\/wp-json\/wp\/v2\/posts"}],"about":[{"href":"https:\/\/rdnews.al\/index.php\/wp-json\/wp\/v2\/types\/post"}],"author":[{"embeddable":true,"href":"https:\/\/rdnews.al\/index.php\/wp-json\/wp\/v2\/users\/4"}],"replies":[{"embeddable":true,"href":"https:\/\/rdnews.al\/index.php\/wp-json\/wp\/v2\/comments?post=111879"}],"version-history":[{"count":3,"href":"https:\/\/rdnews.al\/index.php\/wp-json\/wp\/v2\/posts\/111879\/revisions"}],"predecessor-version":[{"id":111885,"href":"https:\/\/rdnews.al\/index.php\/wp-json\/wp\/v2\/posts\/111879\/revisions\/111885"}],"wp:featuredmedia":[{"embeddable":true,"href":"https:\/\/rdnews.al\/index.php\/wp-json\/wp\/v2\/media\/111882"}],"wp:attachment":[{"href":"https:\/\/rdnews.al\/index.php\/wp-json\/wp\/v2\/media?parent=111879"}],"wp:term":[{"taxonomy":"category","embeddable":true,"href":"https:\/\/rdnews.al\/index.php\/wp-json\/wp\/v2\/categories?post=111879"},{"taxonomy":"post_tag","embeddable":true,"href":"https:\/\/rdnews.al\/index.php\/wp-json\/wp\/v2\/tags?post=111879"}],"curies":[{"name":"wp","href":"https:\/\/api.w.org\/{rel}","templated":true}]}}