{"id":111891,"date":"2025-04-26T11:10:47","date_gmt":"2025-04-26T11:10:47","guid":{"rendered":"https:\/\/rdnews.al\/?p=111891"},"modified":"2025-04-26T11:11:10","modified_gmt":"2025-04-26T11:11:10","slug":"mary-ponte-ashtu-sic-luftojme-per-venezuelen-duhet-te-luftojme-edhe-per-shqiperine-dhe-per-cdo-vend-qe-perballet-me-regjime-te-ngjashme","status":"publish","type":"post","link":"https:\/\/rdnews.al\/index.php\/2025\/04\/26\/mary-ponte-ashtu-sic-luftojme-per-venezuelen-duhet-te-luftojme-edhe-per-shqiperine-dhe-per-cdo-vend-qe-perballet-me-regjime-te-ngjashme\/","title":{"rendered":"Mary Ponte: Ashtu si\u00e7 luftojm\u00eb p\u00ebr Venezuel\u00ebn, t\u00eb luftojm\u00eb edhe p\u00ebr Shqip\u00ebrin\u00eb dhe p\u00ebr \u00e7do vend q\u00eb p\u00ebrballet me regjime t\u00eb ngjashme"},"content":{"rendered":"<p><strong>Fjala e politikanes nga Venezuela, Mary Ponte<\/strong><\/p>\n<p>S\u00eb pari, dua t\u00eb fal\u00ebnderoj organizator\u00ebt dhe t\u00eb gjith\u00eb ju k\u00ebtu n\u00eb Shqip\u00ebri q\u00eb m\u00eb ftuat p\u00ebr t\u00eb ndar\u00eb p\u00ebrvoj\u00ebn time.<br \/>\nUn\u00eb jam nga Venezuela dhe aktualisht jetoj n\u00eb m\u00ebrgim, n\u00eb ekzil n\u00eb Spanj\u00eb.<br \/>\nDua t\u00eb flas p\u00ebr lirin\u00eb. N\u00eb Venezuel\u00eb kemi tashm\u00eb 26 vjet n\u00ebn nj\u00eb regjim q\u00eb erdhi n\u00eb pushtet p\u00ebrmes vot\u00ebs, por q\u00eb nga viti 1999 e deri m\u00eb sot ka manipuluar zgjedhjet p\u00ebr t\u00eb q\u00ebndruar n\u00eb pushtet.<br \/>\nGjat\u00eb k\u00ebtyre 26 viteve, ky regjim ka shkat\u00ebrruar vendin, ekonomin\u00eb, institucionet; ka rritur korrupsionin, pasigurin\u00eb, trafikimin e drog\u00ebs dhe ka p\u00ebrndjekur drejtuesit e opozit\u00ebs.<br \/>\nP\u00ebr k\u00ebt\u00eb arsye, shum\u00eb prej nesh jemi larguar nga vendi, jo vet\u00ebm drejtuesit e opozit\u00ebs, por edhe qytetar\u00ebt e thjesht\u00eb. Sot, jemi gati 9 milion\u00eb venezuelan\u00eb t\u00eb shp\u00ebrndar\u00eb n\u00eb t\u00eb gjith\u00eb bot\u00ebn.<br \/>\nAta jan\u00eb b\u00ebr\u00eb ekspert\u00eb n\u00eb krijimin e frik\u00ebs tek popullata: i detyrojn\u00eb njer\u00ebzit t\u00eb mendojn\u00eb dhe t\u00eb votojn\u00eb sipas d\u00ebshir\u00ebs s\u00eb tyre, duke i k\u00ebrc\u00ebnuar se do p\u00ebrfundojn\u00eb n\u00eb burg edhe p\u00ebr nj\u00eb postim n\u00eb rrjetet sociale.<br \/>\nFrika \u00ebsht\u00eb e p\u00ebrhapur thell\u00eb mes venezuelan\u00ebve.<br \/>\nPrandaj dua t\u00eb flas p\u00ebr lirin\u00eb.<br \/>\nSi gra, barazia \u00ebsht\u00eb shum\u00eb e r\u00ebnd\u00ebsishme p\u00ebr ne. Kemi punuar nd\u00ebr vite p\u00ebr t\u00eb fituar shanse t\u00eb barabarta.<br \/>\nSi politikane nga Venezuela, mund t\u00eb them se duhet t\u2019i japim r\u00ebnd\u00ebsin\u00eb e duhur liris\u00eb n\u00eb \u00e7do aspekt. Liris\u00eb s\u00eb individit, para s\u00eb gjithash.<br \/>\nPa liri, nuk mund t\u00eb ket\u00eb barazi, solidaritet, drejt\u00ebsi apo asnj\u00eb vler\u00eb tjet\u00ebr thelb\u00ebsore p\u00ebr jet\u00ebn.<br \/>\nFuqizimi i v\u00ebrtet\u00eb nuk vjen nga kontrolli i shtetit apo nga imponimi, por nga nj\u00eb shoq\u00ebri e hapur, ku \u00e7do grua ka mund\u00ebsin\u00eb, p\u00ebrmes p\u00ebrpjekjeve t\u00eb saj, t\u00eb arrij\u00eb potencialin e saj t\u00eb plot\u00eb.<br \/>\nKjo mund t\u00eb arrihet vet\u00ebm n\u00ebse ke lirin\u00eb t\u00eb zgjedh\u00ebsh at\u00eb q\u00eb d\u00ebshiron t\u00eb b\u00ebsh.<br \/>\nGrat\u00eb nuk kan\u00eb nevoj\u00eb p\u00ebr bamir\u00ebsi; grat\u00eb kan\u00eb nevoj\u00eb p\u00ebr lirin\u00eb p\u00ebr t\u00eb konkurruar.<br \/>\nUn\u00eb jam sot k\u00ebtu p\u00ebr t\u2019ju ftuar t\u00eb luftoni p\u00ebr lirin\u00eb tuaj, t\u00eb punoni p\u00ebr t\u00eb dhe t\u00eb mos dor\u00ebzoheni kurr\u00eb.<br \/>\nNe n\u00eb Venezuel\u00eb kemi 26 vite q\u00eb e b\u00ebjm\u00eb k\u00ebt\u00eb luft\u00eb dhe vazhdojm\u00eb t\u00eb q\u00ebndrojm\u00eb.<br \/>\nAshtu si\u00e7 luftojm\u00eb p\u00ebr Venezuel\u00ebn, duhet t\u00eb luftojm\u00eb edhe p\u00ebr Shqip\u00ebrin\u00eb, dhe p\u00ebr \u00e7do vend tjet\u00ebr q\u00eb p\u00ebrballet me regjime t\u00eb ngjashme.<br \/>\nNe, si gra, mund t\u00eb tregojm\u00eb se si luftohet p\u00ebr t\u00eb drejtat tona dhe p\u00ebr drejt\u00ebsin\u00eb.<\/p>\n<p>&nbsp;<\/p>\n","protected":false},"excerpt":{"rendered":"<p>Fjala e politikanes nga Venezuela, Mary Ponte S\u00eb pari, dua t\u00eb fal\u00ebnderoj organizator\u00ebt dhe t\u00eb gjith\u00eb ju k\u00ebtu n\u00eb Shqip\u00ebri q\u00eb m\u00eb ftuat p\u00ebr t\u00eb ndar\u00eb p\u00ebrvoj\u00ebn time. Un\u00eb jam nga Venezuela dhe aktualisht jetoj n\u00eb m\u00ebrgim, n\u00eb ekzil n\u00eb Spanj\u00eb. Dua t\u00eb flas p\u00ebr lirin\u00eb. N\u00eb Venezuel\u00eb kemi tashm\u00eb 26 vjet n\u00ebn nj\u00eb regjim &hellip;<\/p>\n","protected":false},"author":4,"featured_media":111892,"comment_status":"closed","ping_status":"closed","sticky":false,"template":"","format":"standard","meta":{"footnotes":""},"categories":[37],"tags":[],"class_list":["post-111891","post","type-post","status-publish","format-standard","has-post-thumbnail","","category-politike"],"_links":{"self":[{"href":"https:\/\/rdnews.al\/index.php\/wp-json\/wp\/v2\/posts\/111891","targetHints":{"allow":["GET"]}}],"collection":[{"href":"https:\/\/rdnews.al\/index.php\/wp-json\/wp\/v2\/posts"}],"about":[{"href":"https:\/\/rdnews.al\/index.php\/wp-json\/wp\/v2\/types\/post"}],"author":[{"embeddable":true,"href":"https:\/\/rdnews.al\/index.php\/wp-json\/wp\/v2\/users\/4"}],"replies":[{"embeddable":true,"href":"https:\/\/rdnews.al\/index.php\/wp-json\/wp\/v2\/comments?post=111891"}],"version-history":[{"count":2,"href":"https:\/\/rdnews.al\/index.php\/wp-json\/wp\/v2\/posts\/111891\/revisions"}],"predecessor-version":[{"id":111894,"href":"https:\/\/rdnews.al\/index.php\/wp-json\/wp\/v2\/posts\/111891\/revisions\/111894"}],"wp:featuredmedia":[{"embeddable":true,"href":"https:\/\/rdnews.al\/index.php\/wp-json\/wp\/v2\/media\/111892"}],"wp:attachment":[{"href":"https:\/\/rdnews.al\/index.php\/wp-json\/wp\/v2\/media?parent=111891"}],"wp:term":[{"taxonomy":"category","embeddable":true,"href":"https:\/\/rdnews.al\/index.php\/wp-json\/wp\/v2\/categories?post=111891"},{"taxonomy":"post_tag","embeddable":true,"href":"https:\/\/rdnews.al\/index.php\/wp-json\/wp\/v2\/tags?post=111891"}],"curies":[{"name":"wp","href":"https:\/\/api.w.org\/{rel}","templated":true}]}}