{"id":111895,"date":"2025-04-26T11:15:16","date_gmt":"2025-04-26T11:15:16","guid":{"rendered":"https:\/\/rdnews.al\/?p=111895"},"modified":"2025-04-26T11:20:16","modified_gmt":"2025-04-26T11:20:16","slug":"angelica-lang-burrat-kane-nje-pergjegjesi-te-vecante-qe-te-mbeshtesin-grate-te-jene-aleate-te-vertete-ne-procesin-politik","status":"publish","type":"post","link":"https:\/\/rdnews.al\/index.php\/2025\/04\/26\/angelica-lang-burrat-kane-nje-pergjegjesi-te-vecante-qe-te-mbeshtesin-grate-te-jene-aleate-te-vertete-ne-procesin-politik\/","title":{"rendered":"Angelica Lang: Burrat kan\u00eb p\u00ebrgjegj\u00ebsi t\u00eb ve\u00e7ant\u00eb q\u00eb t\u00eb mb\u00ebshtesin grat\u00eb t\u00eb jen\u00eb aleate t\u00eb v\u00ebrteta n\u00eb procesin politik"},"content":{"rendered":"<p><strong>Fjala e Angelica Lang, Avokate e Popullit n\u00eb Suedi<\/strong><\/p>\n<p>P\u00ebrsh\u00ebndetje t\u00eb gjith\u00ebve!<\/p>\n<p>Do t\u00eb doja t\u00eb ndaja disa mendime p\u00ebr kultur\u00ebn dhe inkurajimin. Kur u p\u00ebrfshiva n\u00eb politik\u00eb, nuk dija shum\u00eb. M\u00eb von\u00eb kuptova se politika ndodhet kudo, n\u00eb \u00e7do aspekt t\u00eb jet\u00ebs son\u00eb t\u00eb p\u00ebrditshme. N\u00eb m\u00ebnyr\u00ebn se si sistemi na trajton \u00e7do dit\u00eb, n\u00eb m\u00ebnyr\u00ebn si funksionon shkolla p\u00ebr f\u00ebmij\u00ebt tan\u00eb.<\/p>\n<p>Ndonj\u00ebher\u00eb nuk kemi nevoj\u00eb vet\u00ebm p\u00ebr ndryshime politikash, por p\u00ebr nj\u00eb zhvendosje t\u00eb v\u00ebrtet\u00eb t\u00eb m\u00ebnyr\u00ebs si mendojm\u00eb dhe veprojm\u00eb.<\/p>\n<p>Kryetarja e partis\u00eb son\u00eb, Eva Bush, e cila \u00ebsht\u00eb gjithashtu Kryeministrja e Suedis\u00eb, \u00ebsht\u00eb n\u00ebn\u00eb e vetme e dy f\u00ebmij\u00ebve. Ajo flet shpesh p\u00ebr r\u00ebnd\u00ebsin\u00eb e b\u00ebrjes m\u00eb t\u00eb leht\u00eb t\u00eb jet\u00ebs p\u00ebr prind\u00ebrit, ve\u00e7an\u00ebrisht p\u00ebr n\u00ebnat, q\u00eb t\u00eb mund t\u00eb kombinojn\u00eb jet\u00ebn familjare me angazhimin politik.<\/p>\n<p>Politika nuk \u00ebsht\u00eb di\u00e7ka statike. Kur dikush flet n\u00eb politik\u00eb, \u00ebsht\u00eb thelb\u00ebsore t\u00eb p\u00ebrmend\u00eb ato \u00e7\u00ebshtje q\u00eb jan\u00eb me t\u00eb v\u00ebrtet\u00eb t\u00eb r\u00ebnd\u00ebsishme. Fjal\u00ebt tona duhet t\u00eb tregojn\u00eb kujdesin ton\u00eb, dhe ato fjal\u00eb duhet t\u00eb kthehen n\u00eb vepra konkrete.<\/p>\n<p>Dhe di\u00e7ka e fundit q\u00eb dua t\u00eb theksoj:<br \/>\nMua m\u00eb kan\u00eb inkurajuar jo vet\u00ebm grat\u00eb, por edhe burrat, p\u00ebr t\u00eb hyr\u00eb dhe q\u00ebndruar n\u00eb hap\u00ebsir\u00ebn politike. Nuk \u00ebsht\u00eb vet\u00ebm detyra e grave p\u00ebr t\u00eb avancuar nj\u00ebra-tjetr\u00ebn, \u00ebsht\u00eb p\u00ebrgjegj\u00ebsi e t\u00eb gjith\u00ebve.<\/p>\n<p>Dhe m\u00eb lejoni t\u00eb them: burrat kan\u00eb nj\u00eb p\u00ebrgjegj\u00ebsi t\u00eb ve\u00e7ant\u00eb q\u00eb t\u00eb mb\u00ebshtesin grat\u00eb, t\u2019u hapin rrug\u00eb atyre dhe t\u00eb jen\u00eb aleat\u00eb t\u00eb v\u00ebrtet\u00eb n\u00eb k\u00ebt\u00eb proces.<\/p>\n<p>Prandaj, ne t\u00eb gjith\u00eb duhet t\u00eb shohim se si mund t\u00eb inkurajojm\u00eb dhe mb\u00ebshtesim nj\u00ebri-tjetrin, n\u00eb m\u00ebnyr\u00eb q\u00eb politika t\u00eb b\u00ebhet jo vet\u00ebm kuptimplote, por edhe e g\u00ebzueshme dhe, n\u00eb fund t\u00eb fundit, e suksesshme.<\/p>\n","protected":false},"excerpt":{"rendered":"<p>Fjala e Angelica Lang, Avokate e Popullit n\u00eb Suedi P\u00ebrsh\u00ebndetje t\u00eb gjith\u00ebve! Do t\u00eb doja t\u00eb ndaja disa mendime p\u00ebr kultur\u00ebn dhe inkurajimin. Kur u p\u00ebrfshiva n\u00eb politik\u00eb, nuk dija shum\u00eb. M\u00eb von\u00eb kuptova se politika ndodhet kudo, n\u00eb \u00e7do aspekt t\u00eb jet\u00ebs son\u00eb t\u00eb p\u00ebrditshme. N\u00eb m\u00ebnyr\u00ebn se si sistemi na trajton \u00e7do dit\u00eb, &hellip;<\/p>\n","protected":false},"author":4,"featured_media":111896,"comment_status":"closed","ping_status":"closed","sticky":false,"template":"","format":"standard","meta":{"footnotes":""},"categories":[37],"tags":[],"class_list":["post-111895","post","type-post","status-publish","format-standard","has-post-thumbnail","","category-politike"],"_links":{"self":[{"href":"https:\/\/rdnews.al\/index.php\/wp-json\/wp\/v2\/posts\/111895","targetHints":{"allow":["GET"]}}],"collection":[{"href":"https:\/\/rdnews.al\/index.php\/wp-json\/wp\/v2\/posts"}],"about":[{"href":"https:\/\/rdnews.al\/index.php\/wp-json\/wp\/v2\/types\/post"}],"author":[{"embeddable":true,"href":"https:\/\/rdnews.al\/index.php\/wp-json\/wp\/v2\/users\/4"}],"replies":[{"embeddable":true,"href":"https:\/\/rdnews.al\/index.php\/wp-json\/wp\/v2\/comments?post=111895"}],"version-history":[{"count":3,"href":"https:\/\/rdnews.al\/index.php\/wp-json\/wp\/v2\/posts\/111895\/revisions"}],"predecessor-version":[{"id":111899,"href":"https:\/\/rdnews.al\/index.php\/wp-json\/wp\/v2\/posts\/111895\/revisions\/111899"}],"wp:featuredmedia":[{"embeddable":true,"href":"https:\/\/rdnews.al\/index.php\/wp-json\/wp\/v2\/media\/111896"}],"wp:attachment":[{"href":"https:\/\/rdnews.al\/index.php\/wp-json\/wp\/v2\/media?parent=111895"}],"wp:term":[{"taxonomy":"category","embeddable":true,"href":"https:\/\/rdnews.al\/index.php\/wp-json\/wp\/v2\/categories?post=111895"},{"taxonomy":"post_tag","embeddable":true,"href":"https:\/\/rdnews.al\/index.php\/wp-json\/wp\/v2\/tags?post=111895"}],"curies":[{"name":"wp","href":"https:\/\/api.w.org\/{rel}","templated":true}]}}