{"id":111911,"date":"2025-04-26T11:51:57","date_gmt":"2025-04-26T11:51:57","guid":{"rendered":"https:\/\/rdnews.al\/?p=111911"},"modified":"2025-04-26T11:51:57","modified_gmt":"2025-04-26T11:51:57","slug":"berisha-rama-e-ka-ndjere-fundin-prandaj-nuk-takon-asnje-gazetar-dhe-refuzon-debatin-ai-vjedh-edhe-pensionet-e-shqiptareve","status":"publish","type":"post","link":"https:\/\/rdnews.al\/index.php\/2025\/04\/26\/berisha-rama-e-ka-ndjere-fundin-prandaj-nuk-takon-asnje-gazetar-dhe-refuzon-debatin-ai-vjedh-edhe-pensionet-e-shqiptareve\/","title":{"rendered":"Berisha: Rama e ka ndjer\u00eb fundin, prandaj nuk takon asnj\u00eb gazetar dhe refuzon debatin! Ai vjedh edhe pensionet e shqiptar\u00ebve!"},"content":{"rendered":"<p>Kryetari i Partis\u00eb Demokratike, Sali Berisha, deklaroi nga Lapraka se, Edi Rama ka ndjer\u00eb fundin e tij politik dhe nuk guxon t\u00eb p\u00ebrballet me qytetar\u00ebt. Ai e akuzoi kryeministrin se ka ndaluar ballafaqimet mes kandidat\u00ebve p\u00ebr t\u00eb fshehur skandalet e qeveris\u00eb.<br \/>\nBerisha prezantoi programin e PD-s\u00eb, q\u00eb synon zhdukjen e varf\u00ebris\u00eb s\u00eb skajshme brenda 100 dit\u00ebve dhe rritjen e pag\u00ebs minimale n\u00eb 500 euro. Ai denoncoi situat\u00ebn katastrofale t\u00eb sh\u00ebndet\u00ebsis\u00eb, duke akuzuar qeverin\u00eb p\u00ebr vjedhje t\u00eb taksave dhe p\u00ebr l\u00ebnien e qytetar\u00ebve n\u00eb m\u00ebshir\u00eb t\u00eb sektorit privat. Sipas tij, Rama p\u00ebrdor buxhetin publik p\u00ebr luks dhe udh\u00ebtime, duke l\u00ebn\u00eb pensionist\u00ebt n\u00eb varf\u00ebri ekstreme.<br \/>\n\u201cMiq, Edi Rama e ka ndjer\u00eb fundin. Ka dy muaj q\u00eb nuk guxon t\u00eb takoj\u00eb nj\u00eb gazetar, jo m\u00eb qytetar\u00eb, sepse nuk p\u00ebrgjigjet p\u00ebr asnj\u00eb nga aferat e tij t\u00eb m\u00ebdha.<br \/>\nKa dy muaj q\u00eb ka ndaluar me urdh\u00ebr kandidat\u00ebt e tij t\u00eb ballafaqohen me kandidat\u00ebt tan\u00eb, sepse nuk do q\u00eb ju t\u00eb merrni vesh t\u00eb v\u00ebrtetat, sepse e di se ata nuk dalin dot, se kur t\u00eb dalin nga studiot, do dalin me fytyr\u00eb t\u00eb nxir\u00eb nga aferat e Edi Ram\u00ebs dhe qeveritar\u00ebve t\u00eb tjer\u00eb.<br \/>\nE kam ftuar, prap\u00eb k\u00ebtu e ftoj, t\u00eb vijm\u00eb ja n\u00eb k\u00ebt\u00eb sken\u00eb dhe t\u00eb b\u00ebjm\u00eb debat para jush, t\u2019i marr\u00eb t\u00eb gjith\u00eb socialist\u00ebt e lagjes t\u2019i sjell k\u00ebtu, un\u00eb i pranoj, i respektoj ata, por ai nuk ka besim as tek socialist\u00ebt.<br \/>\nNuk ka besim se k\u00ebsaj here e kuptuan edhe ata se nuk ka program. Programi i tij \u00ebsht\u00eb k\u00ebneta, \u00ebsht\u00eb tallavaja, \u00ebsht\u00eb banaliteti, \u00ebsht\u00eb mashtrimi.<br \/>\nMiqt\u00eb e mi, programi i PD dhe Aleanc\u00ebs p\u00ebr Shqip\u00ebrin\u00eb Madh\u00ebshtore \u00ebsht\u00eb programi i zhdukjes s\u00eb varf\u00ebris\u00eb s\u00eb skajme brenda 100 dit\u00ebve.<br \/>\n\u00c7do shqiptar, \u00e7do pensionist, \u00e7do i papun\u00eb, \u00e7do person n\u00eb ndihm\u00eb ekonomike, \u00e7do student me burs\u00eb, \u00e7do f\u00ebmij\u00eb me nj\u00eb prind, do ken\u00eb minimumin jetik 200 euro.<br \/>\nRroga minimale n\u00eb Shqip\u00ebri rritet n\u00eb 500 euro.<br \/>\nQeveria do u jap\u00eb qytetar\u00ebve rrog\u00ebul\u00ebt dhe me pensione kart\u00ebn e konsumatorit. Ata do i marrin ushqimet 20 p\u00ebrqind m\u00eb lir\u00eb se t\u00eb tjer\u00ebt.<br \/>\nU garantoj se p\u00ebrgjigje emergjente do marr\u00eb situata katastrofale e sh\u00ebndet\u00ebsis\u00eb n\u00eb k\u00ebt\u00eb vend.<br \/>\nQytetar\u00eb dhe qytetare, vet\u00eb INSTAT informoi se shqiptar\u00ebt n\u00eb nj\u00eb vit paguajn\u00eb nga xhepi p\u00ebr kujdes sh\u00ebndet\u00ebsor 820 milion\u00eb. Fatura e buk\u00ebs n\u00eb nj\u00eb vit n\u00eb Shqip\u00ebri \u00ebsht\u00eb 220 milion\u00eb euro. Fatura p\u00ebr kujdesin sh\u00ebndet\u00ebsor \u00ebsht\u00eb 820 milion\u00eb euro. Kat\u00ebr her\u00eb m\u00eb shum\u00eb.<br \/>\nPo pse kjo? Sepse mafia ka pushtuar thell\u00eb sistemin sh\u00ebndet\u00ebsor.<br \/>\nSepse qeveritar\u00ebt, drejtor\u00ebt kryesor\u00eb t\u00eb tyre, p\u00ebrvet\u00ebsojn\u00eb, vjedhin taksat tuaja me t\u00eb cilat duhet t\u00eb blihen ila\u00e7et, duhet t\u00eb blihen aparaturat.<br \/>\nDhe m\u00eb keq, aparaturat lihen t\u00eb prishura n\u00eb m\u00ebnyr\u00eb q\u00eb ju t\u00eb shkoni tek privati ose t\u00eb mos i b\u00ebni dot.<br \/>\nMe partneritetet e tyre t\u00eb korruptuara, analiza n\u00eb publik qytetar\u00ebt mund t\u00eb b\u00ebjn\u00eb vet\u00ebm 20 dit\u00ebt e para t\u00eb muajit. 10 dit\u00ebt e tjera asnj\u00eb analiz\u00eb. T\u00eb gjitha n\u00eb sektor privat.<br \/>\nMiq, nuk ekziston kund nj\u00eb sistem kaq i pam\u00ebshir\u00eb, kaq i pap\u00ebrgjegjsh\u00ebm.<br \/>\nJu e d\u00ebgjuat Edi Ram\u00ebn tre muaj m\u00eb par\u00eb, u detyrua t\u00eb pranoj\u00eb se n\u00eb Spitalin Onkologjik ishin kryer krime kund\u00ebr njer\u00ebzimit.<br \/>\nPo, sepse t\u00eb s\u00ebmur\u00ebve nuk u jan\u00eb dh\u00ebn\u00eb ila\u00e7et p\u00ebr t\u00eb mjekuar s\u00ebmundjen. Ose u jan\u00eb dh\u00ebn\u00eb ila\u00e7e q\u00eb nuk kan\u00eb efekt.<br \/>\nTani, ky njeri q\u00eb deklaroi para tre muajsh se n\u00eb Spitalin Onkologjik jan\u00eb kryer krime, mori ndonj\u00eb mas\u00eb? Nuk mori asnj\u00eb mas\u00eb sepse nuk ka shpirt.<br \/>\nP\u00ebr at\u00eb, njer\u00ebzit jan\u00eb p\u00ebr t\u2019u p\u00ebr\u00e7muar.<br \/>\nJan\u00eb p\u00ebr t\u2019u posht\u00ebruar.<br \/>\nPo ka posht\u00ebrim m\u00eb t\u00eb madh&#8230; ke nj\u00eb buxhet p\u00ebrpara p\u00ebr ta ndar\u00eb 8 miliard\u00eb dhe kur vjen puna deklaron se p\u00ebr pensionist\u00ebt ke l\u00ebn\u00eb gjithsej 16 milion\u00eb euro.<br \/>\nDhe kur ne i themi si opozit\u00eb se kjo \u00ebsht\u00eb hata, thot\u00eb se po t\u00eb b\u00ebjm\u00eb at\u00eb q\u00eb thoni ju, biem n\u00eb gremin\u00eb.<br \/>\nJo nuk biem n\u00eb gremin\u00eb. Por ai vjedh pensionet, se me ato pensione i kalon parat\u00eb tek rrug\u00ebt, me t\u00eb cilat i nd\u00ebrton me nj\u00eb \u00e7mim t\u00eb dhjet\u00ebfisht\u00eb krahasuar me \u00e7mimin evropian. I p\u00ebrdor p\u00ebr luks, p\u00ebr udh\u00ebtime, ndaj dhe nuk rriten pensionet\u201d, u shpreh Berisha.<\/p>\n","protected":false},"excerpt":{"rendered":"<p>Kryetari i Partis\u00eb Demokratike, Sali Berisha, deklaroi nga Lapraka se, Edi Rama ka ndjer\u00eb fundin e tij politik dhe nuk guxon t\u00eb p\u00ebrballet me qytetar\u00ebt. Ai e akuzoi kryeministrin se ka ndaluar ballafaqimet mes kandidat\u00ebve p\u00ebr t\u00eb fshehur skandalet e qeveris\u00eb. Berisha prezantoi programin e PD-s\u00eb, q\u00eb synon zhdukjen e varf\u00ebris\u00eb s\u00eb skajshme brenda 100 &hellip;<\/p>\n","protected":false},"author":4,"featured_media":111906,"comment_status":"closed","ping_status":"closed","sticky":false,"template":"","format":"standard","meta":{"footnotes":""},"categories":[37],"tags":[],"class_list":["post-111911","post","type-post","status-publish","format-standard","has-post-thumbnail","","category-politike"],"_links":{"self":[{"href":"https:\/\/rdnews.al\/index.php\/wp-json\/wp\/v2\/posts\/111911","targetHints":{"allow":["GET"]}}],"collection":[{"href":"https:\/\/rdnews.al\/index.php\/wp-json\/wp\/v2\/posts"}],"about":[{"href":"https:\/\/rdnews.al\/index.php\/wp-json\/wp\/v2\/types\/post"}],"author":[{"embeddable":true,"href":"https:\/\/rdnews.al\/index.php\/wp-json\/wp\/v2\/users\/4"}],"replies":[{"embeddable":true,"href":"https:\/\/rdnews.al\/index.php\/wp-json\/wp\/v2\/comments?post=111911"}],"version-history":[{"count":1,"href":"https:\/\/rdnews.al\/index.php\/wp-json\/wp\/v2\/posts\/111911\/revisions"}],"predecessor-version":[{"id":111912,"href":"https:\/\/rdnews.al\/index.php\/wp-json\/wp\/v2\/posts\/111911\/revisions\/111912"}],"wp:featuredmedia":[{"embeddable":true,"href":"https:\/\/rdnews.al\/index.php\/wp-json\/wp\/v2\/media\/111906"}],"wp:attachment":[{"href":"https:\/\/rdnews.al\/index.php\/wp-json\/wp\/v2\/media?parent=111911"}],"wp:term":[{"taxonomy":"category","embeddable":true,"href":"https:\/\/rdnews.al\/index.php\/wp-json\/wp\/v2\/categories?post=111911"},{"taxonomy":"post_tag","embeddable":true,"href":"https:\/\/rdnews.al\/index.php\/wp-json\/wp\/v2\/tags?post=111911"}],"curies":[{"name":"wp","href":"https:\/\/api.w.org\/{rel}","templated":true}]}}