{"id":111913,"date":"2025-04-26T11:56:37","date_gmt":"2025-04-26T11:56:37","guid":{"rendered":"https:\/\/rdnews.al\/?p=111913"},"modified":"2025-04-26T11:56:37","modified_gmt":"2025-04-26T11:56:37","slug":"berisha-premton-legalizim-te-plote-ne-laprake-paqja-fiskale-e-rames-eshte-parajse-per-boten-e-krimit","status":"publish","type":"post","link":"https:\/\/rdnews.al\/index.php\/2025\/04\/26\/berisha-premton-legalizim-te-plote-ne-laprake-paqja-fiskale-e-rames-eshte-parajse-per-boten-e-krimit\/","title":{"rendered":"Berisha premton legalizim t\u00eb plot\u00eb n\u00eb Laprak\u00eb: Paqja fiskale e Ram\u00ebs \u00ebsht\u00eb parajs\u00eb p\u00ebr bot\u00ebn e krimit!"},"content":{"rendered":"<p>Lideri i opozit\u00ebs, Sali Berisha, zhvilloi nj\u00eb takim me banor\u00ebt e Nj\u00ebsis\u00eb nr. 11 n\u00eb Laprak\u00eb, ku n\u00ebnshkroi simbolikisht nj\u00eb kontrat\u00eb p\u00ebr legalizim dhe urbanizim t\u00eb plot\u00eb t\u00eb banesave t\u00eb tyre. Berisha premtoi d\u00ebmshp\u00ebrblim p\u00ebr ata q\u00eb u \u00ebsht\u00eb prishur sht\u00ebpia, duke theksuar mbrojtjen absolute t\u00eb pronave t\u00eb qytetar\u00ebve.<br \/>\nAi akuzoi qeverin\u00eb p\u00ebr promovimin e nj\u00eb amnistie fiskale q\u00eb, sipas tij, favorizon parat\u00eb e krimit dhe ka ndikuar n\u00eb r\u00ebnien e vler\u00ebs s\u00eb euros. Sipas Berish\u00ebs, kjo situat\u00eb ka \u00e7uar n\u00eb falimentime masive t\u00eb bizneseve eksportuese dhe rritje t\u00eb emigracionit. Berisha u zotua se do t\u00eb falen t\u00eb gjitha gjobat ndaj qytetar\u00ebve t\u00eb ndersh\u00ebm pas 12 majit.<br \/>\n\u201cMiqt\u00eb e mi, un\u00eb firmos k\u00ebtu para jush nj\u00eb kontrat\u00eb me ju.<br \/>\nE tha shum\u00eb bukur zoti Marku se un\u00eb fjal\u00ebn time e mbaj.<br \/>\nNuk thot\u00eb njeri q\u00eb un\u00eb nuk kam mbajtur ndonj\u00ebher\u00eb fjal\u00ebn, por jam k\u00ebtu p\u00ebr t\u2019u zotuar para jush se n\u00eb m\u00ebnyr\u00eb absolute asnj\u00eb banes\u00eb e juaja nuk do t\u00eb preket dhe se do ket\u00eb legalizim t\u00eb plot\u00eb total dhe pastaj urbanizim.<br \/>\nLegalizim dhe pastaj urbanizim.<br \/>\nKy \u00ebsht\u00eb parimi q\u00eb ndjekim ne.<br \/>\nNdaj dhe atyre q\u00eb ua kan\u00eb prishur&#8230; nuk harroj un\u00eb betejat tuaja p\u00ebr sht\u00ebpit\u00eb tuaja, edhe ata do d\u00ebmshp\u00ebrblehen sipas k\u00ebtij parimi.<br \/>\nE d\u00ebgjuat dje, paqja fiskale, \u00e7far\u00eb \u00ebsht\u00eb paqja e tij fiskale?<br \/>\nPaqja e tij fiskale \u00ebsht\u00eb amnistia, \u00ebsht\u00eb parajsa p\u00ebr bot\u00ebn e krimit, \u00ebsht\u00eb nd\u00ebshkim p\u00ebr ju qytetar\u00eb t\u00eb dashur.<br \/>\nUa shpjegoj un\u00eb si \u00ebsht\u00eb puna.<br \/>\nKy, dy vite m\u00eb par\u00eb filloi reklamoi me t\u00eb madhe amnistin\u00eb fiskale, kur nuk kishte asnj\u00eb synim tjet\u00ebr ve\u00e7se t\u00eb sillte parat\u00eb e drog\u00ebs, t\u00eb klaneve mafioze, t\u00eb vinin n\u00eb Shqip\u00ebri dhe t\u00eb nd\u00ebrtoheshin kulla si\u00e7 po nd\u00ebrtohen.<br \/>\nNatyrisht BE e diktoi k\u00ebt\u00eb. Kjo ishte nj\u00eb inkurajim i tmerrsh\u00ebm i krimit. N\u00eb sall\u00ebn e gjyqit n\u00eb Belgjik\u00eb, trafikanti deklaroi sipas televizionit belg, se vet\u00eb kryeministri m\u00eb kishte premtuar se do mund t\u00eb investoja parat\u00eb n\u00eb Shqip\u00ebri.<br \/>\nTani thot\u00eb paqja fiskale.<br \/>\nAi vet\u00eb \u00ebsht\u00eb n\u00eb paqe dhe bashk\u00ebpunim t\u00eb ngusht\u00eb me ta.<br \/>\nPor un\u00eb i garantoj atje ku jan\u00eb se asnj\u00eb qindark\u00eb, asnj\u00eb dollar\u00eb, asnj\u00eb euro nuk do mund t\u00eb sjellin n\u00eb Shqip\u00ebri.<br \/>\nJo. Sepse \u00e7far\u00eb ndodhi k\u00ebtu me k\u00ebt\u00eb?<br \/>\nNuk ka vend n\u00eb Europ\u00eb, n\u00eb t\u00eb cilin monedha e vendit t\u00eb ket\u00eb rr\u00ebzuar p\u00ebrdhe euron.<br \/>\nEuro p\u00ebr shkak t\u00eb narkoeurove ka humbur 35 p\u00ebrqind t\u00eb vler\u00ebs.<br \/>\nPo. Kjo do t\u00eb thot\u00eb qindra mij\u00ebra shqiptar\u00eb humb\u00ebn vendet e pun\u00ebs n\u00eb nd\u00ebrmarrjet e eksportit. Falimentuan.<br \/>\nSe ato \u00e7do transaksion e kan\u00eb n\u00eb euro.<br \/>\nDhe r\u00ebnia 35 p\u00ebrqind e euros faktikisht ua asgj\u00ebsoi fitimin dhe i detyroi t\u00eb ky\u00e7in sip\u00ebrmarrjet. T\u00eb dalin nga puna dhjet\u00ebra mij\u00ebra pun\u00ebtor\u00eb shqiptar\u00eb dhe t\u00eb ikin n\u00eb emigracion.<br \/>\nMerr fund kjo.<br \/>\nAsnj\u00eb paqe me ta nuk ka.<br \/>\nMe bandat kriminale ka vet\u00ebm ligj, ligj dhe vet\u00ebm ligj.<br \/>\nPo, gjobat do ua falim ju, ju o qytetar\u00eb t\u00eb ndersh\u00ebm, ju q\u00eb keni p\u00ebrjetuar brutalitetin, arroganc\u00ebn e inspektoriateve, e zyrtar\u00ebve, e ministrave t\u00eb tij.<br \/>\n\u00c7do gjob\u00eb q\u00eb \u00ebsht\u00eb vendosur mbi ju, me dat\u00ebn 12 maj b\u00ebhet zero.<br \/>\nK\u00ebta u marrin ju kamat\u00eb vonesat e 25 viteve m\u00eb par\u00eb. K\u00ebta nuk kan\u00eb ligj, as moral. Po ato u fal\u00ebn n\u00eb momentin kur KESH kaloi tek CEZ. Dhe k\u00ebta vazhdojn\u00eb i mbledhin dhe ua mbajn\u00eb ju si lak n\u00eb fyt.<br \/>\nQ\u00eb t\u00eb gjitha falen.<br \/>\nBizneset do ken\u00eb \u00e7mimin e energjis\u00eb nga 18 lek\u00eb n\u00eb 6 lek\u00eb.<br \/>\nFamiljar\u00ebt nga 9.5 n\u00eb 7 lek\u00eb.<br \/>\nTarifat e ujit do p\u00ebrgjysmohen.<br \/>\nTaksa antikushtetuese e arsimit e bashkis\u00eb do hiqet menj\u00ebher\u00eb.<br \/>\nBashkit\u00eb nuk do mund t\u00eb vendosin kurr\u00eb tarifa dhe taksa m\u00eb shum\u00eb se 1 p\u00ebrqind t\u00eb xhiros\u00eb s\u00eb biznesit dhe nj\u00eb seri leht\u00ebsimesh do b\u00ebhen p\u00ebr biznesin e vog\u00ebl\u201d, tha Berisha.<\/p>\n","protected":false},"excerpt":{"rendered":"<p>Lideri i opozit\u00ebs, Sali Berisha, zhvilloi nj\u00eb takim me banor\u00ebt e Nj\u00ebsis\u00eb nr. 11 n\u00eb Laprak\u00eb, ku n\u00ebnshkroi simbolikisht nj\u00eb kontrat\u00eb p\u00ebr legalizim dhe urbanizim t\u00eb plot\u00eb t\u00eb banesave t\u00eb tyre. Berisha premtoi d\u00ebmshp\u00ebrblim p\u00ebr ata q\u00eb u \u00ebsht\u00eb prishur sht\u00ebpia, duke theksuar mbrojtjen absolute t\u00eb pronave t\u00eb qytetar\u00ebve. Ai akuzoi qeverin\u00eb p\u00ebr promovimin e &hellip;<\/p>\n","protected":false},"author":4,"featured_media":111914,"comment_status":"closed","ping_status":"closed","sticky":false,"template":"","format":"standard","meta":{"footnotes":""},"categories":[37],"tags":[],"class_list":["post-111913","post","type-post","status-publish","format-standard","has-post-thumbnail","","category-politike"],"_links":{"self":[{"href":"https:\/\/rdnews.al\/index.php\/wp-json\/wp\/v2\/posts\/111913","targetHints":{"allow":["GET"]}}],"collection":[{"href":"https:\/\/rdnews.al\/index.php\/wp-json\/wp\/v2\/posts"}],"about":[{"href":"https:\/\/rdnews.al\/index.php\/wp-json\/wp\/v2\/types\/post"}],"author":[{"embeddable":true,"href":"https:\/\/rdnews.al\/index.php\/wp-json\/wp\/v2\/users\/4"}],"replies":[{"embeddable":true,"href":"https:\/\/rdnews.al\/index.php\/wp-json\/wp\/v2\/comments?post=111913"}],"version-history":[{"count":1,"href":"https:\/\/rdnews.al\/index.php\/wp-json\/wp\/v2\/posts\/111913\/revisions"}],"predecessor-version":[{"id":111915,"href":"https:\/\/rdnews.al\/index.php\/wp-json\/wp\/v2\/posts\/111913\/revisions\/111915"}],"wp:featuredmedia":[{"embeddable":true,"href":"https:\/\/rdnews.al\/index.php\/wp-json\/wp\/v2\/media\/111914"}],"wp:attachment":[{"href":"https:\/\/rdnews.al\/index.php\/wp-json\/wp\/v2\/media?parent=111913"}],"wp:term":[{"taxonomy":"category","embeddable":true,"href":"https:\/\/rdnews.al\/index.php\/wp-json\/wp\/v2\/categories?post=111913"},{"taxonomy":"post_tag","embeddable":true,"href":"https:\/\/rdnews.al\/index.php\/wp-json\/wp\/v2\/tags?post=111913"}],"curies":[{"name":"wp","href":"https:\/\/api.w.org\/{rel}","templated":true}]}}