{"id":111920,"date":"2025-04-26T16:35:45","date_gmt":"2025-04-26T16:35:45","guid":{"rendered":"https:\/\/rdnews.al\/?p=111920"},"modified":"2025-04-26T16:36:23","modified_gmt":"2025-04-26T16:36:23","slug":"eurodeputeti-rama-po-ndien-humbjen-ftoj-berishen-javen-tjeter-te-vije-ne-spanje-ne-kongresin-e-ppe","status":"publish","type":"post","link":"https:\/\/rdnews.al\/index.php\/2025\/04\/26\/eurodeputeti-rama-po-ndien-humbjen-ftoj-berishen-javen-tjeter-te-vije-ne-spanje-ne-kongresin-e-ppe\/","title":{"rendered":"Eurodeputeti: Rama po ndien humbjen! Ftoj Berish\u00ebn jav\u00ebn tjet\u00ebr t\u00eb vij\u00eb n\u00eb Spanj\u00eb n\u00eb Kongresin e PPE"},"content":{"rendered":"<p>An\u00ebtari i PPE n\u00eb Parlamentin Evropian, Antonio L\u00f3pez-Ist\u00fariz White, ishte sot i pranish\u00ebm n\u00eb takimin e kryetarit t\u00eb PD, Sali Berisha me grat\u00eb dhe vajzat n\u00eb Tiran\u00eb. Spanjolli mbajti dhe nj\u00eb fjal\u00eb n\u00eb mb\u00ebshtetje t\u00eb Berish\u00ebs dhe Partis\u00eb Demokratike p\u00ebr zgjedhjet e 11 majit.<br \/>\nAntonio Lopez theksoi rolin e r\u00ebnd\u00ebsish\u00ebm t\u00eb grave n\u00eb shoq\u00ebri, duke i cil\u00ebsuar m\u00eb t\u00eb men\u00e7ura, m\u00eb pun\u00ebtore dhe m\u00eb largpam\u00ebse se burrat.<br \/>\nAi kritikoi socialist\u00ebt, si n\u00eb Shqip\u00ebri ashtu edhe n\u00eb vende t\u00eb tjera si Spanja dhe Kroacia, p\u00ebr munges\u00eb reformash dhe hipokrizi politike. L\u00f3pez-Ist\u00fariz vuri n\u00eb dukje se socialist\u00ebt nuk kan\u00eb em\u00ebruar kurr\u00eb gra n\u00eb pozita ky\u00e7e n\u00eb Parlamentin Europian, ndryshe nga Partia Popullore Evropiane.<br \/>\nAi kritikoi qeverin\u00eb shqiptare p\u00ebr munges\u00eb t\u00eb garancive p\u00ebr zgjedhje t\u00eb lira dhe paralajm\u00ebroi kund\u00ebr \u201ckredencialeve t\u00eb rreme europiane\u201d. N\u00eb p\u00ebrfundim, ai inkurajoi t\u00eb djatht\u00ebn shqiptare t\u00eb mos dor\u00ebzohet dhe ftoi Sali Berish\u00ebn t\u00eb marr\u00eb pjes\u00eb n\u00eb Kongresin e Partis\u00eb Popullore n\u00eb Spanj\u00eb.<\/p>\n<p><strong>Fjala e Antonio L\u00f3pez-Ist\u00fariz White<\/strong><\/p>\n<p>P\u00ebrsh\u00ebndetje! Nd\u00ebrsa reflektoja dhe d\u00ebgjoja, ndjeva nj\u00eb ndjesi inkurajimi kur hyra n\u00eb k\u00ebt\u00eb sall\u00eb dhe ju pash\u00eb t\u00eb gjith\u00ebve q\u00eb m\u00eb mb\u00ebshtesni, ashtu si mb\u00ebshtesni Prof. Dr. Berish\u00ebn. Ju fal\u00ebnderoj p\u00ebr k\u00ebt\u00eb mb\u00ebshtetje t\u00eb jasht\u00ebzakonshme.<br \/>\nSi\u00e7 e p\u00ebrmendi edhe Elmar, kam v\u00ebrejtur gjat\u00eb jet\u00ebs sime q\u00eb grat\u00eb jan\u00eb m\u00eb inteligjente, m\u00eb pun\u00ebtore dhe m\u00eb largpam\u00ebse. P\u00ebr k\u00ebt\u00eb arsye, gjithmon\u00eb i kam respektuar m\u00eb shum\u00eb grat\u00eb. Ne burrat shpesh p\u00ebrqendrohemi te problemet e p\u00ebrditshme, nd\u00ebrsa grat\u00eb shohin m\u00eb larg, drejt s\u00eb ardhmes. Kjo \u00ebsht\u00eb shum\u00eb e r\u00ebnd\u00ebsishme, sepse grat\u00eb formojn\u00eb brezin e ri dhe p\u00ebrcjellin vlerat q\u00eb Elmar p\u00ebrmendi, duke u bazuar n\u00eb fakte konkrete.<br \/>\nSocialist\u00ebt flasin shum\u00eb, por nuk b\u00ebjn\u00eb asgj\u00eb. Kjo nuk ndodh vet\u00ebm n\u00eb Shqip\u00ebri, por edhe n\u00eb Spanj\u00eb. E dini kush \u00ebsht\u00eb miku m\u00eb i madh i Edi Ram\u00ebs n\u00eb Evrop\u00eb? \u00cbsht\u00eb Makroni. Dhe kush \u00ebsht\u00eb Makroni? Nj\u00eb njeri q\u00eb flet shum\u00eb bukur, q\u00eb \u00ebsht\u00eb bind\u00ebs n\u00eb fjal\u00eb, por n\u00eb Franc\u00eb gjat\u00eb 20 viteve t\u00eb fundit nuk ka b\u00ebr\u00eb asnj\u00eb reform\u00eb madhore. E gjith\u00eb puna e tij ka mbetur n\u00eb fjal\u00eb.<br \/>\nN\u00eb Parlamentin Europian, ju p\u00ebrmend\u00ebt figura si Nicole Fontaine dhe Simone Veil, gra t\u00eb shquara, socialiste. Por ta them qart\u00eb p\u00ebr shqiptar\u00ebt: socialist\u00ebt asnj\u00ebher\u00eb nuk kan\u00eb em\u00ebruar nj\u00eb grua n\u00eb pozicione kryesore t\u00eb Parlamentit Europian. K\u00ebto jan\u00eb fakte, jo propaganda. \u00cbsht\u00eb e v\u00ebrteta.<br \/>\nK\u00ebtu n\u00eb Shqip\u00ebri, ju p\u00ebrfaq\u00ebsoni k\u00ebt\u00eb realitet. Zonj\u00eb ministre, jam i lumtur q\u00eb pat\u00ebt mund\u00ebsin\u00eb t\u00eb vini sot nga Kroacia. M\u00eb kujtohet kur Kroacia ishte vend kandidat p\u00ebr an\u00ebtar\u00ebsim n\u00eb BE. Kam qen\u00eb aktiv n\u00eb mb\u00ebshtetjen e Kroacis\u00eb dhe e mbaj mend mir\u00eb q\u00eb Partia Socialiste e Kroacis\u00eb ishte gjithmon\u00eb negative ndaj an\u00ebtar\u00ebsimit. Kur Andrej Plenkovi\u0107 negocionte p\u00ebr an\u00ebtar\u00ebsim, socialist\u00ebt ishin kund\u00ebr, dhe vet\u00ebm pasi humb\u00ebn zgjedhjet, ndryshuan q\u00ebndrim. Kjo \u00ebsht\u00eb hipokrizi, si n\u00eb Kroaci, ashtu edhe n\u00eb Shqip\u00ebri dhe n\u00eb Spanj\u00eb.<br \/>\nJu p\u00ebrmend\u00ebt q\u00eb Andrej Plenkovi\u0107 \u00ebsht\u00eb zgjedhur tre her\u00eb radhazi n\u00eb zgjedhje t\u00eb lira dhe transparente. Nuk ka asnj\u00eb ngjashm\u00ebri me at\u00eb q\u00eb ndodh sot n\u00eb Shqip\u00ebri.<br \/>\nP\u00ebrse n\u00eb vitin 2025 duhet q\u00eb v\u00ebzhguesit nd\u00ebrkomb\u00ebtar\u00eb t\u00eb vijn\u00eb n\u00eb Shqip\u00ebri p\u00ebr t\u00eb mbik\u00ebqyrur zgjedhjet? Sepse qeveria shqiptare nuk \u00ebsht\u00eb n\u00eb gjendje t\u00eb garantoj\u00eb zgjedhje t\u00eb lira. Dhe kur flitet p\u00ebr problemet, nuk \u00ebsht\u00eb faji i shqiptar\u00ebve, por i qeveris\u00eb s\u00eb tyre.<br \/>\nJu lutem, mjaft me kredenciale t\u00eb rreme europiane. Shqip\u00ebria \u00ebsht\u00eb pjes\u00eb e Europ\u00ebs. Ne udh\u00ebtojm\u00eb, shohim bot\u00ebn. Kur vij n\u00eb Shqip\u00ebri, ndihem si n\u00eb Spanj\u00eb, nj\u00eb vend mesdhetar, europian, dhe nuk kam asnj\u00eb dyshim p\u00ebr k\u00ebt\u00eb.<br \/>\nMos d\u00ebgjoni \u00e7far\u00eb thot\u00eb kryeministri q\u00eb e sheh humbjen e tij t\u00eb af\u00ebrt n\u00eb zgjedhje. Ne nuk organizuam nj\u00eb konferenc\u00eb p\u00ebr t\u00eb fyer liderin e opozit\u00ebs. Ne ishim k\u00ebtu p\u00ebr t\u00eb miratuar statutin e shoqat\u00ebs s\u00eb grave t\u00eb qendr\u00ebs s\u00eb djatht\u00eb, nj\u00eb akt q\u00eb u miratua dje n\u00eb Tiran\u00eb dhe q\u00eb \u00ebsht\u00eb nj\u00eb fakt i r\u00ebnd\u00ebsish\u00ebm.<br \/>\nMesazhi im p\u00ebr ju \u00ebsht\u00eb ky: Mos hiqni dor\u00eb! Ne n\u00eb shum\u00eb vende europiane kemi duruar g\u00ebnjeshtrat e socialist\u00ebve, por nuk jemi dor\u00ebzuar. Muri i Berlinit ra n\u00eb vitin 1989 dhe socializmi po bie gjithandej.<br \/>\nSot, vet\u00ebm tre ose kat\u00ebr qeveri socialiste kan\u00eb mbetur n\u00eb Europ\u00eb. N\u00eb Sllovaki, an\u00ebtar\u00ebsimi i kryeministrit socialist n\u00eb grupin europian \u00ebsht\u00eb pezulluar. Fatkeq\u00ebsisht kemi ende nj\u00eb n\u00eb Spanj\u00eb, por edhe atje gj\u00ebrat po ndryshojn\u00eb.<br \/>\nKryetar Berisha, p\u00ebr mua ju jeni dhe do t\u00eb mbeteni Kryetar. Ju ftoj q\u00eb jav\u00ebn tjet\u00ebr t\u00eb vini n\u00eb Spanj\u00eb, n\u00eb Kongresin e Partis\u00eb Popullore n\u00eb Valencia. Kjo \u00ebsht\u00eb shum\u00eb e r\u00ebnd\u00ebsishme p\u00ebr ne.<br \/>\nMos hiqni dor\u00eb! Ju jeni ata q\u00eb do t\u00eb formoni brezin e ri dhe do t\u2019i m\u00ebsoni si t\u00eb ndryshojn\u00eb Shqip\u00ebrin\u00eb. Lufta juaj \u00ebsht\u00eb e v\u00ebshtir\u00eb, por e domosdoshme. Edhe ne n\u00eb vendet tona vuajm\u00eb nga simptomat e fundit t\u00eb socializmit, por fitorja \u00ebsht\u00eb pran\u00eb.<br \/>\nJu uroj suksese n\u00eb zgjedhje dhe pas tyre! Ne do t\u00eb jemi k\u00ebtu p\u00ebr t\u00eb vazhduar bashk\u00ebpunimin ton\u00eb.<br \/>\nFaleminderit shum\u00eb!<\/p>\n","protected":false},"excerpt":{"rendered":"<p>An\u00ebtari i PPE n\u00eb Parlamentin Evropian, Antonio L\u00f3pez-Ist\u00fariz White, ishte sot i pranish\u00ebm n\u00eb takimin e kryetarit t\u00eb PD, Sali Berisha me grat\u00eb dhe vajzat n\u00eb Tiran\u00eb. Spanjolli mbajti dhe nj\u00eb fjal\u00eb n\u00eb mb\u00ebshtetje t\u00eb Berish\u00ebs dhe Partis\u00eb Demokratike p\u00ebr zgjedhjet e 11 majit. Antonio Lopez theksoi rolin e r\u00ebnd\u00ebsish\u00ebm t\u00eb grave n\u00eb shoq\u00ebri, duke &hellip;<\/p>\n","protected":false},"author":4,"featured_media":111921,"comment_status":"closed","ping_status":"closed","sticky":false,"template":"","format":"standard","meta":{"footnotes":""},"categories":[37],"tags":[],"class_list":["post-111920","post","type-post","status-publish","format-standard","has-post-thumbnail","","category-politike"],"_links":{"self":[{"href":"https:\/\/rdnews.al\/index.php\/wp-json\/wp\/v2\/posts\/111920","targetHints":{"allow":["GET"]}}],"collection":[{"href":"https:\/\/rdnews.al\/index.php\/wp-json\/wp\/v2\/posts"}],"about":[{"href":"https:\/\/rdnews.al\/index.php\/wp-json\/wp\/v2\/types\/post"}],"author":[{"embeddable":true,"href":"https:\/\/rdnews.al\/index.php\/wp-json\/wp\/v2\/users\/4"}],"replies":[{"embeddable":true,"href":"https:\/\/rdnews.al\/index.php\/wp-json\/wp\/v2\/comments?post=111920"}],"version-history":[{"count":2,"href":"https:\/\/rdnews.al\/index.php\/wp-json\/wp\/v2\/posts\/111920\/revisions"}],"predecessor-version":[{"id":111923,"href":"https:\/\/rdnews.al\/index.php\/wp-json\/wp\/v2\/posts\/111920\/revisions\/111923"}],"wp:featuredmedia":[{"embeddable":true,"href":"https:\/\/rdnews.al\/index.php\/wp-json\/wp\/v2\/media\/111921"}],"wp:attachment":[{"href":"https:\/\/rdnews.al\/index.php\/wp-json\/wp\/v2\/media?parent=111920"}],"wp:term":[{"taxonomy":"category","embeddable":true,"href":"https:\/\/rdnews.al\/index.php\/wp-json\/wp\/v2\/categories?post=111920"},{"taxonomy":"post_tag","embeddable":true,"href":"https:\/\/rdnews.al\/index.php\/wp-json\/wp\/v2\/tags?post=111920"}],"curies":[{"name":"wp","href":"https:\/\/api.w.org\/{rel}","templated":true}]}}