{"id":111924,"date":"2025-04-26T16:41:45","date_gmt":"2025-04-26T16:41:45","guid":{"rendered":"https:\/\/rdnews.al\/?p=111924"},"modified":"2025-04-26T16:41:45","modified_gmt":"2025-04-26T16:41:45","slug":"denoncimi-i-pd-nena-e-ministrit-te-brendshem-pronare-e-lavazhit-ku-balluku-jep-10-mije-euro-per-te-lare-makinen","status":"publish","type":"post","link":"https:\/\/rdnews.al\/index.php\/2025\/04\/26\/denoncimi-i-pd-nena-e-ministrit-te-brendshem-pronare-e-lavazhit-ku-balluku-jep-10-mije-euro-per-te-lare-makinen\/","title":{"rendered":"Denoncimi i PD: N\u00ebna e ministrit t\u00eb Brendsh\u00ebm pronare e lavazhit ku Balluku jep 10 mij\u00eb euro p\u00ebr t\u00eb lar\u00eb makin\u00ebn"},"content":{"rendered":"<p>Pak koh\u00eb m\u00eb par\u00eb n\u00eb media u denoncua skandali i nj\u00eb tenderi t\u00eb Ministris\u00eb s\u00eb Infrastruktur\u00ebs dhe Energjetik\u00ebs n\u00eb vler\u00ebn e 10 mij\u00eb eurove n\u00eb muaj, p\u00ebr t\u00eb lar\u00eb 10 automjete t\u00eb shefave dhe drejtor\u00ebve t\u00eb k\u00ebtij institucioni, ku lista kryesohej nga automjeti \u201cAudi A8\u201d me t\u00eb cilin l\u00ebviz ministrja Belinda Balluku.<\/p>\n<p>Kjo e fundit rendisje nj\u00eb s\u00ebr\u00eb kushtesh p\u00ebr larjen e automjetit t\u00eb saj, teksa k\u00ebrkonte q\u00eb t\u2019i lahej nj\u00eb her\u00eb n\u00eb dy dit\u00eb pune.<\/p>\n<p>Dit\u00ebn e sotme Partia Demokratike ka b\u00ebr\u00eb nj\u00eb tjet\u00ebr denoncim, i cili e thellon edhe m\u00eb tej k\u00ebt\u00eb skandal. Z\u00ebdh\u00ebn\u00ebsja p\u00ebr Anti-Korrupsionin n\u00eb PD, Genta Vangjeli n\u00eb nj\u00eb deklarat\u00eb nga selia blu denoncoi se pronari i lavazhit q\u00eb ka fituar tenderin \u201ce majm\u00eb\u201d t\u00eb Ballukut \u00ebsht\u00eb gjyshja e ministrit t\u00eb Brendsh\u00ebm, Ervin Hoxha.<\/p>\n<p><strong>Deklarata e z\u00ebdh\u00ebn\u00ebses s\u00eb Antikorrupsionit n\u00eb PD, Genta Vangjeli:<\/strong><\/p>\n<p>Ministri Ervin Hoxha nuk mund t\u00eb ishte i ndrysh\u00ebm nga paraardh\u00ebsit e tij n\u00eb at\u00eb detyr\u00eb, q\u00eb jan\u00eb n\u00eb burg a n\u00ebn hetim, apo nga koleg\u00ebt e tij n\u00eb qeveri.<\/p>\n<p>Hoxha nuk \u00ebsht\u00eb futur ende te ata q\u00eb han\u00eb kumbulla pas shpin\u00ebs s\u00eb Ram\u00ebs, por atij i shkon shprehja tjet\u00ebr popullore \u2018sheh rrushi rrushin e piqet\u2019.<\/p>\n<p>Si socialist\u00ebt e tjer\u00eb n\u00eb qeveri q\u00eb e rilind\u00ebn hajdut\u00ebrin\u00eb, Hoxha p\u00ebrdor kompanin\u00eb n\u00eb emrin e s\u00eb \u00ebm\u00ebs s\u00eb moshuar p\u00ebr t\u00eb p\u00ebrfituar para publike.<\/p>\n<figure class=\"wp-block-image size-full\"><img loading=\"lazy\" decoding=\"async\" class=\"wp-image-20988\" src=\"https:\/\/pd.al\/wp-content\/uploads\/2025\/04\/1-2.png\" sizes=\"auto, (max-width: 604px) 100vw, 604px\" srcset=\"https:\/\/pd.al\/wp-content\/uploads\/2025\/04\/1-2.png 604w, https:\/\/pd.al\/wp-content\/uploads\/2025\/04\/1-2-219x300.png 219w\" alt=\"\" width=\"604\" height=\"826\" \/><\/figure>\n<figure class=\"wp-block-image size-full\"><img loading=\"lazy\" decoding=\"async\" class=\"wp-image-20989\" src=\"https:\/\/pd.al\/wp-content\/uploads\/2025\/04\/1.1.png\" sizes=\"auto, (max-width: 591px) 100vw, 591px\" srcset=\"https:\/\/pd.al\/wp-content\/uploads\/2025\/04\/1.1.png 591w, https:\/\/pd.al\/wp-content\/uploads\/2025\/04\/1.1-229x300.png 229w\" alt=\"\" width=\"591\" height=\"774\" \/><\/figure>\n<p>N\u00ebna 70 vje\u00e7are e ministrit Hoxha, rezulton pronare e subjektit tregtar \u2018Veba 45\u2019 shpk me objekt \u2018administrimi i parkimit dhe lavazhit t\u00eb automjeteve pran\u00eb Hotel \u2018Rogner\u2019.<\/p>\n<p>Administrator i t\u00eb nj\u00ebjtit subjekt \u00ebsht\u00eb v\u00ebllai i tij Darling Hoxha, nj\u00ebkoh\u00ebsisht Drejtor i Drejtoris\u00eb Rajonale OSSH Tiran\u00eb.<\/p>\n<figure class=\"wp-block-image size-full is-resized\"><img loading=\"lazy\" decoding=\"async\" class=\"wp-image-20990\" src=\"https:\/\/pd.al\/wp-content\/uploads\/2025\/04\/2-2.png\" sizes=\"auto, (max-width: 693px) 100vw, 693px\" srcset=\"https:\/\/pd.al\/wp-content\/uploads\/2025\/04\/2-2.png 693w, https:\/\/pd.al\/wp-content\/uploads\/2025\/04\/2-2-300x203.png 300w\" alt=\"\" width=\"693\" height=\"469\" \/><\/figure>\n<figure class=\"wp-block-image size-full\"><img loading=\"lazy\" decoding=\"async\" class=\"wp-image-20991\" src=\"https:\/\/pd.al\/wp-content\/uploads\/2025\/04\/3-2.png\" sizes=\"auto, (max-width: 676px) 100vw, 676px\" srcset=\"https:\/\/pd.al\/wp-content\/uploads\/2025\/04\/3-2.png 676w, https:\/\/pd.al\/wp-content\/uploads\/2025\/04\/3-2-300x174.png 300w\" alt=\"\" width=\"676\" height=\"392\" \/><\/figure>\n<p>N\u00eb zbatim t\u00eb ligjit p\u00ebr konfliktin e interesit, nenet 27 dhe 35, n\u00eb rast se aksionet apo pjes\u00ebt n\u00eb kapital jan\u00eb t\u00eb regjistruara n\u00eb emrin e personit t\u00eb lidhur, ato vler\u00ebsohen nj\u00eblloj si t\u00eb ishin t\u00eb regjistruara n\u00eb em\u00ebr t\u00eb vet\u00eb zyrtarit, dhe personit t\u00eb lidhur i kufizohen t\u00eb drejtat pasurore p\u00ebr to, n\u00eb t\u00eb nj\u00ebjt\u00ebn mas\u00eb dhe m\u00ebnyr\u00eb si n\u00eb rastin e vet\u00eb zyrtarit.<\/p>\n<figure class=\"wp-block-gallery has-nested-images columns-default is-cropped wp-block-gallery-1 is-layout-flex wp-block-gallery-is-layout-flex\">\n<figure class=\"wp-block-image size-large\"><img loading=\"lazy\" decoding=\"async\" class=\"wp-image-20995\" src=\"https:\/\/pd.al\/wp-content\/uploads\/2025\/04\/13.png\" sizes=\"auto, (max-width: 1014px) 100vw, 1014px\" srcset=\"https:\/\/pd.al\/wp-content\/uploads\/2025\/04\/13.png 1014w, https:\/\/pd.al\/wp-content\/uploads\/2025\/04\/13-300x222.png 300w, https:\/\/pd.al\/wp-content\/uploads\/2025\/04\/13-768x567.png 768w\" alt=\"\" width=\"1014\" height=\"749\" data-id=\"20995\" \/><\/figure>\n<figure class=\"wp-block-image size-large\"><img loading=\"lazy\" decoding=\"async\" class=\"wp-image-20992\" src=\"https:\/\/pd.al\/wp-content\/uploads\/2025\/04\/12.png\" sizes=\"auto, (max-width: 1018px) 100vw, 1018px\" srcset=\"https:\/\/pd.al\/wp-content\/uploads\/2025\/04\/12.png 1018w, https:\/\/pd.al\/wp-content\/uploads\/2025\/04\/12-300x245.png 300w, https:\/\/pd.al\/wp-content\/uploads\/2025\/04\/12-768x626.png 768w\" alt=\"\" width=\"1018\" height=\"830\" data-id=\"20992\" \/><\/figure>\n<figure class=\"wp-block-image size-large\"><img loading=\"lazy\" decoding=\"async\" class=\"wp-image-20993\" src=\"https:\/\/pd.al\/wp-content\/uploads\/2025\/04\/11-1.png\" sizes=\"auto, (max-width: 1017px) 100vw, 1017px\" srcset=\"https:\/\/pd.al\/wp-content\/uploads\/2025\/04\/11-1.png 1017w, https:\/\/pd.al\/wp-content\/uploads\/2025\/04\/11-1-300x241.png 300w, https:\/\/pd.al\/wp-content\/uploads\/2025\/04\/11-1-768x617.png 768w\" alt=\"\" width=\"1017\" height=\"817\" data-id=\"20993\" \/><\/figure>\n<figure class=\"wp-block-image size-large\"><img loading=\"lazy\" decoding=\"async\" class=\"wp-image-20997\" src=\"https:\/\/pd.al\/wp-content\/uploads\/2025\/04\/10-1.png\" sizes=\"auto, (max-width: 1008px) 100vw, 1008px\" srcset=\"https:\/\/pd.al\/wp-content\/uploads\/2025\/04\/10-1.png 1008w, https:\/\/pd.al\/wp-content\/uploads\/2025\/04\/10-1-300x247.png 300w, https:\/\/pd.al\/wp-content\/uploads\/2025\/04\/10-1-768x633.png 768w\" alt=\"\" width=\"1008\" height=\"831\" data-id=\"20997\" \/><\/figure>\n<figure class=\"wp-block-image size-large\"><img loading=\"lazy\" decoding=\"async\" class=\"wp-image-20996\" src=\"https:\/\/pd.al\/wp-content\/uploads\/2025\/04\/9-2-1024x833.png\" sizes=\"auto, (max-width: 1024px) 100vw, 1024px\" srcset=\"https:\/\/pd.al\/wp-content\/uploads\/2025\/04\/9-2-1024x833.png 1024w, https:\/\/pd.al\/wp-content\/uploads\/2025\/04\/9-2-300x244.png 300w, https:\/\/pd.al\/wp-content\/uploads\/2025\/04\/9-2-768x624.png 768w, https:\/\/pd.al\/wp-content\/uploads\/2025\/04\/9-2.png 1027w\" alt=\"\" width=\"1024\" height=\"833\" data-id=\"20996\" \/><\/figure>\n<figure class=\"wp-block-image size-large\"><img loading=\"lazy\" decoding=\"async\" class=\"wp-image-21001\" src=\"https:\/\/pd.al\/wp-content\/uploads\/2025\/04\/8-2.png\" sizes=\"auto, (max-width: 1018px) 100vw, 1018px\" srcset=\"https:\/\/pd.al\/wp-content\/uploads\/2025\/04\/8-2.png 1018w, https:\/\/pd.al\/wp-content\/uploads\/2025\/04\/8-2-300x244.png 300w, https:\/\/pd.al\/wp-content\/uploads\/2025\/04\/8-2-768x625.png 768w\" alt=\"\" width=\"1018\" height=\"829\" data-id=\"21001\" \/><\/figure>\n<figure class=\"wp-block-image size-large\"><img loading=\"lazy\" decoding=\"async\" class=\"wp-image-20999\" src=\"https:\/\/pd.al\/wp-content\/uploads\/2025\/04\/7-1.png\" sizes=\"auto, (max-width: 1024px) 100vw, 1024px\" srcset=\"https:\/\/pd.al\/wp-content\/uploads\/2025\/04\/7-1.png 1024w, https:\/\/pd.al\/wp-content\/uploads\/2025\/04\/7-1-300x263.png 300w, https:\/\/pd.al\/wp-content\/uploads\/2025\/04\/7-1-768x672.png 768w\" alt=\"\" width=\"1024\" height=\"896\" data-id=\"20999\" \/><\/figure>\n<figure class=\"wp-block-image size-large\"><img loading=\"lazy\" decoding=\"async\" class=\"wp-image-21000\" src=\"https:\/\/pd.al\/wp-content\/uploads\/2025\/04\/6-1.png\" sizes=\"auto, (max-width: 1014px) 100vw, 1014px\" srcset=\"https:\/\/pd.al\/wp-content\/uploads\/2025\/04\/6-1.png 1014w, https:\/\/pd.al\/wp-content\/uploads\/2025\/04\/6-1-300x255.png 300w, https:\/\/pd.al\/wp-content\/uploads\/2025\/04\/6-1-768x654.png 768w\" alt=\"\" width=\"1014\" height=\"863\" data-id=\"21000\" \/><\/figure>\n<figure class=\"wp-block-image size-large\"><img loading=\"lazy\" decoding=\"async\" class=\"wp-image-20994\" src=\"https:\/\/pd.al\/wp-content\/uploads\/2025\/04\/5-1.png\" sizes=\"auto, (max-width: 1010px) 100vw, 1010px\" srcset=\"https:\/\/pd.al\/wp-content\/uploads\/2025\/04\/5-1.png 1010w, https:\/\/pd.al\/wp-content\/uploads\/2025\/04\/5-1-300x258.png 300w, https:\/\/pd.al\/wp-content\/uploads\/2025\/04\/5-1-768x662.png 768w\" alt=\"\" width=\"1010\" height=\"870\" data-id=\"20994\" \/><\/figure>\n<figure class=\"wp-block-image size-large\"><img loading=\"lazy\" decoding=\"async\" class=\"wp-image-20998\" src=\"https:\/\/pd.al\/wp-content\/uploads\/2025\/04\/4-3.png\" sizes=\"auto, (max-width: 990px) 100vw, 990px\" srcset=\"https:\/\/pd.al\/wp-content\/uploads\/2025\/04\/4-3.png 990w, https:\/\/pd.al\/wp-content\/uploads\/2025\/04\/4-3-300x190.png 300w, https:\/\/pd.al\/wp-content\/uploads\/2025\/04\/4-3-768x486.png 768w\" alt=\"\" width=\"990\" height=\"627\" data-id=\"20998\" \/><\/figure>\n<\/figure>\n<p>Jo vet\u00ebm q\u00eb personi i lidhur me zyrtarin ushtron veprimtari tregtare, por sipas t\u00eb dh\u00ebnave t\u00eb nxjerra nga Spending data rezulton se subjekti \u2018Veba 45\u2019 shpk ka p\u00ebrfituar fonde publike nga institucione t\u00eb ndryshme shtet\u00ebrore p\u00ebrfshir\u00eb ato ku ka patur marr\u00ebdh\u00ebnie pune ministri Hoxha, e konkretisht Administrata Qendrore e Inspektoriatit Shtet\u00ebror t\u00eb Pun\u00ebs, Drejtoria e P\u00ebrgjithshme e Tatimeve, Agjencia e zhvillimit t\u00eb territorit, Drejtoria e P\u00ebrgjithshme e Burgjeve, Komisioner\u00ebt Publik\u00eb, Drejtoria e P\u00ebrgjithshme e Uj\u00ebsjell\u00ebs-Kanalizimeve, etj.<\/p>\n<p>Nuk \u00ebsht\u00eb \u00e7udi q\u00eb \u2018blerjet e vogla\u2019 deri 10 mij\u00eb euro t\u00eb Ballukut p\u00ebr larje automjeti t\u00eb kishin objektiv d\u00ebrgimin e parave publike n\u00eb nd\u00ebrtes\u00ebn n\u00eb krah t\u00eb KM ku ndodhet lavazhi i familjes s\u00eb ministrit Hoxha.<\/p>\n<figure class=\"wp-block-image size-large\"><img loading=\"lazy\" decoding=\"async\" class=\"wp-image-21002\" src=\"https:\/\/pd.al\/wp-content\/uploads\/2025\/04\/14-1024x655.png\" sizes=\"auto, (max-width: 1024px) 100vw, 1024px\" srcset=\"https:\/\/pd.al\/wp-content\/uploads\/2025\/04\/14-1024x655.png 1024w, https:\/\/pd.al\/wp-content\/uploads\/2025\/04\/14-300x192.png 300w, https:\/\/pd.al\/wp-content\/uploads\/2025\/04\/14-768x491.png 768w, https:\/\/pd.al\/wp-content\/uploads\/2025\/04\/14.png 1193w\" alt=\"\" width=\"1024\" height=\"655\" \/><\/figure>\n<figure class=\"wp-block-image size-large\"><img loading=\"lazy\" decoding=\"async\" class=\"wp-image-21003\" src=\"https:\/\/pd.al\/wp-content\/uploads\/2025\/04\/15-1024x638.png\" sizes=\"auto, (max-width: 1024px) 100vw, 1024px\" srcset=\"https:\/\/pd.al\/wp-content\/uploads\/2025\/04\/15-1024x638.png 1024w, https:\/\/pd.al\/wp-content\/uploads\/2025\/04\/15-300x187.png 300w, https:\/\/pd.al\/wp-content\/uploads\/2025\/04\/15-768x478.png 768w, https:\/\/pd.al\/wp-content\/uploads\/2025\/04\/15.png 1423w\" alt=\"\" width=\"1024\" height=\"638\" \/><\/figure>\n<p>Prandaj edhe specifikimet teknike t\u00eb vendosura n\u00eb ftes\u00ebn p\u00ebr ofert\u00eb t\u00eb procedur\u00ebs me objekt \u2018Sh\u00ebrbim larje autovetura, tapiceri\u2019 q\u00eb do t\u00eb zhvillohej n\u00eb 28 Mars, i p\u00ebrshtateshin fiks lavazhit e parkimit t\u00eb Veba 45 shpk.<\/p>\n<p>Sapo lajmi mori dhen\u00eb e u denoncua nga lideri i opozit\u00ebs Profesor Doktor Sali Berisha, MIE anuloi menj\u00ebher\u00eb procedur\u00ebn me justifikimin se dokumentet e tenderit p\u00ebrmbanin gabime dhe mang\u00ebsi t\u00eb r\u00ebnd\u00ebsishme dhe nuk u publikua m\u00eb.<\/p>\n<p>Nuk ka mbetur asnj\u00eb centimet\u00ebr e atdheut t\u00eb cil\u00ebn k\u00ebta nuk duan ta zhvatin. Nga\u00a0 deti n\u00eb mal dhe nga gradacelat e deri te lavazhet e parkimet posht\u00eb tyre.<\/p>\n<p>Partia Demokratike i b\u00ebn thirrje SPAK t\u00eb nis\u00eb hetimet p\u00ebr t\u00eb ballafaquar me ligjin \u00e7do shkel\u00ebs.<\/p>\n","protected":false},"excerpt":{"rendered":"<p>Pak koh\u00eb m\u00eb par\u00eb n\u00eb media u denoncua skandali i nj\u00eb tenderi t\u00eb Ministris\u00eb s\u00eb Infrastruktur\u00ebs dhe Energjetik\u00ebs n\u00eb vler\u00ebn e 10 mij\u00eb eurove n\u00eb muaj, p\u00ebr t\u00eb lar\u00eb 10 automjete t\u00eb shefave dhe drejtor\u00ebve t\u00eb k\u00ebtij institucioni, ku lista kryesohej nga automjeti \u201cAudi A8\u201d me t\u00eb cilin l\u00ebviz ministrja Belinda Balluku. Kjo e fundit &hellip;<\/p>\n","protected":false},"author":4,"featured_media":111925,"comment_status":"closed","ping_status":"closed","sticky":false,"template":"","format":"standard","meta":{"footnotes":""},"categories":[37],"tags":[],"class_list":["post-111924","post","type-post","status-publish","format-standard","has-post-thumbnail","","category-politike"],"_links":{"self":[{"href":"https:\/\/rdnews.al\/index.php\/wp-json\/wp\/v2\/posts\/111924","targetHints":{"allow":["GET"]}}],"collection":[{"href":"https:\/\/rdnews.al\/index.php\/wp-json\/wp\/v2\/posts"}],"about":[{"href":"https:\/\/rdnews.al\/index.php\/wp-json\/wp\/v2\/types\/post"}],"author":[{"embeddable":true,"href":"https:\/\/rdnews.al\/index.php\/wp-json\/wp\/v2\/users\/4"}],"replies":[{"embeddable":true,"href":"https:\/\/rdnews.al\/index.php\/wp-json\/wp\/v2\/comments?post=111924"}],"version-history":[{"count":1,"href":"https:\/\/rdnews.al\/index.php\/wp-json\/wp\/v2\/posts\/111924\/revisions"}],"predecessor-version":[{"id":111926,"href":"https:\/\/rdnews.al\/index.php\/wp-json\/wp\/v2\/posts\/111924\/revisions\/111926"}],"wp:featuredmedia":[{"embeddable":true,"href":"https:\/\/rdnews.al\/index.php\/wp-json\/wp\/v2\/media\/111925"}],"wp:attachment":[{"href":"https:\/\/rdnews.al\/index.php\/wp-json\/wp\/v2\/media?parent=111924"}],"wp:term":[{"taxonomy":"category","embeddable":true,"href":"https:\/\/rdnews.al\/index.php\/wp-json\/wp\/v2\/categories?post=111924"},{"taxonomy":"post_tag","embeddable":true,"href":"https:\/\/rdnews.al\/index.php\/wp-json\/wp\/v2\/tags?post=111924"}],"curies":[{"name":"wp","href":"https:\/\/api.w.org\/{rel}","templated":true}]}}