{"id":111927,"date":"2025-04-26T16:45:11","date_gmt":"2025-04-26T16:45:11","guid":{"rendered":"https:\/\/rdnews.al\/?p=111927"},"modified":"2025-04-26T16:45:11","modified_gmt":"2025-04-26T16:45:11","slug":"topalli-kemi-ne-dore-te-tregojme-qe-ne-jemi-fuqia-e-ndryshimit","status":"publish","type":"post","link":"https:\/\/rdnews.al\/index.php\/2025\/04\/26\/topalli-kemi-ne-dore-te-tregojme-qe-ne-jemi-fuqia-e-ndryshimit\/","title":{"rendered":"Topalli: Kemi n\u00eb dor\u00eb t\u00eb tregojm\u00eb q\u00eb ne jemi fuqia e ndryshimit!"},"content":{"rendered":"<p>Drejtuesja politike p\u00ebr Diaspor\u00ebn n\u00eb PD, Jozefina Topalli, ishte sot pjes\u00ebmarr\u00ebse n\u00eb takimin me grat\u00eb dhe vajzat t\u00eb organizuar nga Partia Demokratike, me pjes\u00ebmarrjen e kryetarit Sali Berisha.<\/p>\n<p>Topalli ka ndar\u00eb nj\u00eb moment nga ky takim, ku n\u00eb rrjetet sociale ka postuar nj\u00eb foto me disa prej grave pjes\u00ebmarr\u00ebse n\u00eb takimin e PD.<\/p>\n<p><strong>Postimi i Jozefina Topallit:<\/strong><\/p>\n<p>Sot, n\u00eb konferenc\u00eb kushtuar grave. N\u00eb \u00e7do koh\u00eb, n\u00eb \u00e7do shoq\u00ebri, n\u00eb \u00e7do betej\u00eb, ajo ka qen\u00eb aty:<\/p>\n<p>E heshtur n\u00eb dhimbje, por e madhe n\u00eb guxim. M\u00eb 11 maj, kemi n\u00eb dor\u00eb t\u00eb tregojm\u00eb q\u00eb ne nuk jemi vet\u00ebm zemra e familjes, por edhe fuqia e ndryshimit.<\/p>\n<p>Le t\u00eb dalim me dinjitet. T\u00eb votojm\u00eb Nr. 1\ufe0f\u20e3.<\/p>\n<p>P\u00ebr nj\u00eb t\u00eb ardhme m\u00eb t\u00eb mir\u00eb, p\u00ebr nj\u00eb Shqip\u00ebri q\u00eb i mban n\u00ebnat dhe bijat e saj pran\u00eb, dhe nuk i detyron t\u00eb largohen.<\/p>\n","protected":false},"excerpt":{"rendered":"<p>Drejtuesja politike p\u00ebr Diaspor\u00ebn n\u00eb PD, Jozefina Topalli, ishte sot pjes\u00ebmarr\u00ebse n\u00eb takimin me grat\u00eb dhe vajzat t\u00eb organizuar nga Partia Demokratike, me pjes\u00ebmarrjen e kryetarit Sali Berisha. Topalli ka ndar\u00eb nj\u00eb moment nga ky takim, ku n\u00eb rrjetet sociale ka postuar nj\u00eb foto me disa prej grave pjes\u00ebmarr\u00ebse n\u00eb takimin e PD. Postimi i &hellip;<\/p>\n","protected":false},"author":4,"featured_media":111928,"comment_status":"closed","ping_status":"closed","sticky":false,"template":"","format":"standard","meta":{"footnotes":""},"categories":[37],"tags":[],"class_list":["post-111927","post","type-post","status-publish","format-standard","has-post-thumbnail","","category-politike"],"_links":{"self":[{"href":"https:\/\/rdnews.al\/index.php\/wp-json\/wp\/v2\/posts\/111927","targetHints":{"allow":["GET"]}}],"collection":[{"href":"https:\/\/rdnews.al\/index.php\/wp-json\/wp\/v2\/posts"}],"about":[{"href":"https:\/\/rdnews.al\/index.php\/wp-json\/wp\/v2\/types\/post"}],"author":[{"embeddable":true,"href":"https:\/\/rdnews.al\/index.php\/wp-json\/wp\/v2\/users\/4"}],"replies":[{"embeddable":true,"href":"https:\/\/rdnews.al\/index.php\/wp-json\/wp\/v2\/comments?post=111927"}],"version-history":[{"count":1,"href":"https:\/\/rdnews.al\/index.php\/wp-json\/wp\/v2\/posts\/111927\/revisions"}],"predecessor-version":[{"id":111929,"href":"https:\/\/rdnews.al\/index.php\/wp-json\/wp\/v2\/posts\/111927\/revisions\/111929"}],"wp:featuredmedia":[{"embeddable":true,"href":"https:\/\/rdnews.al\/index.php\/wp-json\/wp\/v2\/media\/111928"}],"wp:attachment":[{"href":"https:\/\/rdnews.al\/index.php\/wp-json\/wp\/v2\/media?parent=111927"}],"wp:term":[{"taxonomy":"category","embeddable":true,"href":"https:\/\/rdnews.al\/index.php\/wp-json\/wp\/v2\/categories?post=111927"},{"taxonomy":"post_tag","embeddable":true,"href":"https:\/\/rdnews.al\/index.php\/wp-json\/wp\/v2\/tags?post=111927"}],"curies":[{"name":"wp","href":"https:\/\/api.w.org\/{rel}","templated":true}]}}