{"id":111930,"date":"2025-04-26T16:49:31","date_gmt":"2025-04-26T16:49:31","guid":{"rendered":"https:\/\/rdnews.al\/?p=111930"},"modified":"2025-04-26T16:50:15","modified_gmt":"2025-04-26T16:50:15","slug":"konferenca-bota-e-autizmit-liri-berisha-dhe-salvador-kacaj-vleresohen-me-medalje-merite-nga-presidenti-i-urdhrit-sovran-te-maltes","status":"publish","type":"post","link":"https:\/\/rdnews.al\/index.php\/2025\/04\/26\/konferenca-bota-e-autizmit-liri-berisha-dhe-salvador-kacaj-vleresohen-me-medalje-merite-nga-presidenti-i-urdhrit-sovran-te-maltes\/","title":{"rendered":"Konferenca \u201cBota e Autizmit\u201d\/ Liri Berisha vler\u00ebsohet me \u201cMedalje Merite\u201d nga Presidenti i Urdhrit Sovran t\u00eb Malt\u00ebs"},"content":{"rendered":"<p>Dr. Liri Berisha, presidente e Fondacionit \u2018F\u00ebmij\u00ebt Shqiptar\u00eb\u2019 dhe Salvador Ka\u00e7aj u vler\u00ebsuan me \u201cMedalje Merite\u201d nga Konfederata Nd\u00ebrkomb\u00ebtare e Prioritateve t\u00eb M\u00ebdha Autonome, Kalor\u00ebsit e Malt\u00ebs, gjat\u00eb punimeve t\u00eb konferenc\u00ebs shkencore \u201cBota e Autizmit\u201d, mbajtur n\u00eb Tiran\u00eb.<\/p>\n<p>Teksa shprehu mir\u00ebnjohje p\u00ebr vler\u00ebsimin, Doktor Liri Berisha theksoi r\u00ebnd\u00ebsin\u00eb q\u00eb ka d\u00ebgjimi i profesionist\u00ebve t\u00eb fush\u00ebs nga mjek\u00ebt e rinj, n\u00eb m\u00ebnyr\u00eb q\u00eb kontributi n\u00eb sjelljen e shpres\u00ebs p\u00ebr f\u00ebmij\u00ebt autik\u00eb t\u00eb jet\u00eb sa m\u00eb i madh.<\/p>\n<p>\u201c<em>Autizmi nuk mund t\u00eb quhet m\u00eb sindrom\u00eb izolimi. Ai mund t\u00eb sfidohet nga prind\u00ebrit heronj, si\u00e7 jeni ju dhe nga specialist\u00ebt q\u00eb jeni po n\u00eb k\u00ebt\u00eb sall\u00eb. Dua t\u00eb theksoj fort se sot m\u00eb shum\u00eb se kurr\u00eb, z\u00ebri i profesionist\u00ebve<\/em><em> t\u00eb v\u00ebrtet\u00eb t\u00eb fush\u00ebs, dhe risit\u00eb e konferencave t\u00eb tilla duhet t\u00eb d\u00ebgjohen m\u00eb shum\u00eb nga ju mediat, vet\u00ebm k\u00ebshtu do t\u00eb p\u00ebrcjellim mesazhin e kolauduar shkenc\u00ebrisht dhe p\u00ebr rrjedhoj\u00eb do t\u00eb kemi qasjen e duhur n\u00eb zgjidhjen e \u00e7\u00ebshtjeve q\u00eb ne sot na mungojn\u00eb.<\/em><\/p>\n<p><em>Do t\u00eb doja q\u00eb profesionist\u00ebt e rinj t\u00eb fush\u00ebs, ata q\u00eb jan\u00eb sot n\u00eb hapat e para t\u00eb trajtimit t\u00eb f\u00ebmij\u00ebve t\u00eb vegj\u00ebl me k\u00ebt\u00eb fenomen, t\u00eb b\u00ebhen sy e vesh\u00eb ndaj profesionist\u00ebve m\u00eb n\u00eb z\u00eb q\u00eb ka fituar sot ky format shkencor, dhe t\u00eb p\u00ebrfitojn\u00eb sa m\u00eb shum\u00eb nga eksperienca dhe faktet q\u00eb ata do t\u00eb sjellin k\u00ebto dit\u00eb n\u00eb vendin ton\u00eb.<\/em><\/p>\n<p><em>Fondacioni \u2018F\u00ebmij\u00ebt Shqiptar\u00eb\u2019, si\u00e7 e ka b\u00ebr\u00eb tradit\u00eb organizimin e konferencave t\u00eb t\u00eb gjitha profileve, do t\u00eb vijoj\u00eb t\u00eb jet\u00eb z\u00ebri i tyre t\u00eb gjith\u00ebve n\u00eb bot\u00ebn e autizmit. Z\u00ebri i profesionist\u00ebve, i mjek\u00ebve, i akademik\u00ebve, i prind\u00ebrve, si dhe i f\u00ebmij\u00ebve tashm\u00eb t\u00eb rritur q\u00eb artikulojn\u00eb kaq bukur dhe lirsh\u00ebm mesazhet e tyre.<\/em><\/p>\n<p><em>N\u00eb fillimin e punimeve t\u00eb k\u00ebsaj konference, dua t\u00eb p\u00ebrcjell fal\u00ebnderim p\u00ebr t\u00eb gjitha p\u00ebrpjekjet q\u00eb po b\u00ebni, duke sjell\u00eb pak drit\u00eb dhe shpres\u00eb n\u00eb familjet q\u00eb vuajn\u00eb k\u00ebt\u00eb diagnoz\u00eb.Shpresoj q\u00eb Tirana dhe fondacioni \u2018F\u00ebmij\u00ebt Shqiptar\u00eb\u2019 t\u00eb jen\u00eb s\u00ebrish mikprit\u00ebsit e projekteve madhore n\u00eb bot\u00ebn e autizmit\u201d\u00a0<\/em>\u2013 tha Liri Berisha.<\/p>\n<p>N\u00eb fjal\u00ebn e tij, Salvador Ka\u00e7aj p\u00ebrfaq\u00ebsues i Prioris\u00eb s\u00eb Madhe Autonome t\u00eb Kalor\u00ebsve t\u00eb Malt\u00ebs n\u00eb Shqip\u00ebri b\u00ebri thirrje p\u00ebr nj\u00eb shoq\u00ebri m\u00eb t\u00eb ndjeshme, m\u00eb t\u00eb dashur dhe m\u00eb njer\u00ebzore ndaj personave n\u00eb spektrin e autizmit.<\/p>\n<p><em>\u201cUn\u00eb vet\u00eb kam nj\u00eb pjes\u00ebtar n\u00eb familjen time me autiz\u00ebm, nipin tim. P\u00ebr shkak se i ati i tij ka nd\u00ebrruar jet\u00eb, jam kujdesur un\u00eb p\u00ebr t\u00eb. K\u00ebta f\u00ebmij\u00eb kan\u00eb nevoj\u00eb p\u00ebr shum\u00eb dashuri dhe urt\u00ebsi. Jam edhe un\u00eb i emocionuar, ashtu si\u00e7 tha edhe doktoresha, sepse p\u00ebr fat t\u00eb keq shoq\u00ebria jon\u00eb nuk \u00ebsht\u00eb ende mjaft e ndjeshme. K\u00ebtu kan\u00eb ardhur njer\u00ebz nga e gjith\u00eb bota p\u00ebr t\u00eb mb\u00ebshtetur k\u00ebt\u00eb shtres\u00eb t\u00eb ndjeshme. I fal\u00ebnderoj t\u00eb gjith\u00eb zot\u00ebrinjt\u00eb dhe zonjat q\u00eb kan\u00eb ardhur nga jasht\u00eb kufijve tan\u00eb p\u00ebr t\u00eb ndihmuar k\u00ebta f\u00ebmij\u00eb. P\u00ebr hir t\u00eb s\u00eb v\u00ebrtet\u00ebs, \u00ebsht\u00eb detyr\u00eb e shoq\u00ebris\u00eb son\u00eb t\u00eb jemi m\u00eb t\u00eb ndjesh\u00ebm, m\u00eb t\u00eb v\u00ebrtet\u00eb, m\u00eb njer\u00ebzor\u00eb ndaj tyre.<\/em><\/p>\n<p><em>Kjo shtres\u00eb ka nevoj\u00eb p\u00ebr ne. Jan\u00eb shtresa m\u00eb brilante, m\u00eb t\u00eb mir\u00eb se ne. Ai q\u00eb nuk e kupton k\u00ebt\u00eb, i mjeri ai, sepse nj\u00eb dit\u00eb do t\u00eb d\u00ebnohet dhe do t\u00eb jap\u00eb llogari para Zotit.P\u00ebr k\u00ebta f\u00ebmij\u00eb, Zoti i tyre n\u00eb tok\u00eb jemi ne, ne q\u00eb duhet t\u00eb kujdesemi p\u00ebr ta dhe t\u2019u sh\u00ebrbejm\u00eb me p\u00ebrkushtim. Dua t\u2019ju fal\u00ebnderoj p\u00ebrzem\u00ebrsisht dhe shpresoj q\u00eb vitin tjet\u00ebr, n\u00eb muajin e autizmit, t\u00eb organizojm\u00eb nj\u00eb konferenc\u00eb edhe m\u00eb t\u00eb madhe. Un\u00eb jam i p\u00ebrkushtuar, s\u00eb bashku me Urdhrin e Malt\u00ebs, p\u00ebr t\u00eb kontribuar n\u00eb t\u00eb gjith\u00eb Shqip\u00ebrin\u00eb n\u00eb mb\u00ebshtetje t\u00eb k\u00ebtyre f\u00ebmij\u00ebve dhe p\u00ebr \u00e7do njeri q\u00eb ndihmon k\u00ebt\u00eb shtres\u00eb.<\/em><\/p>\n<p><em>Kjo shtres\u00eb meriton me shpirt dhe me zem\u00ebr sh\u00ebrbim, dashuri dhe p\u00ebrkushtim. U uroj t\u00eb gjith\u00ebve q\u00eb kan\u00eb k\u00ebta f\u00ebmij\u00eb jet\u00eb t\u00eb gjat\u00eb, dhe sa m\u00eb shum\u00eb dashuri e ngroht\u00ebsi n\u00eb jet\u00ebn e tyre\u201d,<\/em>\u00a0u shpreh Salvador Ka\u00e7aj.<\/p>\n<p>N\u00eb konferenc\u00ebn shkencore nd\u00ebrkomb\u00ebtare \u201cBota e Autizmit\u201d mor\u00ebn pjes\u00eb profesor\u00eb dhe mjek\u00eb vendas e t\u00eb huaj, t\u00eb cil\u00ebt dhan\u00eb kontributin e tyre p\u00ebrmes qasjeve teorike dhe praktike n\u00eb avancimin e studimeve p\u00ebr autizmin.<\/p>\n","protected":false},"excerpt":{"rendered":"<p>Dr. Liri Berisha, presidente e Fondacionit \u2018F\u00ebmij\u00ebt Shqiptar\u00eb\u2019 dhe Salvador Ka\u00e7aj u vler\u00ebsuan me \u201cMedalje Merite\u201d nga Konfederata Nd\u00ebrkomb\u00ebtare e Prioritateve t\u00eb M\u00ebdha Autonome, Kalor\u00ebsit e Malt\u00ebs, gjat\u00eb punimeve t\u00eb konferenc\u00ebs shkencore \u201cBota e Autizmit\u201d, mbajtur n\u00eb Tiran\u00eb. Teksa shprehu mir\u00ebnjohje p\u00ebr vler\u00ebsimin, Doktor Liri Berisha theksoi r\u00ebnd\u00ebsin\u00eb q\u00eb ka d\u00ebgjimi i profesionist\u00ebve t\u00eb fush\u00ebs &hellip;<\/p>\n","protected":false},"author":4,"featured_media":111931,"comment_status":"closed","ping_status":"closed","sticky":false,"template":"","format":"standard","meta":{"footnotes":""},"categories":[37],"tags":[],"class_list":["post-111930","post","type-post","status-publish","format-standard","has-post-thumbnail","","category-politike"],"_links":{"self":[{"href":"https:\/\/rdnews.al\/index.php\/wp-json\/wp\/v2\/posts\/111930","targetHints":{"allow":["GET"]}}],"collection":[{"href":"https:\/\/rdnews.al\/index.php\/wp-json\/wp\/v2\/posts"}],"about":[{"href":"https:\/\/rdnews.al\/index.php\/wp-json\/wp\/v2\/types\/post"}],"author":[{"embeddable":true,"href":"https:\/\/rdnews.al\/index.php\/wp-json\/wp\/v2\/users\/4"}],"replies":[{"embeddable":true,"href":"https:\/\/rdnews.al\/index.php\/wp-json\/wp\/v2\/comments?post=111930"}],"version-history":[{"count":2,"href":"https:\/\/rdnews.al\/index.php\/wp-json\/wp\/v2\/posts\/111930\/revisions"}],"predecessor-version":[{"id":111933,"href":"https:\/\/rdnews.al\/index.php\/wp-json\/wp\/v2\/posts\/111930\/revisions\/111933"}],"wp:featuredmedia":[{"embeddable":true,"href":"https:\/\/rdnews.al\/index.php\/wp-json\/wp\/v2\/media\/111931"}],"wp:attachment":[{"href":"https:\/\/rdnews.al\/index.php\/wp-json\/wp\/v2\/media?parent=111930"}],"wp:term":[{"taxonomy":"category","embeddable":true,"href":"https:\/\/rdnews.al\/index.php\/wp-json\/wp\/v2\/categories?post=111930"},{"taxonomy":"post_tag","embeddable":true,"href":"https:\/\/rdnews.al\/index.php\/wp-json\/wp\/v2\/tags?post=111930"}],"curies":[{"name":"wp","href":"https:\/\/api.w.org\/{rel}","templated":true}]}}