{"id":111934,"date":"2025-04-26T16:53:06","date_gmt":"2025-04-26T16:53:06","guid":{"rendered":"https:\/\/rdnews.al\/?p=111934"},"modified":"2025-04-26T16:53:06","modified_gmt":"2025-04-26T16:53:06","slug":"kellici-ne-diber-po-tentohet-te-implementohet-manuali-184-2-edi-rama-kerkon-te-pergjake-dibren","status":"publish","type":"post","link":"https:\/\/rdnews.al\/index.php\/2025\/04\/26\/kellici-ne-diber-po-tentohet-te-implementohet-manuali-184-2-edi-rama-kerkon-te-pergjake-dibren\/","title":{"rendered":"K\u00eblli\u00e7i: N\u00eb Dib\u00ebr po tentohet t\u00eb implementohet manuali 184\/2, Edi Rama k\u00ebrkon t\u00eb p\u00ebrgjak\u00eb Dibr\u00ebn"},"content":{"rendered":"<p><strong>Deklarata e an\u00ebtarit t\u00eb kryesis\u00eb s\u00eb PD, Belind K\u00eblli\u00e7i: \u00a0\u00a0\u00a0\u00a0\u00a0\u00a0\u00a0\u00a0\u00a0\u00a0\u00a0<\/strong><\/p>\n<p>T\u00eb nderuar qytetar\u00eb,<\/p>\n<p>N\u00eb Dib\u00ebr po tentohet t\u00eb implementohet me dhun\u00eb Manuali 184\/2. \u00cbsht\u00eb momenti q\u00eb SPAK t\u00eb d\u00ebshmoj\u00eb se nuk \u00ebsht\u00eb peng dhe as \u00c7yryk!<\/p>\n<p>Vet\u00ebm pak dit\u00eb pasi Drejtuesi Politik i Qarkut Dib\u00ebr, Blendi Klosi, k\u00ebrc\u00ebnonte diaspor\u00ebn\u00a0 se\u00a0 patronazhist\u00ebt e tij do e merrnin\u00a0 vesh me \u00e7do mjet se p\u00ebr k\u00eb do votonin, Partia Socialiste n\u00eb Dib\u00ebr, duke ndjer\u00eb humbjen\u00a0 e thell\u00eb m\u00eb 11 Maj, nuk po i\u00a0 ndal tentativat e dhun\u00ebs dhe p\u00ebrpjekjen e saj p\u00ebr t\u00eb ushtruar terror ndaj demokrat\u00ebve dhe qytetar\u00ebve t\u00eb qarkut Dib\u00ebr.<\/p>\n<figure class=\"wp-block-video\"><video src=\"https:\/\/pd.al\/wp-content\/uploads\/2025\/04\/Dhuna-e-Jeton-Danit-ndaj-Shaqir-Manjanit.mp4\" controls=\"controls\" width=\"300\" height=\"150\" data-mce-fragment=\"1\"><\/video><\/figure>\n<p>Partia Demokratike d\u00ebnon me ashp\u00ebrsin\u00eb m\u00eb t\u00eb madhe dhun\u00ebn fizike t\u00eb paprecedent\u00eb q\u00eb, Jeton Dani, babai i kandidatit t\u00eb Partis\u00eb Socialiste Murat Dani, s\u00eb bashku me disa mb\u00ebshtet\u00ebs t\u00eb tij, s\u00ebbashku me disa vras\u00ebs si dhe mercenar\u00eb n\u00eb Policin\u00eb e Bulqiz\u00ebs, kan\u00eb ushtruar ndaj kreut t\u00eb deg\u00ebs s\u00eb Partis\u00eb Demokratike Bulqiz\u00eb, Shaqir Manjani dhe kryetarit t\u00eb Forumit Rinor n\u00eb Bulqiz\u00eb, Klajdi Patria, t\u00eb dy politikan\u00eb model n\u00eb zon\u00eb, shembull t\u00eb qytetaris\u00eb dhe integritetit.<\/p>\n<p>Pamjet e b\u00ebra publike tregojn\u00eb qart\u00eb se kush jan\u00eb agresor\u00ebt dhe ata q\u00eb po tentojn\u00eb t\u00eb p\u00ebrgjakin fushat\u00ebn elektorale n\u00eb Qarkun Dib\u00ebr, teksa konflikti ka agravuar n\u00eb p\u00ebrplasje t\u00eb dhunshme mes pal\u00ebve dhe Policia e Bulqiz\u00ebs n\u00eb vend q\u00eb t\u00eb d\u00ebrgoj\u00eb n\u00eb SPAK Jeton Danin, me urdh\u00ebr politik kall\u00ebzon Drejtuesin Politik t\u00eb PD Xhelal Mziun.<\/p>\n<p>Drejtuesi Politik n\u00eb Qarkun Dib\u00ebr, Deputeti Xhelal Mziu, ka njoftuar strukturat e rendit se po provokohen n\u00eb takime elektorale nga zyrtar\u00eb t\u00eb administrat\u00ebs, por urdhri i drejtuesve t\u00eb Policis\u00eb Dib\u00ebr mesa duket ka qen\u00eb i qart\u00eb t\u00eb zbatohet platforma Edi Ram\u00ebs \u201ch\u00ebngshin kokat e nj\u00ebri-tjetrit\u201d<\/p>\n<p>Eksponent\u00ebt e Partis\u00eb Socialiste t\u00eb cil\u00ebt kan\u00eb marr\u00eb leje p\u00ebr miniera n\u00eb Bulqiz\u00ebn e Mjerimit, t\u00eb mb\u00ebshtetur nga segmente t\u00eb Policis\u00eb s\u00eb Dibr\u00ebs q\u00eb \u00ebsht\u00eb peng i SKY E\u00c7 dhe kanabisit, me k\u00ebto akte agresioni duan t\u00eb na trembin, por i kan\u00eb b\u00ebr\u00eb llogarit\u00eb gabim dhe u b\u00ebj apel t\u00eb mos t\u00eb tentojn\u00eb t\u00eb p\u00ebrgjakin Dibr\u00ebn p\u00ebr llogari t\u00eb kreut t\u00eb narkoshtetit, Edi Ram\u00ebs.<\/p>\n<p>I b\u00ebj thirrje Policis\u00eb s\u00eb Shtetit dhe struktur\u00ebs s\u00eb SPAK q\u00eb drejtohet nga dibrani Altin Dumani, t\u00eb mos q\u00ebndroj\u00eb indiferent\u00eb p\u00ebrball\u00eb platform\u00ebs 184\/2 q\u00eb po tentohet t\u00eb implementohet n\u00eb Dib\u00ebr.<\/p>\n<p>N\u00ebse Altin Dumani nuk e di se cili ka qen\u00eb fati i dosjes 184, e sigurojm\u00eb se pa asnj\u00eb diskutim do ta m\u00ebsoj\u00eb se cili do t\u00eb jet\u00eb fati i dosjes 184\/2 q\u00eb po tentohet t\u00eb implementohet n\u00eb Dib\u00ebr dhe mbar\u00eb veriun e vendit.<\/p>\n<p>Struktura e patronazhist\u00ebve n\u00eb Dib\u00ebr, nuk po i ndal presionet dhe k\u00ebrc\u00ebnimet ndaj administrat\u00ebs duke u k\u00ebrkuar t\u00eb sigurojn\u00eb vota si dhe po u b\u00ebhet presion p\u00ebr familjar\u00ebt e tyre n\u00eb Diaspor\u00eb.<\/p>\n<p>Task Forca e SPAK duhet t\u00eb jap\u00eb shpjegime urgjentisht se ku jan\u00eb me hetimin e krimit zgjedhor n\u00eb Qarkun Dib\u00ebr, nj\u00eb zon\u00eb me risk t\u00eb lart\u00eb p\u00ebr krim elektoral.<\/p>\n<p>I b\u00ebj thirrje SPAK t\u00eb hetoj\u00eb aferat me prona publike q\u00eb Festa Mjeshtri, Kryetarja n\u00eb dor\u00ebn e k\u00ebtyre kriminel\u00ebve, i ka dh\u00ebn\u00eb si shp\u00ebrblim p\u00ebr mb\u00ebshtetjen kriminale zgjedhore n\u00eb zgjedhjen e saj si kryetare.<\/p>\n<p>I b\u00ebjm\u00eb thirrje demokrat\u00ebve t\u00eb Dibr\u00ebs t\u00eb mos tremben dhe t\u00eb mos intimidohen nga k\u00ebta kriminel\u00eb me uniform\u00eb shteti se p\u00ebrgjigjen do ta marrin n\u00eb baz\u00eb t\u00eb ligjit, n\u00eb raport t\u00eb drejt\u00eb me aktet e r\u00ebnda q\u00eb po kryejn\u00eb.<\/p>\n<p>K\u00ebta kriminel\u00eb elektoral\u00eb po tentojn\u00eb t\u00eb p\u00ebrgjakin Dibr\u00ebn, por ne do ti mbrojm\u00eb qytetar\u00ebt e Dibr\u00ebs nga k\u00ebto banda.<\/p>\n<p>U b\u00ebj thirrje socialist\u00ebve t\u00eb ndersh\u00ebm t\u00eb Dibr\u00ebs, t\u00eb mos b\u00ebhen kurban\u00eb elektoral\u00eb t\u00eb Blendi Klosit dhe Edi Ram\u00ebs, njeriun q\u00eb p\u00ebr\u00e7mon Dibr\u00ebn dhe mbar\u00eb Shqip\u00ebrin\u00eb.<\/p>\n","protected":false},"excerpt":{"rendered":"<p>Deklarata e an\u00ebtarit t\u00eb kryesis\u00eb s\u00eb PD, Belind K\u00eblli\u00e7i: \u00a0\u00a0\u00a0\u00a0\u00a0\u00a0\u00a0\u00a0\u00a0\u00a0\u00a0 T\u00eb nderuar qytetar\u00eb, N\u00eb Dib\u00ebr po tentohet t\u00eb implementohet me dhun\u00eb Manuali 184\/2. \u00cbsht\u00eb momenti q\u00eb SPAK t\u00eb d\u00ebshmoj\u00eb se nuk \u00ebsht\u00eb peng dhe as \u00c7yryk! Vet\u00ebm pak dit\u00eb pasi Drejtuesi Politik i Qarkut Dib\u00ebr, Blendi Klosi, k\u00ebrc\u00ebnonte diaspor\u00ebn\u00a0 se\u00a0 patronazhist\u00ebt e tij do e &hellip;<\/p>\n","protected":false},"author":4,"featured_media":111613,"comment_status":"closed","ping_status":"closed","sticky":false,"template":"","format":"standard","meta":{"footnotes":""},"categories":[37],"tags":[],"class_list":["post-111934","post","type-post","status-publish","format-standard","has-post-thumbnail","","category-politike"],"_links":{"self":[{"href":"https:\/\/rdnews.al\/index.php\/wp-json\/wp\/v2\/posts\/111934","targetHints":{"allow":["GET"]}}],"collection":[{"href":"https:\/\/rdnews.al\/index.php\/wp-json\/wp\/v2\/posts"}],"about":[{"href":"https:\/\/rdnews.al\/index.php\/wp-json\/wp\/v2\/types\/post"}],"author":[{"embeddable":true,"href":"https:\/\/rdnews.al\/index.php\/wp-json\/wp\/v2\/users\/4"}],"replies":[{"embeddable":true,"href":"https:\/\/rdnews.al\/index.php\/wp-json\/wp\/v2\/comments?post=111934"}],"version-history":[{"count":1,"href":"https:\/\/rdnews.al\/index.php\/wp-json\/wp\/v2\/posts\/111934\/revisions"}],"predecessor-version":[{"id":111935,"href":"https:\/\/rdnews.al\/index.php\/wp-json\/wp\/v2\/posts\/111934\/revisions\/111935"}],"wp:featuredmedia":[{"embeddable":true,"href":"https:\/\/rdnews.al\/index.php\/wp-json\/wp\/v2\/media\/111613"}],"wp:attachment":[{"href":"https:\/\/rdnews.al\/index.php\/wp-json\/wp\/v2\/media?parent=111934"}],"wp:term":[{"taxonomy":"category","embeddable":true,"href":"https:\/\/rdnews.al\/index.php\/wp-json\/wp\/v2\/categories?post=111934"},{"taxonomy":"post_tag","embeddable":true,"href":"https:\/\/rdnews.al\/index.php\/wp-json\/wp\/v2\/tags?post=111934"}],"curies":[{"name":"wp","href":"https:\/\/api.w.org\/{rel}","templated":true}]}}