{"id":111936,"date":"2025-04-26T17:00:48","date_gmt":"2025-04-26T17:00:48","guid":{"rendered":"https:\/\/rdnews.al\/?p=111936"},"modified":"2025-04-26T17:00:48","modified_gmt":"2025-04-26T17:00:48","slug":"leskaj-takime-me-banoret-e-dukatit-ne-themel-te-programit-te-pd-ekonomia-dhe-qytetari","status":"publish","type":"post","link":"https:\/\/rdnews.al\/index.php\/2025\/04\/26\/leskaj-takime-me-banoret-e-dukatit-ne-themel-te-programit-te-pd-ekonomia-dhe-qytetari\/","title":{"rendered":"Leskaj takime me banor\u00ebt e Dukatit: N\u00eb themel t\u00eb programit t\u00eb PD, ekonomia dhe qytetari"},"content":{"rendered":"<p>Drejtuesi Politik i Partis\u00eb Demokratike p\u00ebr Qarkun Vlor\u00eb, Bujar Leskaj ka zhvilluar nj\u00eb takim me banor\u00ebt e fshatit Dukat, n\u00eb nj\u00ebsin\u00eb administrative Orikum, s\u00ebbashku me kandidat\u00ebt p\u00ebr deputet\u00eb t\u00eb PD-ASHM, Selaudin Neloj dhe Atird Hoxha.<\/p>\n<p>Leskaj ka shprehur mb\u00ebshtetje dhe vler\u00ebsim p\u00ebr kandidatin Selaudin Neloj, i cili \u00ebsht\u00eb p\u00ebrfaq\u00ebsues i k\u00ebsaj zone.<\/p>\n<p>Drejtuesi Politik i PD n\u00eb Vlor\u00eb\u00a0ka ndar\u00eb\u00a0pika nga programi i Partis\u00eb Demokratike si rishikimi i reform\u00ebs territorial-administrative p\u00ebr rikthimin e Orikumit Bashki si prioritet i Partis\u00eb Demokratike.<\/p>\n<p>Leskaj ka bere thirrje \u00e7do banori te Dukatit, Radhim\u00ebs, Tragjasit dhe Orikumit, p\u00ebr t\u00eb mb\u00ebshtetur kandidatin e PD-ASHM Selaudin Neloj.<\/p>\n<p><iframe loading=\"lazy\" style=\"border: none; overflow: hidden;\" src=\"https:\/\/www.facebook.com\/plugins\/video.php?height=316&amp;href=https%3A%2F%2Fwww.facebook.com%2Fbujarleskajfaqjazyrtare%2Fvideos%2F1348966049655241%2F&amp;show_text=false&amp;width=560&amp;t=0\" width=\"560\" height=\"316\" frameborder=\"0\" scrolling=\"no\" allowfullscreen=\"allowfullscreen\"><\/iframe><\/p>\n","protected":false},"excerpt":{"rendered":"<p>Drejtuesi Politik i Partis\u00eb Demokratike p\u00ebr Qarkun Vlor\u00eb, Bujar Leskaj ka zhvilluar nj\u00eb takim me banor\u00ebt e fshatit Dukat, n\u00eb nj\u00ebsin\u00eb administrative Orikum, s\u00ebbashku me kandidat\u00ebt p\u00ebr deputet\u00eb t\u00eb PD-ASHM, Selaudin Neloj dhe Atird Hoxha. Leskaj ka shprehur mb\u00ebshtetje dhe vler\u00ebsim p\u00ebr kandidatin Selaudin Neloj, i cili \u00ebsht\u00eb p\u00ebrfaq\u00ebsues i k\u00ebsaj zone. Drejtuesi Politik i &hellip;<\/p>\n","protected":false},"author":4,"featured_media":111937,"comment_status":"closed","ping_status":"closed","sticky":false,"template":"","format":"standard","meta":{"footnotes":""},"categories":[37],"tags":[],"class_list":["post-111936","post","type-post","status-publish","format-standard","has-post-thumbnail","","category-politike"],"_links":{"self":[{"href":"https:\/\/rdnews.al\/index.php\/wp-json\/wp\/v2\/posts\/111936","targetHints":{"allow":["GET"]}}],"collection":[{"href":"https:\/\/rdnews.al\/index.php\/wp-json\/wp\/v2\/posts"}],"about":[{"href":"https:\/\/rdnews.al\/index.php\/wp-json\/wp\/v2\/types\/post"}],"author":[{"embeddable":true,"href":"https:\/\/rdnews.al\/index.php\/wp-json\/wp\/v2\/users\/4"}],"replies":[{"embeddable":true,"href":"https:\/\/rdnews.al\/index.php\/wp-json\/wp\/v2\/comments?post=111936"}],"version-history":[{"count":1,"href":"https:\/\/rdnews.al\/index.php\/wp-json\/wp\/v2\/posts\/111936\/revisions"}],"predecessor-version":[{"id":111938,"href":"https:\/\/rdnews.al\/index.php\/wp-json\/wp\/v2\/posts\/111936\/revisions\/111938"}],"wp:featuredmedia":[{"embeddable":true,"href":"https:\/\/rdnews.al\/index.php\/wp-json\/wp\/v2\/media\/111937"}],"wp:attachment":[{"href":"https:\/\/rdnews.al\/index.php\/wp-json\/wp\/v2\/media?parent=111936"}],"wp:term":[{"taxonomy":"category","embeddable":true,"href":"https:\/\/rdnews.al\/index.php\/wp-json\/wp\/v2\/categories?post=111936"},{"taxonomy":"post_tag","embeddable":true,"href":"https:\/\/rdnews.al\/index.php\/wp-json\/wp\/v2\/tags?post=111936"}],"curies":[{"name":"wp","href":"https:\/\/api.w.org\/{rel}","templated":true}]}}