{"id":112030,"date":"2025-04-28T08:34:45","date_gmt":"2025-04-28T08:34:45","guid":{"rendered":"https:\/\/rdnews.al\/?p=112030"},"modified":"2025-04-28T08:35:09","modified_gmt":"2025-04-28T08:35:09","slug":"hetimi-per-sarajet-e-surrelit-kalaja-irena-me-3-mbiemra-po-ben-manovra-ne-shkelje-te-ligjit-se-shpejti-do-publikojme-skandalin-me-vetingun-e-saj","status":"publish","type":"post","link":"https:\/\/rdnews.al\/index.php\/2025\/04\/28\/hetimi-per-sarajet-e-surrelit-kalaja-irena-me-3-mbiemra-po-ben-manovra-ne-shkelje-te-ligjit-se-shpejti-do-publikojme-skandalin-me-vetingun-e-saj\/","title":{"rendered":"Sarajet e Surrelit\/ Kalaja: Irena me 3 mbiemra po b\u00ebn manovra n\u00eb shkelje t\u00eb ligjit, s\u00eb shpejti do publikojm\u00eb skandalin me vetingun e saj"},"content":{"rendered":"<p><strong>Deklarata e Kryetares s\u00eb Komisionit t\u00eb Apelimit n\u00eb PD, Adriana Kalaja:<\/strong><\/p>\n<p>M\u00eb 2 shtator 2024, Partia Demokratike ka kall\u00ebzuar \u00e7iftin Rama dhe bashk\u00ebpun\u00ebtor\u00eb t\u00eb tyre p\u00ebr grabitjen e pron\u00ebs n\u00eb Surrel.<\/p>\n<p>Ashtu si\u00e7 e ka treguar n\u00eb gjith\u00eb k\u00ebto vite, Dumani i partis\u00eb, nxiton q\u00eb k\u00ebt\u00eb \u00e7\u00ebshtje ta \u00e7oj\u00eb p\u00ebr kompetenc\u00eb n\u00eb Prokurorin\u00eb e Tiran\u00ebs, duke argumentuar k\u00ebsisoj se t\u00eb gjith\u00eb k\u00ebt\u00eb vepr\u00ebn penale e kishte b\u00ebr\u00eb bashk\u00ebshortja e kryeministrit, dhe jo ky i fundit, si zyrtar i lart\u00eb dhe kompetenc\u00eb e SPAK.<\/p>\n<p>Nd\u00ebrkoh\u00eb q\u00eb kjo prokurori e mban 6 muaj pa veprime, pa evidentuar edhe konfliktin e interesit p\u00ebr shkak se gjyqtarja q\u00eb kishte marr\u00eb vendimin n\u00eb Gjykat\u00ebn Administrative t\u00eb Shkall\u00ebs s\u00eb Par\u00eb, ishte drejtues i k\u00ebsaj prokurorie, n\u00eb fund t\u00eb 2024, merr vendimin antiligjor t\u00eb \u201cmosfillimit\u201d t\u00eb procedimit penal, kur ligji k\u00ebt\u00eb afat e ka p\u00ebrcaktuar 15 dit\u00eb.<\/p>\n<p>Pas ankimimit q\u00eb ushtruam kund\u00ebr k\u00ebtij vendimi, gjyqtari Edvan Vel\u00e7ani i Gjykat\u00ebs s\u00eb Shkall\u00ebs s\u00eb Par\u00eb t\u00eb Juridiksionit t\u00eb P\u00ebrgjithsh\u00ebm Tiran\u00eb, duke u ngritur n\u00eb lart\u00ebsin\u00eb e detyr\u00ebs, vendosi pranimin e ankimit dhe kalimin p\u00ebr kompetenc\u00eb t\u00eb k\u00ebsaj \u00e7\u00ebshtje pran\u00eb GJKKO.<\/p>\n<p>Nisur nga fakti se ligji i jepte tagra GJKKO, referuar situat\u00ebs procedurale ku ndodheshin hetimet dhe provave n\u00eb dosje, t\u00eb detyronte SPAK regjistrimin e k\u00ebsaj \u00e7\u00ebshtje me drejtimet p\u00ebrkat\u00ebse t\u00eb hetimit, \u00e7far\u00eb b\u00ebn GJKKO?<\/p>\n<p>S\u00ebrish, \u201credaktori\u201d th\u00ebrret n\u00eb sken\u00eb Iren\u00ebn me 3 mbiemra, e cila ashtu si\u00e7 edhe ka vepruar n\u00eb k\u00ebto vite n\u00eb shkelje t\u00eb detyr\u00ebs, ligjit dhe Kushtetut\u00ebs, e d\u00ebrgon p\u00ebr konflikt kompetencash n\u00eb Gjykat\u00ebn e Lart\u00eb.<\/p>\n<p>Kujtojm\u00eb publikun se \u00ebsht\u00eb e nj\u00ebjta gjyqtare, e cila jo vet\u00ebm nuk ka deklaruar gjat\u00eb procesit t\u00eb vetingut shkarkimin nga Z. Berisha, n\u00eb tagrin e kryetarit t\u00eb KLD dhe d\u00ebbimin nga shteti grek, duke e shpallur non-grata n\u00eb vendet Shengen p\u00ebr 10 vite, por ka mar\u00eb p\u00ebrsip\u00ebr t\u00eb p\u00ebrdoret nga ata q\u00eb e lan\u00eb brenda sistemit t\u00eb drejt\u00ebsis\u00eb, vet\u00ebm p\u00ebr ta p\u00ebrdorur kundra opozit\u00ebs dhe lider\u00ebve kryesor\u00eb t\u00eb saj.<\/p>\n<p>Por n\u00eb k\u00ebt\u00eb rast, Irena me 3 mbiemra, nuk mund t\u00eb b\u00ebj\u00eb asgj\u00eb m\u00eb shum\u00eb se thjesht e ka shtyr\u00eb me disa dit\u00eb p\u00ebrballjen e Ram\u00ebs me ligjin.<\/p>\n<p>N\u00eb k\u00ebto kushte, PD, duke qen\u00eb se po b\u00ebn nj\u00eb veting real t\u00eb k\u00ebsaj pseudo-gjyqtareje, zotohet se jo vet\u00ebm do b\u00ebj\u00eb publike shum\u00eb shpejt t\u00eb gjith\u00eb skandalin me vetingun e k\u00ebsaj sh\u00ebrb\u00ebtoreje t\u00eb pushtetit, por dhe se kushdo gjyqtar dhe prokuror q\u00eb me veprime aktive dhe duke nd\u00ebrhyr\u00eb n\u00eb dosje e prova, jan\u00eb p\u00ebrdorur si amnistues t\u00eb narco pushtetit dhe persekutor\u00eb t\u00eb opozit\u00ebs, do p\u00ebrgjigjen para ligjit.<\/p>\n<p>Po k\u00ebshtu, PD zotohet se do b\u00ebj\u00eb gjith\u00e7ka, q\u00eb m\u00eb 12 maj t\u00eb filloj\u00eb rikthimi i Shtetit Ligjor t\u00eb s\u00eb Drejt\u00ebs.<\/p>\n","protected":false},"excerpt":{"rendered":"<p>Deklarata e Kryetares s\u00eb Komisionit t\u00eb Apelimit n\u00eb PD, Adriana Kalaja: M\u00eb 2 shtator 2024, Partia Demokratike ka kall\u00ebzuar \u00e7iftin Rama dhe bashk\u00ebpun\u00ebtor\u00eb t\u00eb tyre p\u00ebr grabitjen e pron\u00ebs n\u00eb Surrel. Ashtu si\u00e7 e ka treguar n\u00eb gjith\u00eb k\u00ebto vite, Dumani i partis\u00eb, nxiton q\u00eb k\u00ebt\u00eb \u00e7\u00ebshtje ta \u00e7oj\u00eb p\u00ebr kompetenc\u00eb n\u00eb Prokurorin\u00eb e Tiran\u00ebs, &hellip;<\/p>\n","protected":false},"author":4,"featured_media":112031,"comment_status":"closed","ping_status":"closed","sticky":false,"template":"","format":"standard","meta":{"footnotes":""},"categories":[37],"tags":[],"class_list":["post-112030","post","type-post","status-publish","format-standard","has-post-thumbnail","","category-politike"],"_links":{"self":[{"href":"https:\/\/rdnews.al\/index.php\/wp-json\/wp\/v2\/posts\/112030","targetHints":{"allow":["GET"]}}],"collection":[{"href":"https:\/\/rdnews.al\/index.php\/wp-json\/wp\/v2\/posts"}],"about":[{"href":"https:\/\/rdnews.al\/index.php\/wp-json\/wp\/v2\/types\/post"}],"author":[{"embeddable":true,"href":"https:\/\/rdnews.al\/index.php\/wp-json\/wp\/v2\/users\/4"}],"replies":[{"embeddable":true,"href":"https:\/\/rdnews.al\/index.php\/wp-json\/wp\/v2\/comments?post=112030"}],"version-history":[{"count":2,"href":"https:\/\/rdnews.al\/index.php\/wp-json\/wp\/v2\/posts\/112030\/revisions"}],"predecessor-version":[{"id":112033,"href":"https:\/\/rdnews.al\/index.php\/wp-json\/wp\/v2\/posts\/112030\/revisions\/112033"}],"wp:featuredmedia":[{"embeddable":true,"href":"https:\/\/rdnews.al\/index.php\/wp-json\/wp\/v2\/media\/112031"}],"wp:attachment":[{"href":"https:\/\/rdnews.al\/index.php\/wp-json\/wp\/v2\/media?parent=112030"}],"wp:term":[{"taxonomy":"category","embeddable":true,"href":"https:\/\/rdnews.al\/index.php\/wp-json\/wp\/v2\/categories?post=112030"},{"taxonomy":"post_tag","embeddable":true,"href":"https:\/\/rdnews.al\/index.php\/wp-json\/wp\/v2\/tags?post=112030"}],"curies":[{"name":"wp","href":"https:\/\/api.w.org\/{rel}","templated":true}]}}