{"id":112046,"date":"2025-04-28T10:32:56","date_gmt":"2025-04-28T10:32:56","guid":{"rendered":"https:\/\/rdnews.al\/?p=112046"},"modified":"2025-04-28T10:32:56","modified_gmt":"2025-04-28T10:32:56","slug":"noka-amerika-eshte-me-sali-berishen-edi-rama-nuk-mundet-me-as-te-rrembeje-dhe-as-ta-bleje-voten","status":"publish","type":"post","link":"https:\/\/rdnews.al\/index.php\/2025\/04\/28\/noka-amerika-eshte-me-sali-berishen-edi-rama-nuk-mundet-me-as-te-rrembeje-dhe-as-ta-bleje-voten\/","title":{"rendered":"Noka: Amerika \u00ebsht\u00eb me Sali Berish\u00ebn! Edi Rama nuk mundet m\u00eb as t\u00eb rr\u00ebmbej\u00eb dhe as ta blej\u00eb vot\u00ebn!"},"content":{"rendered":"<div id=\"rekl-49\">Sekretari i P\u00ebrgjithsh\u00ebm i Partis\u00eb Demokratike, Flamur Noka, ka shp\u00ebrndar\u00eb nj\u00eb postim n\u00eb rrjetet sociale, ku shprehet se Amerika \u00ebsht\u00eb tashm\u00eb me Sali Berish\u00ebn dhe jo me Edi Ram\u00ebn. Noka theksoi se nuk do t\u00eb ket\u00eb m\u00eb bekim p\u00ebr Ram\u00ebn nga George Soros, Blinken dhe Yuri Kim, t\u00eb cil\u00ebt, e mb\u00ebshtet\u00ebn gjat\u00eb 12 viteve t\u00eb tij n\u00eb pushtet.<\/div>\n<div class=\"readmore-text-here\">\n<p>Ai shtoi se Rama nuk mundet m\u00eb as t\u00eb rr\u00ebmbej\u00eb votat dhe as t\u2019i blej\u00eb ato, pasi nuk do t\u00eb ket\u00eb m\u00eb ndihm\u00ebn e SHBA-s\u00eb. Noka akuzoi Ram\u00ebn se gjat\u00eb gjith\u00eb k\u00ebsaj periudhe ka th\u00ebn\u00eb \u201cAmerika \u00ebsht\u00eb me mua\u201d, por tani, historia ka ndryshuar.<\/p>\n<p><strong>Postimi\u00a0<\/strong><\/p>\n<p>Amerika \u00ebsht\u00eb me Sali Berish\u00ebn. Nuk bekohet m\u00eb kukulla e SOROS n\u00eb Shqip\u00ebri.<\/p>\n<p>P\u00ebrse Edi Rama q\u00ebndroi 12 vjet n\u00eb pushtet? Dhe u krijua idea q\u00eb ky nuk mundet? Sepse kishte bekim nga George Soros, Blinken dhe Yuri Kim, q\u00eb bekonin \u00e7do bat\u00ebrdi q\u00eb ai u b\u00ebnte shqiptar\u00ebve.<\/p>\n<p>Edi Rama nuk mundet m\u00eb as t\u00eb rr\u00ebmbej\u00eb vot\u00ebn dhe as ta blej\u00eb, sepse nuk do t&#8217;i vij\u00eb kurr\u00eb m\u00eb bekim nga Amerika, por do t&#8217;i vij\u00eb mallkimi dhe ai e ndjen k\u00ebt\u00eb gj\u00eb. Prandaj e keni par\u00eb t\u00eb sillen si kali n\u00ebp\u00ebr l\u00ebm\u00eb, i d\u00ebshp\u00ebruar dhe q\u00eb flet p\u00ebr\u00e7art.<\/p>\n<p>Se n\u00eb 12 vite na drejtonte gishtin ne dhe na thoshte &#8220;Amerika \u00ebsht\u00eb me mua&#8221;. Tani nd\u00ebrroi rrota e historis\u00eb. Amerika \u00ebsht\u00eb me Sali Berish\u00ebn, \u00ebsht\u00eb me demokrat\u00ebt. Ajo Amerik\u00eb q\u00eb \u00e7rr\u00ebnjosi Soros-in nuk bekon kurr\u00eb kukull\u00ebn e tij. Prandaj ka ardhur strategu i fushat\u00ebs s\u00eb Presidentit Trump dhe \u00ebsht\u00eb atashuar te #PD, p\u00ebr t\u00eb \u00e7rr\u00ebnjosur kukull\u00ebn e #Soros-it n\u00eb Shqip\u00ebri.<\/p>\n<p><iframe loading=\"lazy\" class=\"rumble\" src=\"https:\/\/rumble.com\/embed\/v6qhi9z\/?pub=1j3sut\" width=\"640\" height=\"360\" frameborder=\"0\" allowfullscreen=\"allowfullscreen\" data-mce-fragment=\"1\"><\/iframe><\/p>\n<\/div>\n<p>&nbsp;<\/p>\n","protected":false},"excerpt":{"rendered":"<p>Sekretari i P\u00ebrgjithsh\u00ebm i Partis\u00eb Demokratike, Flamur Noka, ka shp\u00ebrndar\u00eb nj\u00eb postim n\u00eb rrjetet sociale, ku shprehet se Amerika \u00ebsht\u00eb tashm\u00eb me Sali Berish\u00ebn dhe jo me Edi Ram\u00ebn. Noka theksoi se nuk do t\u00eb ket\u00eb m\u00eb bekim p\u00ebr Ram\u00ebn nga George Soros, Blinken dhe Yuri Kim, t\u00eb cil\u00ebt, e mb\u00ebshtet\u00ebn gjat\u00eb 12 viteve t\u00eb &hellip;<\/p>\n","protected":false},"author":4,"featured_media":112047,"comment_status":"closed","ping_status":"closed","sticky":false,"template":"","format":"standard","meta":{"footnotes":""},"categories":[37],"tags":[],"class_list":["post-112046","post","type-post","status-publish","format-standard","has-post-thumbnail","","category-politike"],"_links":{"self":[{"href":"https:\/\/rdnews.al\/index.php\/wp-json\/wp\/v2\/posts\/112046","targetHints":{"allow":["GET"]}}],"collection":[{"href":"https:\/\/rdnews.al\/index.php\/wp-json\/wp\/v2\/posts"}],"about":[{"href":"https:\/\/rdnews.al\/index.php\/wp-json\/wp\/v2\/types\/post"}],"author":[{"embeddable":true,"href":"https:\/\/rdnews.al\/index.php\/wp-json\/wp\/v2\/users\/4"}],"replies":[{"embeddable":true,"href":"https:\/\/rdnews.al\/index.php\/wp-json\/wp\/v2\/comments?post=112046"}],"version-history":[{"count":1,"href":"https:\/\/rdnews.al\/index.php\/wp-json\/wp\/v2\/posts\/112046\/revisions"}],"predecessor-version":[{"id":112048,"href":"https:\/\/rdnews.al\/index.php\/wp-json\/wp\/v2\/posts\/112046\/revisions\/112048"}],"wp:featuredmedia":[{"embeddable":true,"href":"https:\/\/rdnews.al\/index.php\/wp-json\/wp\/v2\/media\/112047"}],"wp:attachment":[{"href":"https:\/\/rdnews.al\/index.php\/wp-json\/wp\/v2\/media?parent=112046"}],"wp:term":[{"taxonomy":"category","embeddable":true,"href":"https:\/\/rdnews.al\/index.php\/wp-json\/wp\/v2\/categories?post=112046"},{"taxonomy":"post_tag","embeddable":true,"href":"https:\/\/rdnews.al\/index.php\/wp-json\/wp\/v2\/tags?post=112046"}],"curies":[{"name":"wp","href":"https:\/\/api.w.org\/{rel}","templated":true}]}}