{"id":112055,"date":"2025-04-28T11:55:26","date_gmt":"2025-04-28T11:55:26","guid":{"rendered":"https:\/\/rdnews.al\/?p=112055"},"modified":"2025-04-28T12:08:28","modified_gmt":"2025-04-28T12:08:28","slug":"berisha-ne-biznesin-fason-do-u-kompensojme-per-cdo-humbje-nga-renia-e-euros-do-ulim-cmimin-e-energjise-nga-18-ne-6-leke","status":"publish","type":"post","link":"https:\/\/rdnews.al\/index.php\/2025\/04\/28\/berisha-ne-biznesin-fason-do-u-kompensojme-per-cdo-humbje-nga-renia-e-euros-do-ulim-cmimin-e-energjise-nga-18-ne-6-leke\/","title":{"rendered":"Berisha n\u00eb biznesin fason: Do u kompensojm\u00eb p\u00ebr \u00e7do humbje nga r\u00ebnia e euros, do ulim \u00e7mimin e energjis\u00eb nga 18 n\u00eb 6 lek\u00eb"},"content":{"rendered":"<p>N\u00eb nj\u00eb takim t\u00eb zhvilluar pran\u00eb nj\u00eb fasonerie n\u00eb autostrad\u00ebn Tiran\u00eb-Durr\u00ebs, lideri i opozit\u00ebs, Sali Berisha, prezantoi masat emergjente q\u00eb qeveria e ardhshme do t\u00eb nd\u00ebrmarr\u00eb p\u00ebr t\u00eb shp\u00ebtuar sip\u00ebrmarrjet shqiptare nga v\u00ebshtir\u00ebsit\u00eb ekonomike.<br \/>\nBerisha theksoi se r\u00ebnia e euros ka d\u00ebmtuar r\u00ebnd\u00eb eksportuesit dhe premtoi kompensim t\u00eb plot\u00eb p\u00ebr \u00e7do humbje t\u00eb shkaktuar. Gjithashtu, ai shpalli uljen\u00a0t\u00eb \u00e7mimit t\u00eb energjis\u00eb p\u00ebr bizneset prodhuese nga 18 lek\u00eb n\u00eb 6 lek\u00eb p\u00ebr kWh, si nj\u00eb leht\u00ebsim i drejtp\u00ebrdrejt\u00eb p\u00ebr sip\u00ebrmarrjen.<br \/>\n\u201cVet\u00ebm p\u00ebrg\u00ebzime dhe siguri se ne do b\u00ebjm\u00eb nj\u00eb revolucion fiskal.<br \/>\nDo t\u00eb transformojm\u00eb klim\u00ebn p\u00ebr biznesin.<br \/>\nK\u00ebsaj here ne kemi edhe nj\u00eb eksperienc\u00eb, dhe me shpejt\u00ebsi do t\u00eb vendosim standardet m\u00eb optimale, m\u00eb miq\u00ebsore p\u00ebr biznesin.<br \/>\nP\u00ebr t\u00eb gjith\u00eb eksportet, ne garantojm\u00eb s\u00eb pari nj\u00eb bord q\u00eb do kompensoj\u00eb qindark\u00eb p\u00ebr qindark\u00eb r\u00ebnien e euros, q\u00eb \u00ebsht\u00eb nj\u00eb faktor q\u00eb d\u00ebmton shum\u00eb \u00e7do sip\u00ebrmarr\u00ebs q\u00eb prodhon p\u00ebr eksportin.<br \/>\nE dyta, ne do ulim \u00e7mimin e energjis\u00eb nga 18 do t\u00eb jet\u00eb 6 lek\u00eb. Do ta kemi m\u00eb t\u00eb ul\u00ebtin dhe kjo p\u00ebrb\u00ebn nj\u00eb leverdi t\u00eb mir\u00eb p\u00ebr biznesin.<br \/>\nR\u00ebnia e euros \u00ebsht\u00eb nj\u00eb problem shum\u00eb i madh.<br \/>\nU boshatis vendi. Para nj\u00eb jave un\u00eb isha n\u00eb Qaf\u00eb t\u00eb Malit, nj\u00eb investim me t\u00eb v\u00ebrtet\u00eb shum\u00eb impresionues n\u00eb ujin Lajthiza, nj\u00eb investim dhjet\u00ebra milion\u00eb euro.<br \/>\nPun\u00ebtor\u00eb nga Azia, kishte edhe vendas, por pun\u00ebtor\u00eb nga Azia.<br \/>\nPara dy dit\u00ebsh isha n\u00eb Borsh. N\u00eb Borsh nga Mianmari gjeta aty.<br \/>\nKy ndoqi k\u00ebt\u00eb politik\u00eb, t\u00eb ikin se do marrim pun\u00ebtor\u00eb nga jasht\u00eb.<br \/>\nMir\u00ebpo kjo na zbrazi ne, e zbrazi n\u00eb m\u00ebnyr\u00eb t\u00eb pam\u00ebshir\u00eb dhe i ka dh\u00ebn\u00eb vendit disa tregues q\u00eb nuk i ka m\u00eb askush.<br \/>\nJav\u00ebn e kaluar, sipas OKB, ne ishim vendi me lindshm\u00ebrin\u00eb m\u00eb t\u00eb ul\u00ebt n\u00eb bot\u00eb p\u00ebr shkak t\u00eb emigracionit.<br \/>\n\u00c7ka do t\u00eb thot\u00eb se nj\u00eb p\u00ebrpjekje shum\u00eb t\u00eb madhe duhet t\u00eb b\u00ebjm\u00eb p\u00ebr ta sjell\u00eb kombin n\u00eb mosh\u00ebn e rinis\u00eb, se faktikisht e ka humbur at\u00eb mosh\u00eb.<br \/>\nKan\u00eb ikur mbi 600 e ca mij\u00eb t\u00eb rinj n\u00eb 10 vite.<br \/>\nKrahu i pun\u00ebs dhe tregu i pun\u00ebs \u00ebsht\u00eb jasht\u00ebzakonisht i r\u00ebnd\u00ebsish\u00ebm. Ne, edhe n\u00eb k\u00ebt\u00eb aspekt do kemi nj\u00eb bashk\u00ebpunim shum\u00eb t\u00eb ngusht\u00eb me sip\u00ebrmarrjen n\u00eb m\u00ebnyr\u00eb q\u00eb t\u00eb ket\u00eb nj\u00eb trajnim t\u00eb vazhduesh\u00ebm.<br \/>\nShteti do t\u00eb krijoj\u00eb t\u00eb gjith\u00eb leht\u00ebsirat fiskale dhe t\u00eb tjera p\u00ebr k\u00ebt\u00eb proces.<br \/>\nDo b\u00ebjm\u00eb nj\u00eb politik\u00eb demografike me t\u00eb cil\u00ebn synojm\u00eb t\u00eb nxisim n\u00eb maksimum lindjen e f\u00ebmij\u00ebs s\u00eb tret\u00eb, duke e marr\u00eb p\u00ebrsip\u00ebr nga lindja gjer 23 vje\u00e7.<br \/>\nDo b\u00ebjm\u00eb gjith\u00e7ka p\u00ebr t\u00eb kthyer ata q\u00eb kan\u00eb ikur, si\u00e7 jeni kthyer ju, nj\u00eb histori e v\u00ebrtet\u00eb suksesi dhe sot mbijetoni n\u00eb kushte t\u00eb v\u00ebshtira.<br \/>\nN\u00eb kushte t\u00eb v\u00ebshtira sepse r\u00ebnia me 35 p\u00ebrqind i kursit t\u00eb euros dhe injorimi total i k\u00ebsaj r\u00ebnie, sepse qeveria ka mund\u00ebsi t\u2019u kompensoj\u00eb sepse ju paguani rrogat, ju keni arritur ta mbani, por t\u00eb tjer\u00ebt kan\u00eb falimentuar. Me mij\u00ebra pun\u00ebtor\u00eb kan\u00eb humbur vendet e pun\u00ebs.<br \/>\nKjo sepse b\u00ebhet marr\u00ebveshje mes trafikant\u00ebve dhe betonit. Mes trafikant\u00ebve dhe qeveris\u00eb. Kjo \u00ebsht\u00eb e v\u00ebrteta.<br \/>\nTre vite me radh\u00eb q\u00eb prodhimi industrial bie n\u00eb m\u00ebnyr\u00eb t\u00eb vazhdueshme.<br \/>\nNga viti 2023 deri n\u00eb vitin 2024, eksportet, q\u00eb jan\u00eb prodhim dhe pun\u00ebsim, kan\u00eb r\u00ebn\u00eb me 32 p\u00ebrqind.<br \/>\nPra \u00ebsht\u00eb krijuar nj\u00eb rreth vicioz.<br \/>\nPor ne do e presim k\u00ebt\u00eb rreth vicioz.<br \/>\nPrap\u00eb do i rikthehemi biznesit. Ne duhet t\u00eb krijojm\u00eb klim\u00ebn m\u00eb miq\u00ebsore.<br \/>\nP\u00ebr ne, motoja do jet\u00eb prodhim, prodhim, prodhim.<br \/>\nProdhimi \u00ebsht\u00eb pun\u00ebsim, prodhimi \u00ebsht\u00eb t\u00eb ardhura, prodhimi \u00ebsht\u00eb zhvillim dhe ne do b\u00ebjm\u00eb gjith\u00e7ka p\u00ebr prodhimin\u201d, tha Berisha.<\/p>\n<p>&nbsp;<\/p>\n","protected":false},"excerpt":{"rendered":"<p>N\u00eb nj\u00eb takim t\u00eb zhvilluar pran\u00eb nj\u00eb fasonerie n\u00eb autostrad\u00ebn Tiran\u00eb-Durr\u00ebs, lideri i opozit\u00ebs, Sali Berisha, prezantoi masat emergjente q\u00eb qeveria e ardhshme do t\u00eb nd\u00ebrmarr\u00eb p\u00ebr t\u00eb shp\u00ebtuar sip\u00ebrmarrjet shqiptare nga v\u00ebshtir\u00ebsit\u00eb ekonomike. Berisha theksoi se r\u00ebnia e euros ka d\u00ebmtuar r\u00ebnd\u00eb eksportuesit dhe premtoi kompensim t\u00eb plot\u00eb p\u00ebr \u00e7do humbje t\u00eb shkaktuar. Gjithashtu, &hellip;<\/p>\n","protected":false},"author":4,"featured_media":0,"comment_status":"closed","ping_status":"closed","sticky":false,"template":"","format":"standard","meta":{"footnotes":""},"categories":[37],"tags":[],"class_list":["post-112055","post","type-post","status-publish","format-standard","","category-politike"],"_links":{"self":[{"href":"https:\/\/rdnews.al\/index.php\/wp-json\/wp\/v2\/posts\/112055","targetHints":{"allow":["GET"]}}],"collection":[{"href":"https:\/\/rdnews.al\/index.php\/wp-json\/wp\/v2\/posts"}],"about":[{"href":"https:\/\/rdnews.al\/index.php\/wp-json\/wp\/v2\/types\/post"}],"author":[{"embeddable":true,"href":"https:\/\/rdnews.al\/index.php\/wp-json\/wp\/v2\/users\/4"}],"replies":[{"embeddable":true,"href":"https:\/\/rdnews.al\/index.php\/wp-json\/wp\/v2\/comments?post=112055"}],"version-history":[{"count":1,"href":"https:\/\/rdnews.al\/index.php\/wp-json\/wp\/v2\/posts\/112055\/revisions"}],"predecessor-version":[{"id":112056,"href":"https:\/\/rdnews.al\/index.php\/wp-json\/wp\/v2\/posts\/112055\/revisions\/112056"}],"wp:attachment":[{"href":"https:\/\/rdnews.al\/index.php\/wp-json\/wp\/v2\/media?parent=112055"}],"wp:term":[{"taxonomy":"category","embeddable":true,"href":"https:\/\/rdnews.al\/index.php\/wp-json\/wp\/v2\/categories?post=112055"},{"taxonomy":"post_tag","embeddable":true,"href":"https:\/\/rdnews.al\/index.php\/wp-json\/wp\/v2\/tags?post=112055"}],"curies":[{"name":"wp","href":"https:\/\/api.w.org\/{rel}","templated":true}]}}