{"id":112061,"date":"2025-04-28T12:17:01","date_gmt":"2025-04-28T12:17:01","guid":{"rendered":"https:\/\/rdnews.al\/?p=112061"},"modified":"2025-04-28T12:17:01","modified_gmt":"2025-04-28T12:17:01","slug":"pensionisti-jam-anetar-i-ps-rama-po-na-merr-shpirtin-na-dridhet-dora-te-pime-nje-kafe","status":"publish","type":"post","link":"https:\/\/rdnews.al\/index.php\/2025\/04\/28\/pensionisti-jam-anetar-i-ps-rama-po-na-merr-shpirtin-na-dridhet-dora-te-pime-nje-kafe\/","title":{"rendered":"Pensionisti: Jam an\u00ebtar i PS! Rama po na merr shpirtin! Na dridhet dora t\u00eb pim\u00eb nj\u00eb kafe!"},"content":{"rendered":"<p>Nj\u00eb pensionist i cili thot\u00eb se ka\u00a0qen\u00eb dhe ishte an\u00ebtar i Partis\u00eb Socialiste ka b\u00ebr\u00eb thirrje n\u00eb nj\u00eb bised\u00eb t\u00eb shkurt\u00ebr q\u00eb t\u00eb mos votohet Edi Rama.<\/p>\n<p>Pensionisti shprehet shum\u00eb i revoltuar se, Rama mban af\u00ebr hajdut\u00eb dhe kriminel\u00eb! Sipas t\u00eb cilit, kreu i qeveris\u00eb i ka mashtruar edhe me gjoja rritjen e pensioneve me 4 p\u00ebr qind.<\/p>\n<p>Kjo tha i moshuari, \u00ebsht\u00eb vet\u00ebm indeksimi i rritjes s\u00eb \u00e7mimeve dhe aspak rritje e pensionit t\u00eb tij. Ai ka rritur rrogat e veta dhe t\u00eb njer\u00ebzve q\u00eb i rrin\u00eb rrotull, e jetojn\u00eb n\u00eb luks, nd\u00ebrkoh\u00eb q\u00eb ,mosha jon\u00eb q\u00eb ka punuar nga 40 vjet mezi jeton.<\/p>\n<p><strong>Pensionisti:<\/strong>\u00a0D\u00ebgjo, un\u00eb kam qene, jam dhe do t\u00eb jem i majt\u00eb. Ama un\u00eb dua q\u00eb t\u00eb jemi me demokracin\u00eb por t\u00eb zbatojm\u00eb rregullat. Po Rama po na merr shpirtin. Ka dy vjet, ku indeksimi b\u00ebhet n\u00eb prill. Pse ata na e b\u00ebjn\u00eb n\u00eb Tetor. Na vodhe 8 muaj. Ka dy vjet q\u00eb na e vjedh pensionin nga 8 muaj. \u00c7\u2019\u00ebsht\u00eb kjo 4 p\u00ebr qind. Indeksimi nuk quhet ngritje, \u00ebsht\u00eb vet\u00ebm se ruan standardin e \u00e7mimeve dhe kaq. Kjo nuk \u00ebsht\u00eb rritje pensioni. I ka ngritur rrogat e jetojn\u00eb n\u00eb luks. Kurse neve po rropatemi. Na dridhet dora t\u00eb pim\u00eb nj\u00eb kafe. \u00cbsht\u00eb turpi i bot\u00ebs. Kam punuar 40 vjet n\u00eb uzin\u00eb.<\/p>\n<p>Ai na ka v\u00ebn\u00eb shkelmin. Dhe un\u00eb nga k\u00ebtu u b\u00ebj thirrje t\u00eb gjith\u00eb pensionist\u00ebve t\u00eb majt\u00eb dhe t\u00eb djatht\u00eb t\u00eb mos marrin pjes\u00eb n\u00eb votime e t\u00eb mos votojn\u00eb p\u00ebr Edi Ram\u00ebn. Fare nuk e dua. Nuk e dua se nuk e do populli. Ky do hajdut\u00ebt, mbledh kriminel\u00ebt rreth vetes. T\u00ebr\u00eb kriminel\u00ebt dhe hajdut\u00ebt ka mbledhur&#8230;.<\/p>\n","protected":false},"excerpt":{"rendered":"<p>Nj\u00eb pensionist i cili thot\u00eb se ka\u00a0qen\u00eb dhe ishte an\u00ebtar i Partis\u00eb Socialiste ka b\u00ebr\u00eb thirrje n\u00eb nj\u00eb bised\u00eb t\u00eb shkurt\u00ebr q\u00eb t\u00eb mos votohet Edi Rama. Pensionisti shprehet shum\u00eb i revoltuar se, Rama mban af\u00ebr hajdut\u00eb dhe kriminel\u00eb! Sipas t\u00eb cilit, kreu i qeveris\u00eb i ka mashtruar edhe me gjoja rritjen e pensioneve me &hellip;<\/p>\n","protected":false},"author":4,"featured_media":112062,"comment_status":"closed","ping_status":"closed","sticky":false,"template":"","format":"standard","meta":{"footnotes":""},"categories":[37],"tags":[],"class_list":["post-112061","post","type-post","status-publish","format-standard","has-post-thumbnail","","category-politike"],"_links":{"self":[{"href":"https:\/\/rdnews.al\/index.php\/wp-json\/wp\/v2\/posts\/112061","targetHints":{"allow":["GET"]}}],"collection":[{"href":"https:\/\/rdnews.al\/index.php\/wp-json\/wp\/v2\/posts"}],"about":[{"href":"https:\/\/rdnews.al\/index.php\/wp-json\/wp\/v2\/types\/post"}],"author":[{"embeddable":true,"href":"https:\/\/rdnews.al\/index.php\/wp-json\/wp\/v2\/users\/4"}],"replies":[{"embeddable":true,"href":"https:\/\/rdnews.al\/index.php\/wp-json\/wp\/v2\/comments?post=112061"}],"version-history":[{"count":1,"href":"https:\/\/rdnews.al\/index.php\/wp-json\/wp\/v2\/posts\/112061\/revisions"}],"predecessor-version":[{"id":112063,"href":"https:\/\/rdnews.al\/index.php\/wp-json\/wp\/v2\/posts\/112061\/revisions\/112063"}],"wp:featuredmedia":[{"embeddable":true,"href":"https:\/\/rdnews.al\/index.php\/wp-json\/wp\/v2\/media\/112062"}],"wp:attachment":[{"href":"https:\/\/rdnews.al\/index.php\/wp-json\/wp\/v2\/media?parent=112061"}],"wp:term":[{"taxonomy":"category","embeddable":true,"href":"https:\/\/rdnews.al\/index.php\/wp-json\/wp\/v2\/categories?post=112061"},{"taxonomy":"post_tag","embeddable":true,"href":"https:\/\/rdnews.al\/index.php\/wp-json\/wp\/v2\/tags?post=112061"}],"curies":[{"name":"wp","href":"https:\/\/api.w.org\/{rel}","templated":true}]}}