{"id":112064,"date":"2025-04-28T12:20:32","date_gmt":"2025-04-28T12:20:32","guid":{"rendered":"https:\/\/rdnews.al\/?p=112064"},"modified":"2025-04-28T12:20:32","modified_gmt":"2025-04-28T12:20:32","slug":"berisha-fasonet-jane-prodhim-punesim-dhe-krenari-kombetare-situata-e-veshtire-do-te-marre-fund-me-11-maj","status":"publish","type":"post","link":"https:\/\/rdnews.al\/index.php\/2025\/04\/28\/berisha-fasonet-jane-prodhim-punesim-dhe-krenari-kombetare-situata-e-veshtire-do-te-marre-fund-me-11-maj\/","title":{"rendered":"Berisha: Fason\u00ebt jan\u00eb prodhim, pun\u00ebsim dhe krenari komb\u00ebtare! Situata e v\u00ebshtir\u00eb do t\u00eb marr\u00eb fund m\u00eb 11 maj"},"content":{"rendered":"<p>N\u00eb nj\u00eb takim pran\u00eb nj\u00eb fasonerie n\u00eb autostrad\u00ebn Tiran\u00eb-Durr\u00ebs, lideri i opozit\u00ebs, Sali Berisha, p\u00ebrg\u00ebzoi sip\u00ebrmarr\u00ebsit dhe punonj\u00ebset p\u00ebr arritjet dhe standardet e larta q\u00eb kan\u00eb arritur n\u00eb nj\u00eb sektor t\u00eb r\u00ebnd\u00ebsish\u00ebm p\u00ebr ekonomin\u00eb.<br \/>\nAi kritikoi ashp\u00ebr qeverin\u00eb p\u00ebr munges\u00ebn e mb\u00ebshtetjes ndaj eksportuesve, duke theksuar se zhvler\u00ebsimi i euros dhe politikat e gabuara kan\u00eb sjell\u00eb mbylljen e qindra sip\u00ebrmarrjeve.<br \/>\nBerisha akuzoi kryeministrin Edi Rama p\u00ebr q\u00ebndrime antiekonomike dhe p\u00ebr\u00e7muese ndaj sektorit fason, t\u00eb cilin e cil\u00ebsoi si krenari komb\u00ebtare. Sipas tij, nga viti 2023 deri n\u00eb vitin 2024, eksportet jan\u00eb ulur me 32 p\u00ebrqind, duke shkat\u00ebrruar nj\u00eb t\u00eb tret\u00ebn e vendeve t\u00eb pun\u00ebs dhe t\u00eb ardhurave familjare.<br \/>\n\u201cShum\u00eb faleminderit p\u00ebr \u00ebkt\u00eb pritje. Shfryt\u00ebzoj rastin t\u2019u jap ju p\u00ebrsh\u00ebndetjet m\u00eb t\u00eb p\u00ebrzem\u00ebrta p\u00ebr k\u00ebt\u00eb sip\u00ebrmarrje model q\u00eb keni ngritur dhe drejtoni.<br \/>\nU p\u00ebrsh\u00ebndes me shum\u00eb p\u00ebrzem\u00ebrsi ju zonja dhe zonjushe q\u00eb punoni k\u00ebtu dhe keni arritur standardet m\u00eb t\u00eb mira n\u00eb nj\u00eb sip\u00ebrmarrje ku punohet me qarqe t\u00eb integruara, nj\u00eb sip\u00ebrmarrje q\u00eb eksporton jasht\u00eb vendit produkte shum\u00eb cil\u00ebsore dhe t\u00eb vler\u00ebsuara.<br \/>\nDua ta p\u00ebrg\u00ebzoj edhe nj\u00ebher\u00eb sip\u00ebrmarr\u00ebsit dhe ortak\u00ebt sepse 3 vitet e fundit kan\u00eb qen\u00eb kushte jomiq\u00ebsore pune p\u00ebr \u00ebt gjith\u00eb prodhuesit dhe eksportuesit n\u00eb Shqip\u00ebri.<br \/>\nKan\u00eb qen\u00eb jomiq\u00ebsore p\u00ebr arsye se euro, me t\u00eb cil\u00ebn k\u00ebta i kan\u00eb transaksionet, k\u00ebtu u zhvler\u00ebsua me 35 p\u00ebrqind, zhvler\u00ebsim shum\u00eb i d\u00ebmsh\u00ebm p\u00ebr nj\u00eb sip\u00ebrmarrje, e cila ka nj\u00eb marzh t\u00eb caktuar fitimi.<br \/>\nDhe qeveria, n\u00eb vend q\u00eb t\u00eb krijonte bordin me t\u00eb cilin t\u00eb kompensonte \u00e7do cent t\u00eb r\u00ebnies s\u00eb euros dhe k\u00ebta t\u00eb mbanin sip\u00ebrmarrjet dhe t\u2019i zgjeronin m\u00eb tej, ndodhi q\u00eb qindra e qindra sip\u00ebrmarrje eksporti u mbyll\u00ebn.<br \/>\nDhe ata q\u00eb i kan\u00eb mbajtur, i kan\u00eb mbajtur fal\u00eb aft\u00ebsive t\u00eb tyre sepse kushtet kan\u00eb qen\u00eb t\u00eb pap\u00ebrshtatshme, t\u00eb r\u00ebnda.<br \/>\nQeveria doli me nj\u00eb q\u00ebndrim ndaj eksportuesve, nj\u00eb q\u00ebndrim absolutisht jo vet\u00ebm antiekonomik, por n\u00eb \u00e7do aspekt shum\u00eb t\u00eb d\u00ebmsh\u00ebm.<br \/>\nEdi Rama n\u00eb vend se t\u00eb kompensonte p\u00ebr euron e r\u00ebn\u00eb, doli me mendimin se fason\u00ebt jan\u00eb nd\u00ebrmarrje p\u00ebr bot\u00ebn e tret\u00eb.<br \/>\nJa urdh\u00ebro t\u00eb vij\u00eb k\u00ebtu t\u00eb shoh\u00eb se cila \u00ebsht\u00eb bota e tret\u00eb n\u00eb duart tuaja.<br \/>\nFason\u00ebt jan\u00eb prodhim, pun\u00ebsim dhe jan\u00eb krenari komb\u00ebtare.<br \/>\nKjo \u00ebsht\u00eb e v\u00ebrteta.<br \/>\nDhe fason\u00ebt e kan\u00eb nj\u00eb specifik\u00eb. Pun\u00ebsojn\u00eb n\u00eb t\u00ebr\u00ebsi shum\u00eb m\u00eb tep\u00ebr gra se sa burra p\u00ebr shkak t\u00eb k\u00ebrkesave, v\u00ebmendjes, p\u00ebrqendrimit dhe cil\u00ebsis\u00eb q\u00eb k\u00ebrkon puna e fasonit.<br \/>\nTani ky zot\u00ebri q\u00eb b\u00ebn xhiro dhe mbledh grat\u00eb e administrat\u00ebs me detyrim kudo q\u00eb shkon, a mund t\u2019u thot\u00eb atyre se pse nuk ndihmoi me qindtra nd\u00ebrmarrje fason q\u00eb pun\u00ebsonin qindra gra e vajza dhe mbanin familjet e tyre, por i la t\u00eb falimentonin dhe ato t\u00eb largohen ose t\u00eb jetojn\u00eb n\u00eb varf\u00ebri, ose t\u00eb marrin rrug\u00ebt e dheut n\u00eb emigracion.<br \/>\nAi ka nd\u00ebrmarr\u00eb nj\u00eb tur me banalitete, me t\u00eb cilat do t\u00eb zhvler\u00ebsoj\u00eb t\u00eb gjitha problematikat e m\u00ebdha t\u00eb krijuar sot p\u00ebr sip\u00ebrmarrjen. Do t\u00eb mbuloj\u00eb falimentimet masive.<br \/>\nNga viti 2023 deri n\u00eb vitin 2024, eksportet n\u00eb Shqip\u00ebri jan\u00eb ulur me 32 p\u00ebrqind.<br \/>\nPra, pothuaj nj\u00eb e treta e vendeve t\u00eb pun\u00ebs jan\u00eb shkat\u00ebrruar. Nj\u00eb e treta e rrogave q\u00eb hynin n\u00eb familje, nuk jan\u00eb m\u00eb.<br \/>\n\u00c7do vend ka nj\u00eb fond p\u00ebr mbrojtjen e eksporteve. Kur sheh v\u00ebshtir\u00ebsi n\u00eb nd\u00ebrmarrjet e eksportit, u shkon n\u00eb ndihm\u00eb sepse \u00ebsht\u00eb prodhim, rrog\u00eb, familje&#8230;<br \/>\nDhe kjo nuk ndodh. Ai vazhdon xhiron e tij me nj\u00eb fjalor t\u00eb mjer\u00eb prej mjerani, por kjo situat\u00eb me 11 Maj merr fund.<br \/>\nUn\u00eb u garantoj ju se do kompensojm\u00eb \u00e7do qindark\u00eb t\u00eb humbur n\u00eb euro.<br \/>\nEnergjin\u00eb do ta shesim me 6 lek\u00eb nga 18 q\u00eb e blejn\u00eb sot.<br \/>\n\u00c7mimin e ujit do e p\u00ebrgjysmojm\u00eb.<br \/>\n\u00c7do lloj qiraje, do p\u00ebrgjysmohet dhe bashkit\u00eb nuk do mund t\u00eb vendosin kurr\u00eb taksa mbi 1 p\u00ebrqind t\u00eb xhiros.<br \/>\nK\u00ebshtu q\u00eb edhe sip\u00ebrmarr\u00ebsi do kt\u00eb mund\u00ebsi t\u00eb zgjeroj\u00eb, t\u00eb investoj\u00eb, t\u00eb rris\u00eb rrogat dhe t\u00eb pun\u00ebsoj\u00eb m\u00eb shum\u00eb.<br \/>\nNdaj dhe ju ftoj q\u00eb k\u00ebto 12 dit\u00eb q\u00eb kan\u00eb mbetur, \u00e7do familjar tuajin, \u00e7do njeri q\u00eb njihni, q\u00eb akoma nuk \u00ebsht\u00eb i vendosur, t\u2019i paraqisni programin ton\u00eb se ky program \u00ebsht\u00eb p\u00ebr \u00e7do shqiptar.<br \/>\nE kemi th\u00ebn\u00eb dhe e themi, ne do vendosim minimumin jetik p\u00ebr \u00e7do pensionist me pension n\u00ebn 200 euro, p\u00ebr \u00e7do t\u00eb papun\u00eb, p\u00ebr \u00e7do njeri n\u00eb ndihm\u00eb ekonomike, p\u00ebr \u00e7do f\u00ebmij\u00eb me nj\u00eb prind dhe p\u00ebr student\u00ebt me burs\u00eb.<br \/>\nN\u00eb k\u00ebt\u00eb m\u00ebnyr\u00eb japim nj\u00eb frym\u00ebmarrje m\u00eb t\u00eb madhe.<br \/>\nDo rimbursojm\u00eb 100 p\u00ebrqind list\u00ebn e ila\u00e7eve q\u00eb rimburson republika italiane.<br \/>\nDo vendosim bonusin p\u00ebr f\u00ebmij\u00ebn e par\u00eb 70 euro, p\u00ebr f\u00ebmij\u00ebn e dyt\u00eb 60 euro, p\u00ebr f\u00ebmij\u00ebn e tret\u00eb nga lindja gjer 23 vje\u00e7.<br \/>\nDo b\u00ebjm\u00eb gjith\u00e7ka p\u00ebr t\u00eb kthyer sa m\u00eb shum\u00eb shqiptar\u00eb.<br \/>\nShembulli, \u00ebsht\u00eb kthyer n\u00eb vitin 2006, ka punuar n\u00eb Itali, \u00ebsht\u00eb kthyer dhe urdh\u00ebroni se \u00e7far\u00eb sip\u00ebrmarrje ka ngritur bashk\u00eb me koleg\u00ebt e tij\u201d, u shpreh Berisha.<\/p>\n","protected":false},"excerpt":{"rendered":"<p>N\u00eb nj\u00eb takim pran\u00eb nj\u00eb fasonerie n\u00eb autostrad\u00ebn Tiran\u00eb-Durr\u00ebs, lideri i opozit\u00ebs, Sali Berisha, p\u00ebrg\u00ebzoi sip\u00ebrmarr\u00ebsit dhe punonj\u00ebset p\u00ebr arritjet dhe standardet e larta q\u00eb kan\u00eb arritur n\u00eb nj\u00eb sektor t\u00eb r\u00ebnd\u00ebsish\u00ebm p\u00ebr ekonomin\u00eb. Ai kritikoi ashp\u00ebr qeverin\u00eb p\u00ebr munges\u00ebn e mb\u00ebshtetjes ndaj eksportuesve, duke theksuar se zhvler\u00ebsimi i euros dhe politikat e gabuara kan\u00eb &hellip;<\/p>\n","protected":false},"author":4,"featured_media":112065,"comment_status":"closed","ping_status":"closed","sticky":false,"template":"","format":"standard","meta":{"footnotes":""},"categories":[37],"tags":[],"class_list":["post-112064","post","type-post","status-publish","format-standard","has-post-thumbnail","","category-politike"],"_links":{"self":[{"href":"https:\/\/rdnews.al\/index.php\/wp-json\/wp\/v2\/posts\/112064","targetHints":{"allow":["GET"]}}],"collection":[{"href":"https:\/\/rdnews.al\/index.php\/wp-json\/wp\/v2\/posts"}],"about":[{"href":"https:\/\/rdnews.al\/index.php\/wp-json\/wp\/v2\/types\/post"}],"author":[{"embeddable":true,"href":"https:\/\/rdnews.al\/index.php\/wp-json\/wp\/v2\/users\/4"}],"replies":[{"embeddable":true,"href":"https:\/\/rdnews.al\/index.php\/wp-json\/wp\/v2\/comments?post=112064"}],"version-history":[{"count":1,"href":"https:\/\/rdnews.al\/index.php\/wp-json\/wp\/v2\/posts\/112064\/revisions"}],"predecessor-version":[{"id":112066,"href":"https:\/\/rdnews.al\/index.php\/wp-json\/wp\/v2\/posts\/112064\/revisions\/112066"}],"wp:featuredmedia":[{"embeddable":true,"href":"https:\/\/rdnews.al\/index.php\/wp-json\/wp\/v2\/media\/112065"}],"wp:attachment":[{"href":"https:\/\/rdnews.al\/index.php\/wp-json\/wp\/v2\/media?parent=112064"}],"wp:term":[{"taxonomy":"category","embeddable":true,"href":"https:\/\/rdnews.al\/index.php\/wp-json\/wp\/v2\/categories?post=112064"},{"taxonomy":"post_tag","embeddable":true,"href":"https:\/\/rdnews.al\/index.php\/wp-json\/wp\/v2\/tags?post=112064"}],"curies":[{"name":"wp","href":"https:\/\/api.w.org\/{rel}","templated":true}]}}