{"id":112074,"date":"2025-04-28T17:20:22","date_gmt":"2025-04-28T17:20:22","guid":{"rendered":"https:\/\/rdnews.al\/?p=112074"},"modified":"2025-04-28T17:21:11","modified_gmt":"2025-04-28T17:21:11","slug":"bajaziti-berisha-eshte-takuar-me-figura-te-rendesishme-te-be-dhe-pe-per-te-treguar-realitetin-shqiptar-ashtu-sic-eshte","status":"publish","type":"post","link":"https:\/\/rdnews.al\/index.php\/2025\/04\/28\/bajaziti-berisha-eshte-takuar-me-figura-te-rendesishme-te-be-dhe-pe-per-te-treguar-realitetin-shqiptar-ashtu-sic-eshte\/","title":{"rendered":"Erisa Bajaziti: Berisha \u00ebsht\u00eb takuar me figura t\u00eb r\u00ebnd\u00ebsishme t\u00eb BE dhe PE&#8230;"},"content":{"rendered":"<p>Kandidatja e PD p\u00ebr deputete, Erisa Bajazi ka folur mbi situat\u00ebn politike dhe rolin e opozit\u00ebs n\u00eb Shqip\u00ebri.<\/p>\n<p>E ftuar n\u00eb emisionin \u201cTask Force\u201d n\u00eb Syri tv ajo u shpreh se, pa dyshim, ky \u00ebsht\u00eb nj\u00eb moment q\u00eb p\u00ebrfshin edhe nd\u00ebrgjegj\u00ebsim nd\u00ebrkomb\u00ebtar, por theksoi gjithashtu r\u00ebnd\u00ebsin\u00eb e veprimit t\u00eb opozit\u00ebs, ve\u00e7an\u00ebrisht gjat\u00eb periudhave t\u00eb v\u00ebshtira dhe p\u00ebrpjekjeve ekstreme p\u00ebr t\u00eb ndaluar ekzistenc\u00ebn e saj.<\/p>\n<p>Bajazit u shpreh se, Partia Demokratike ka treguar pavar\u00ebsi dhe largpam\u00ebsi, duke marr\u00eb rolin e saj t\u00eb duhur n\u00eb nj\u00eb shtet demokratik, dhe kjo ka kontribuar n\u00eb ndryshimin e perceptimeve nd\u00ebrkomb\u00ebtare ndaj opozit\u00ebs shqiptare.<\/p>\n<p>\u201cPa dyshim q\u00eb kemi t\u00eb b\u00ebjm\u00eb edhe me nj\u00eb nd\u00ebrgjegj\u00ebsim nd\u00ebrkomb\u00ebtar, por do t\u00eb ndalesha tek roli i opozit\u00ebs. Duke par\u00eb historikun e saj p\u00ebrfshir\u00eb p\u00ebrndjekjen, izolimin dhe p\u00ebrpjekjet ekstreme p\u00ebr ta eliminuar si institucion opozita, pik\u00ebrisht n\u00eb ato momente, mori rolin q\u00eb i takon: t\u00eb luaj\u00eb rolin e opozit\u00ebs n\u00eb vend, pavar\u00ebsisht v\u00ebshtir\u00ebsive dhe goditjeve t\u00eb vazhdueshme.<\/p>\n<p>K\u00ebt\u00eb e ka treguar edhe vet\u00eb q\u00ebndresa e liderit t\u00eb opozit\u00ebs. Pavar\u00ebsisht pengesave, Berisha dhe Partia Demokratike mor\u00ebn rolin shoq\u00ebror dhe institucional q\u00eb i takon nj\u00eb opozite n\u00eb nj\u00eb shtet normal.<\/p>\n<p>N\u00eb k\u00ebt\u00eb realitet politik t\u00eb Shqip\u00ebris\u00eb, PD ka treguar largpam\u00ebsi: nuk ka nd\u00ebrtuar marr\u00ebdh\u00ebnie individuale apo me individ\u00eb t\u00eb pushtetsh\u00ebm n\u00eb m\u00ebnyr\u00eb private, por \u00ebsht\u00eb p\u00ebrpjekur t\u00eb krijoj\u00eb marr\u00ebdh\u00ebnie institucionale. Dalja me tre rezoluta tregon se PD mund t\u00eb jet\u00eb nj\u00eb partner i besuesh\u00ebm, dhe kjo reflekton faktin se sot, opozita shqiptare \u00ebsht\u00eb e njohur si aktor i r\u00ebnd\u00ebsish\u00ebm, edhe n\u00eb syt\u00eb e faktorit nd\u00ebrkomb\u00ebtar, pavar\u00ebsisht goditjeve q\u00eb ka marr\u00eb.<\/p>\n<p>Dua ta theksoj: \u00ebsht\u00eb pik\u00ebrisht roli q\u00eb PD vendosi t\u00eb marr\u00eb n\u00eb momentet m\u00eb vendimtare p\u00ebr vendin, q\u00eb ka sjell\u00eb k\u00ebt\u00eb situat\u00eb ku kemi europarlamentar\u00eb q\u00eb vijn\u00eb n\u00eb nj\u00eb fushat\u00eb t\u00eb Partis\u00eb Demokratike. Ata shprehin qart\u00eb mb\u00ebshtetjen e tyre, dhe fakti q\u00eb v\u00ebzhgues t\u00eb ndrysh\u00ebm do t\u00eb monitorojn\u00eb zgjedhjet n\u00eb vend, \u00ebsht\u00eb tregues i r\u00ebnd\u00ebsis\u00eb s\u00eb k\u00ebtij procesi.<\/p>\n<p>N\u00eb radh\u00eb t\u00eb par\u00eb jan\u00eb rezolutat; n\u00eb radh\u00eb t\u00eb dyt\u00eb, dua t\u00eb theksoj faktin q\u00eb Berisha dhe eksponent\u00eb t\u00eb PD-s\u00eb kan\u00eb udh\u00ebtuar dhe jan\u00eb takuar me figura t\u00eb r\u00ebnd\u00ebsishme t\u00eb BE-s\u00eb dhe Parlamentit Europian, n\u00eb p\u00ebrpjekje p\u00ebr t\u00eb treguar realitetin shqiptar ashtu si\u00e7 \u00ebsht\u00eb, p\u00ebrmes vet\u00eb opozit\u00ebs. Njohja de facto dhe de jure e liderit t\u00eb opozit\u00ebs tregon se ka ndryshuar qasja dhe marr\u00ebdh\u00ebnia e nd\u00ebrkomb\u00ebtar\u00ebve me opozit\u00ebn shqiptare\u201d, tha Bajaziti.<\/p>\n","protected":false},"excerpt":{"rendered":"<p>Kandidatja e PD p\u00ebr deputete, Erisa Bajazi ka folur mbi situat\u00ebn politike dhe rolin e opozit\u00ebs n\u00eb Shqip\u00ebri. E ftuar n\u00eb emisionin \u201cTask Force\u201d n\u00eb Syri tv ajo u shpreh se, pa dyshim, ky \u00ebsht\u00eb nj\u00eb moment q\u00eb p\u00ebrfshin edhe nd\u00ebrgjegj\u00ebsim nd\u00ebrkomb\u00ebtar, por theksoi gjithashtu r\u00ebnd\u00ebsin\u00eb e veprimit t\u00eb opozit\u00ebs, ve\u00e7an\u00ebrisht gjat\u00eb periudhave t\u00eb v\u00ebshtira &hellip;<\/p>\n","protected":false},"author":4,"featured_media":110830,"comment_status":"closed","ping_status":"closed","sticky":false,"template":"","format":"standard","meta":{"footnotes":""},"categories":[37],"tags":[],"class_list":["post-112074","post","type-post","status-publish","format-standard","has-post-thumbnail","","category-politike"],"_links":{"self":[{"href":"https:\/\/rdnews.al\/index.php\/wp-json\/wp\/v2\/posts\/112074","targetHints":{"allow":["GET"]}}],"collection":[{"href":"https:\/\/rdnews.al\/index.php\/wp-json\/wp\/v2\/posts"}],"about":[{"href":"https:\/\/rdnews.al\/index.php\/wp-json\/wp\/v2\/types\/post"}],"author":[{"embeddable":true,"href":"https:\/\/rdnews.al\/index.php\/wp-json\/wp\/v2\/users\/4"}],"replies":[{"embeddable":true,"href":"https:\/\/rdnews.al\/index.php\/wp-json\/wp\/v2\/comments?post=112074"}],"version-history":[{"count":3,"href":"https:\/\/rdnews.al\/index.php\/wp-json\/wp\/v2\/posts\/112074\/revisions"}],"predecessor-version":[{"id":112077,"href":"https:\/\/rdnews.al\/index.php\/wp-json\/wp\/v2\/posts\/112074\/revisions\/112077"}],"wp:featuredmedia":[{"embeddable":true,"href":"https:\/\/rdnews.al\/index.php\/wp-json\/wp\/v2\/media\/110830"}],"wp:attachment":[{"href":"https:\/\/rdnews.al\/index.php\/wp-json\/wp\/v2\/media?parent=112074"}],"wp:term":[{"taxonomy":"category","embeddable":true,"href":"https:\/\/rdnews.al\/index.php\/wp-json\/wp\/v2\/categories?post=112074"},{"taxonomy":"post_tag","embeddable":true,"href":"https:\/\/rdnews.al\/index.php\/wp-json\/wp\/v2\/tags?post=112074"}],"curies":[{"name":"wp","href":"https:\/\/api.w.org\/{rel}","templated":true}]}}