{"id":112083,"date":"2025-04-28T17:42:42","date_gmt":"2025-04-28T17:42:42","guid":{"rendered":"https:\/\/rdnews.al\/?p=112083"},"modified":"2025-04-28T17:42:42","modified_gmt":"2025-04-28T17:42:42","slug":"mazniku-4-ore-ne-prokurori-kellici-eshte-arkitekti-i-skemes-korruptive-5d","status":"publish","type":"post","link":"https:\/\/rdnews.al\/index.php\/2025\/04\/28\/mazniku-4-ore-ne-prokurori-kellici-eshte-arkitekti-i-skemes-korruptive-5d\/","title":{"rendered":"Mazniku 4 or\u00eb n\u00eb Prokurori\/ K\u00eblli\u00e7i: \u00cbsht\u00eb arkitekti i skem\u00ebs korruptive 5D"},"content":{"rendered":"<p>Drejtuesi politik i PD p\u00ebr Qarkun Tiran\u00eb, Belind K\u00eblli\u00e7i ka reaguar p\u00ebr zhvillimet n\u00eb Prokurorin\u00eb e Tiran\u00ebs, ku kjo e fundit ka marr\u00eb n\u00eb pyetje ish-N\u00ebnkryetarin e Bashkis\u00eb Tiran\u00eb, Arbjan Mazniku, n\u00eb lidhje me nj\u00eb denoncim gjat\u00eb fushat\u00ebs elektorale t\u00eb vitit 2023 p\u00ebr nj\u00eb afer\u00eb flagrante korruptive.<\/p>\n<p>N\u00eb postimin e tij n\u00eb Facebook, K\u00eblli\u00e7i thekson se k\u00ebt\u00eb denoncim SPAK e ka kaluar p\u00ebr moskopetenc\u00eb n\u00eb Prokurorin\u00eb e Tiran\u00ebs edhe pse implikonte titullar\u00ebt m\u00eb t\u00eb lart\u00eb t\u00eb Bashkis\u00eb Tiran\u00eb.<\/p>\n<p>Dosja penale \u00ebsht\u00eb \u00e7elur nga organi i akuz\u00ebs mbi baz\u00ebn e kall\u00ebzimit t\u00eb b\u00ebr\u00eb nga Bellind K\u00eblli\u00e7i, n\u00eb koh\u00ebn kur garonte p\u00ebr kryetar Bashkie i Tiran\u00ebs, p\u00ebrballe Erion Veliajt.<\/p>\n<p>\u201cDisa jav\u00eb m\u00eb par\u00eb jam paraqitur n\u00eb Prokurorin\u00eb e Tiran\u00ebs p\u00ebr t\u00eb dh\u00ebn\u00eb shpjegimet e mia si kall\u00ebzues i nj\u00eb afere flagrante korruptive, t\u00eb denoncuar gjat\u00eb fushat\u00ebs elektorale t\u00eb vitit 2023.\u00a0B\u00ebhet fjal\u00eb p\u00ebr rehabilitimin e rrug\u00ebs \u201cXhon Belushi\u201d, gjat\u00eb or\u00ebve t\u00eb vona t\u00eb nat\u00ebs, nga punonj\u00ebsit dhe mjetet e Bashkis\u00eb Tiran\u00eb, nd\u00ebrkoh\u00eb q\u00eb vijont\u00eb t\u00eb q\u00ebndronte e hapur procedura tenderuese p\u00ebr shtrimin e k\u00ebsaj rruge.<\/p>\n<p>Informacionet q\u00eb erdh\u00ebn n\u00eb rrug\u00eb informale, tregonin p\u00ebrgatitjen e nj\u00eb masakre elektorale, ku parashikohej shtrimi i dhjetra rrugicave me asfalt elektoral gjat\u00eb zgjedhjeve, kryerja e procedurave fiktive tenderuese p\u00ebr k\u00ebto pun\u00eb, pagesa fiktive e kompanive p\u00ebr pun\u00ebt e pakryera dhe p\u00ebrdorimi i lek\u00ebve t\u00eb buxhetit t\u00eb Bashkis\u00eb Tiran\u00eb, p\u00ebr blerjen masive t\u00eb votave n\u00eb zgjedhje.<\/p>\n<p>Sigurisht q\u00eb pas denoncimit tim live n\u00eb media dhe kapjes n\u00eb flagranc\u00eb t\u00eb punonj\u00ebsve t\u00eb Bashkis\u00eb Tiran\u00eb, me mjetet dhe asetet e bashkis\u00eb, ky tender ANULLOHET brenda 48 or\u00ebsh.\u00a0Menj\u00ebher\u00eb ne depozituam kall\u00ebzimin penal pran\u00eb SPAK, p\u00ebr k\u00ebt\u00eb afer\u00eb korruptive t\u00eb paprecedent\u00eb dhe t\u00eb pa d\u00ebgjuar m\u00eb par\u00eb.\u00a0Af\u00ebrmendsh SPAK k\u00ebt\u00eb dosje, edhe pse implikonte titullar\u00ebt m\u00eb t\u00eb lart\u00eb t\u00eb Bashkis\u00eb Tiran\u00eb, vendosi t\u2019ia delegonte Prokuroris\u00eb s\u00eb Tiran\u00ebs, p\u00ebr moskompetenc\u00eb!<\/p>\n<p>Marrja n\u00eb pyetje e nj\u00eb prej arkitekt\u00ebve t\u00eb skem\u00ebs korruptive 5D, tregon dhe nj\u00ebher\u00eb se kall\u00ebzimi yn\u00eb \u00ebsht\u00eb i bazuar n\u00eb fakte dhe se dirigjenti i t\u00eb gjith\u00eb asfaltit korruptiv n\u00eb Bashkin\u00eb Tiran\u00eb gjat\u00eb fushat\u00ebs zgjedhore t\u00eb vitit 2023, mban emrin dhe firm\u00ebn e Biftek Maznikut!<\/p>\n<p>SPAK u kujdes t\u00eb fshinte firmat e Maznikut n\u00eb pjes\u00ebn m\u00eb t\u00eb madhe t\u00eb tenderave t\u00eb dh\u00ebna p\u00ebr kompanin\u00eb e 5 Drejtor\u00ebve. U mundua gjithashtu t\u00eb fsheh\u00eb firmat e Maznikut tek asfalti elektoral. U mundua t\u00eb fsheh\u00eb p\u00ebrgjegj\u00ebsit\u00eb e tij p\u00ebr Inceneratorin e Tiran\u00ebs, Tirana DC dhe dhjetra milion\u00eb euro t\u00eb tjera t\u00eb vjedhura n\u00eb Bashkin\u00eb Tiran\u00eb.<\/p>\n<p>Sot gjej rastin s\u00ebrish t\u2019i drejtoj nj\u00eb thirrje publike SPAK, p\u00ebr t\u00eb mos pluhurosur dosjet e korrupsionit madhor t\u00eb Bashkis\u00eb Tiran\u00eb.<\/p>\n<p>Sado t\u00eb p\u00ebrpiqeni ta amnistoni Biftekun, fundi i tij dihet!\u00a0Nj\u00eblloj si\u00e7 u gjend Nesti Angoni p\u00ebr likujdimin juridik t\u00eb Erion Veliajt, do t\u00eb gjendet dhe nj\u00eb Nest tjet\u00ebr, sapo Mazniku t\u00eb mbaroj\u00eb sh\u00ebrbimin elektoral n\u00eb qarkun Elbasan!<\/p>\n<p>Partia shtet tashm\u00eb e ka marr\u00eb vendimin.\u00a0\u00cbsht\u00eb thjesht \u00e7\u00ebshtje kohe!\u201d, shkruan K\u00eblli\u00e7i.<\/p>\n","protected":false},"excerpt":{"rendered":"<p>Drejtuesi politik i PD p\u00ebr Qarkun Tiran\u00eb, Belind K\u00eblli\u00e7i ka reaguar p\u00ebr zhvillimet n\u00eb Prokurorin\u00eb e Tiran\u00ebs, ku kjo e fundit ka marr\u00eb n\u00eb pyetje ish-N\u00ebnkryetarin e Bashkis\u00eb Tiran\u00eb, Arbjan Mazniku, n\u00eb lidhje me nj\u00eb denoncim gjat\u00eb fushat\u00ebs elektorale t\u00eb vitit 2023 p\u00ebr nj\u00eb afer\u00eb flagrante korruptive. N\u00eb postimin e tij n\u00eb Facebook, K\u00eblli\u00e7i thekson &hellip;<\/p>\n","protected":false},"author":4,"featured_media":85108,"comment_status":"closed","ping_status":"closed","sticky":false,"template":"","format":"standard","meta":{"footnotes":""},"categories":[37],"tags":[],"class_list":["post-112083","post","type-post","status-publish","format-standard","has-post-thumbnail","","category-politike"],"_links":{"self":[{"href":"https:\/\/rdnews.al\/index.php\/wp-json\/wp\/v2\/posts\/112083","targetHints":{"allow":["GET"]}}],"collection":[{"href":"https:\/\/rdnews.al\/index.php\/wp-json\/wp\/v2\/posts"}],"about":[{"href":"https:\/\/rdnews.al\/index.php\/wp-json\/wp\/v2\/types\/post"}],"author":[{"embeddable":true,"href":"https:\/\/rdnews.al\/index.php\/wp-json\/wp\/v2\/users\/4"}],"replies":[{"embeddable":true,"href":"https:\/\/rdnews.al\/index.php\/wp-json\/wp\/v2\/comments?post=112083"}],"version-history":[{"count":1,"href":"https:\/\/rdnews.al\/index.php\/wp-json\/wp\/v2\/posts\/112083\/revisions"}],"predecessor-version":[{"id":112084,"href":"https:\/\/rdnews.al\/index.php\/wp-json\/wp\/v2\/posts\/112083\/revisions\/112084"}],"wp:featuredmedia":[{"embeddable":true,"href":"https:\/\/rdnews.al\/index.php\/wp-json\/wp\/v2\/media\/85108"}],"wp:attachment":[{"href":"https:\/\/rdnews.al\/index.php\/wp-json\/wp\/v2\/media?parent=112083"}],"wp:term":[{"taxonomy":"category","embeddable":true,"href":"https:\/\/rdnews.al\/index.php\/wp-json\/wp\/v2\/categories?post=112083"},{"taxonomy":"post_tag","embeddable":true,"href":"https:\/\/rdnews.al\/index.php\/wp-json\/wp\/v2\/tags?post=112083"}],"curies":[{"name":"wp","href":"https:\/\/api.w.org\/{rel}","templated":true}]}}