{"id":112085,"date":"2025-04-28T17:47:46","date_gmt":"2025-04-28T17:47:46","guid":{"rendered":"https:\/\/rdnews.al\/?p=112085"},"modified":"2025-04-28T17:47:46","modified_gmt":"2025-04-28T17:47:46","slug":"la-stampa-16-emigrante-jane-zhdukur-nga-kampi-i-gjadrit-ne-shqiperi","status":"publish","type":"post","link":"https:\/\/rdnews.al\/index.php\/2025\/04\/28\/la-stampa-16-emigrante-jane-zhdukur-nga-kampi-i-gjadrit-ne-shqiperi\/","title":{"rendered":"\u201cLa Stampa\u201d: 16 emigrant\u00eb jan\u00eb \u201czhdukur\u201d nga kampi i Gjadrit n\u00eb Shqip\u00ebri"},"content":{"rendered":"<p>Media italine \u201cLa Stampa\u201d, duke iu referuar Partis\u00eb Demokratike t\u00eb Italis\u00eb, raporton se nga 41 emigrant\u00eb q\u00eb zbarkuan s\u00eb fundmi n\u00eb Gjad\u00ebr t\u00eb Lezh\u00ebs, kan\u00eb mbetur 25.<\/p>\n<p>Nuk dihet n\u00ebse 16 emigrant\u00eb jan\u00eb rikthyer n\u00eb Itali n\u00eb pritje t\u00eb riatdhesimit apo jan\u00eb n\u00eb dhoma izolimi p\u00ebr shkak t\u00eb revolt\u00ebs q\u00eb para dy jav\u00ebve k\u00ebta t\u00eb fundit b\u00ebn\u00eb n\u00eb kampin e Gjadrit.<\/p>\n<p><a href=\"https:\/\/www.balkanweb.com\/wp-content\/uploads\/2025\/04\/la-stampa.jpg\" rel=\"lightbox noopener\" target=\"_blank\"><img loading=\"lazy\" decoding=\"async\" class=\"wp-image-2711658 size-full\" src=\"https:\/\/www.balkanweb.com\/wp-content\/uploads\/2025\/04\/la-stampa.jpg\" sizes=\"auto, (max-width: 1272px) 100vw, 1272px\" srcset=\"https:\/\/www.balkanweb.com\/wp-content\/uploads\/2025\/04\/la-stampa.jpg 1272w, https:\/\/www.balkanweb.com\/wp-content\/uploads\/2025\/04\/la-stampa-400x246.jpg 400w, https:\/\/www.balkanweb.com\/wp-content\/uploads\/2025\/04\/la-stampa-570x350.jpg 570w, https:\/\/www.balkanweb.com\/wp-content\/uploads\/2025\/04\/la-stampa-768x472.jpg 768w, https:\/\/www.balkanweb.com\/wp-content\/uploads\/2025\/04\/la-stampa-370x227.jpg 370w, https:\/\/www.balkanweb.com\/wp-content\/uploads\/2025\/04\/la-stampa-113x69.jpg 113w, https:\/\/www.balkanweb.com\/wp-content\/uploads\/2025\/04\/la-stampa-733x450.jpg 733w\" alt=\"La Stampa\" width=\"1272\" height=\"781\" data-pin-no-hover=\"true\" \/><\/a><\/p>\n<p>Nd\u00ebrkoh\u00eb, nj\u00eb tjet\u00ebr problem me emigrant\u00ebt e ardhur nga Italia dhe q\u00eb ka hapur nj\u00eb diskurs m\u00eb vete \u00ebsht\u00eb fakti n\u00ebse nj\u00eb i till\u00eb k\u00ebrkon azil kur ndodhet n\u00eb Gjad\u00ebr, pasi procedura rinis nga e para, teksa emigranti duhet t\u00eb rikthehet menj\u00ebher\u00eb n\u00eb Itali.<\/p>\n","protected":false},"excerpt":{"rendered":"<p>Media italine \u201cLa Stampa\u201d, duke iu referuar Partis\u00eb Demokratike t\u00eb Italis\u00eb, raporton se nga 41 emigrant\u00eb q\u00eb zbarkuan s\u00eb fundmi n\u00eb Gjad\u00ebr t\u00eb Lezh\u00ebs, kan\u00eb mbetur 25. Nuk dihet n\u00ebse 16 emigrant\u00eb jan\u00eb rikthyer n\u00eb Itali n\u00eb pritje t\u00eb riatdhesimit apo jan\u00eb n\u00eb dhoma izolimi p\u00ebr shkak t\u00eb revolt\u00ebs q\u00eb para dy jav\u00ebve k\u00ebta t\u00eb &hellip;<\/p>\n","protected":false},"author":4,"featured_media":112086,"comment_status":"closed","ping_status":"closed","sticky":false,"template":"","format":"standard","meta":{"footnotes":""},"categories":[37],"tags":[],"class_list":["post-112085","post","type-post","status-publish","format-standard","has-post-thumbnail","","category-politike"],"_links":{"self":[{"href":"https:\/\/rdnews.al\/index.php\/wp-json\/wp\/v2\/posts\/112085","targetHints":{"allow":["GET"]}}],"collection":[{"href":"https:\/\/rdnews.al\/index.php\/wp-json\/wp\/v2\/posts"}],"about":[{"href":"https:\/\/rdnews.al\/index.php\/wp-json\/wp\/v2\/types\/post"}],"author":[{"embeddable":true,"href":"https:\/\/rdnews.al\/index.php\/wp-json\/wp\/v2\/users\/4"}],"replies":[{"embeddable":true,"href":"https:\/\/rdnews.al\/index.php\/wp-json\/wp\/v2\/comments?post=112085"}],"version-history":[{"count":1,"href":"https:\/\/rdnews.al\/index.php\/wp-json\/wp\/v2\/posts\/112085\/revisions"}],"predecessor-version":[{"id":112087,"href":"https:\/\/rdnews.al\/index.php\/wp-json\/wp\/v2\/posts\/112085\/revisions\/112087"}],"wp:featuredmedia":[{"embeddable":true,"href":"https:\/\/rdnews.al\/index.php\/wp-json\/wp\/v2\/media\/112086"}],"wp:attachment":[{"href":"https:\/\/rdnews.al\/index.php\/wp-json\/wp\/v2\/media?parent=112085"}],"wp:term":[{"taxonomy":"category","embeddable":true,"href":"https:\/\/rdnews.al\/index.php\/wp-json\/wp\/v2\/categories?post=112085"},{"taxonomy":"post_tag","embeddable":true,"href":"https:\/\/rdnews.al\/index.php\/wp-json\/wp\/v2\/tags?post=112085"}],"curies":[{"name":"wp","href":"https:\/\/api.w.org\/{rel}","templated":true}]}}