{"id":112095,"date":"2025-04-28T18:40:55","date_gmt":"2025-04-28T18:40:55","guid":{"rendered":"https:\/\/rdnews.al\/?p=112095"},"modified":"2025-04-28T18:42:05","modified_gmt":"2025-04-28T18:42:05","slug":"ambasada-amerikane-publikon-foto-per-ditelindjen-e-melani-mes-te-pranishme-edhe-lacivita","status":"publish","type":"post","link":"https:\/\/rdnews.al\/index.php\/2025\/04\/28\/ambasada-amerikane-publikon-foto-per-ditelindjen-e-melani-mes-te-pranishme-edhe-lacivita\/","title":{"rendered":"Ambasada Amerikane publikon foto p\u00ebr dit\u00eblindjen e Melani, mes t\u00eb pranishm\u00ebve edhe LaCivita"},"content":{"rendered":"<div class=\"xdj266r x11i5rnm xat24cr x1mh8g0r x1vvkbs x126k92a\">\n<div dir=\"auto\">\n<p>Ambasada Amerikane n\u00eb Tiran\u00eb ka publikuar disa foto p\u00ebr t\u00eb uruar dit\u00eblindjen e Zonj\u00ebs s\u00eb Par\u00eb t\u00eb Shteteve t\u00eb Bashkuara, Malania Trump. N\u00eb nj\u00eb nga fotot shikohet mes t\u00eb pranishmeve edhe LaCivita.<\/p>\n<p>&#8220;Festojm\u00eb Zonj\u00ebn e Par\u00eb t\u00eb jasht\u00ebzakonshme t\u00eb Amerik\u00ebs, Melania Trump \u2014 shihni 20 prej fotove tona t\u00eb preferuara.<\/p>\n<\/div>\n<\/div>\n<div class=\"x11i5rnm xat24cr x1mh8g0r x1vvkbs xtlvy1s x126k92a\">\n<div dir=\"auto\">G\u00ebzuar dit\u00eblindjen, Zonja e Par\u00eb Melania Trump!&#8221;, thuhet n\u00eb publikimin e Ambasad\u00ebs Amerikane.<\/div>\n<\/div>\n","protected":false},"excerpt":{"rendered":"<p>Ambasada Amerikane n\u00eb Tiran\u00eb ka publikuar disa foto p\u00ebr t\u00eb uruar dit\u00eblindjen e Zonj\u00ebs s\u00eb Par\u00eb t\u00eb Shteteve t\u00eb Bashkuara, Malania Trump. N\u00eb nj\u00eb nga fotot shikohet mes t\u00eb pranishmeve edhe LaCivita. &#8220;Festojm\u00eb Zonj\u00ebn e Par\u00eb t\u00eb jasht\u00ebzakonshme t\u00eb Amerik\u00ebs, Melania Trump \u2014 shihni 20 prej fotove tona t\u00eb preferuara. G\u00ebzuar dit\u00eblindjen, Zonja e Par\u00eb &hellip;<\/p>\n","protected":false},"author":3,"featured_media":112099,"comment_status":"closed","ping_status":"closed","sticky":false,"template":"","format":"standard","meta":{"footnotes":""},"categories":[37],"tags":[],"class_list":["post-112095","post","type-post","status-publish","format-standard","has-post-thumbnail","","category-politike"],"_links":{"self":[{"href":"https:\/\/rdnews.al\/index.php\/wp-json\/wp\/v2\/posts\/112095","targetHints":{"allow":["GET"]}}],"collection":[{"href":"https:\/\/rdnews.al\/index.php\/wp-json\/wp\/v2\/posts"}],"about":[{"href":"https:\/\/rdnews.al\/index.php\/wp-json\/wp\/v2\/types\/post"}],"author":[{"embeddable":true,"href":"https:\/\/rdnews.al\/index.php\/wp-json\/wp\/v2\/users\/3"}],"replies":[{"embeddable":true,"href":"https:\/\/rdnews.al\/index.php\/wp-json\/wp\/v2\/comments?post=112095"}],"version-history":[{"count":2,"href":"https:\/\/rdnews.al\/index.php\/wp-json\/wp\/v2\/posts\/112095\/revisions"}],"predecessor-version":[{"id":112098,"href":"https:\/\/rdnews.al\/index.php\/wp-json\/wp\/v2\/posts\/112095\/revisions\/112098"}],"wp:featuredmedia":[{"embeddable":true,"href":"https:\/\/rdnews.al\/index.php\/wp-json\/wp\/v2\/media\/112099"}],"wp:attachment":[{"href":"https:\/\/rdnews.al\/index.php\/wp-json\/wp\/v2\/media?parent=112095"}],"wp:term":[{"taxonomy":"category","embeddable":true,"href":"https:\/\/rdnews.al\/index.php\/wp-json\/wp\/v2\/categories?post=112095"},{"taxonomy":"post_tag","embeddable":true,"href":"https:\/\/rdnews.al\/index.php\/wp-json\/wp\/v2\/tags?post=112095"}],"curies":[{"name":"wp","href":"https:\/\/api.w.org\/{rel}","templated":true}]}}