{"id":112101,"date":"2025-04-28T19:13:18","date_gmt":"2025-04-28T19:13:18","guid":{"rendered":"https:\/\/rdnews.al\/?p=112101"},"modified":"2025-04-28T19:13:18","modified_gmt":"2025-04-28T19:13:18","slug":"kontrata-e-re-ne-shba-nje-moment-historik-per-partine-demokratike-dhe-demokracine-shqiptare","status":"publish","type":"post","link":"https:\/\/rdnews.al\/index.php\/2025\/04\/28\/kontrata-e-re-ne-shba-nje-moment-historik-per-partine-demokratike-dhe-demokracine-shqiptare\/","title":{"rendered":"Kontrata e re n\u00eb SHBA: Nj\u00eb moment historik p\u00ebr Partin\u00eb Demokratike dhe demokracin\u00eb shqiptare"},"content":{"rendered":"<p><strong>Nga Bujar LESKAJ<\/strong><\/p>\n<p>M\u00eb 30 mars 2025, nj\u00eb zhvillim i r\u00ebnd\u00ebsish\u00ebm ndodhi n\u00eb marr\u00ebdh\u00ebniet nd\u00ebrkomb\u00ebtare t\u00eb Partis\u00eb Demokratike t\u00eb Shqip\u00ebris\u00eb. Fondacioni shqiptaro-amerikan \u201cTa B\u00ebjm\u00eb Shqip\u00ebrin\u00eb Madh\u00ebshtore S\u00ebrisht\u201d, drejtuar nga patrioti demokrat z.Nuredin Seci ,me baz\u00eb n\u00eb Nju Jork, firmosi nj\u00eb kontrat\u00eb sh\u00ebrbimi me kompanin\u00eb lobuese amerikane Continental Strategy, p\u00ebr t\u00eb mb\u00ebshtetur Partin\u00eb Demokratike n\u00eb strategjin\u00eb e saj t\u00eb afrimit me administrat\u00ebn Trump II dhe p\u00ebr t\u00eb forcuar lidhjet institucionale me Shtetet e Bashkuara t\u00eb Amerik\u00ebs.<\/p>\n<p>Kjo kontrat\u00eb, e regjistruar zyrtarisht n\u00eb p\u00ebrputhje me Aktin Amerikan t\u00eb Rregjistrimit t\u00eb Veprimtar\u00ebve t\u00eb Huaj (FARA), p\u00ebrfaq\u00ebson nj\u00eb njohje t\u00eb qart\u00eb politike dhe juridike t\u00eb Partis\u00eb Demokratike n\u00eb sken\u00ebn nd\u00ebrkomb\u00ebtare. P\u00ebr m\u00eb tep\u00ebr, ajo sh\u00ebnon fundin e narrativ\u00ebs s\u00eb rreme t\u00eb izolimit t\u00eb Partis\u00eb Demokratike dhe zhb\u00ebn propagand\u00ebn politike t\u00eb ngritur prej vitesh nga kund\u00ebrshtar\u00ebt e saj. Nj\u00eb falenderim t\u00eb vecant\u00e9 \u00ebsht\u00eb p\u00ebr pun\u00e9n , p\u00ebrkushtimin,<\/p>\n<p>finalizimin e k\u00ebsaj kontrate nga z.Flamur<\/p>\n<p>Noka,Sekretar i P\u00ebrgjithsh\u00ebm i PD.<\/p>\n<p>\u2e3b<\/p>\n<p>\ud835\udde1\ud835\uddf7\ud835\uddf2 \ud835\uddf6\ud835\uddfb\ud835\ude03\ud835\uddf2\ud835\ude00\ud835\ude01\ud835\uddf6\ud835\uddfa \ud835\uddfd\ud835\uddf2\ud835\uddff \ud835\uddf1\ud835\uddf2\ud835\uddfa\ud835\uddfc\ud835\uddf8\ud835\uddff\ud835\uddee\ud835\uddf0\ud835\uddf6\ud835\uddfb\ud835\uddf2 \ud835\uddf1\ud835\uddf5\ud835\uddf2 \ud835\ude01\ud835\uddf2 \ud835\uddee\ud835\uddff\ud835\uddf1\ud835\uddf5\ud835\uddfa\ud835\uddf2\ud835\uddfb \ud835\uddf2\ud835\ude02\ud835\uddff\ud835\uddfc\ud835\uddee\ud835\ude01\ud835\uddf9\ud835\uddee\ud835\uddfb\ud835\ude01\ud835\uddf6\ud835\uddf8\ud835\uddf2 \ud835\ude01\ud835\uddf2 \ud835\udde6\ud835\uddf5\ud835\uddfe\ud835\uddf6\ud835\uddfd\ud835\uddf2\ud835\uddff\ud835\uddf6\ud835\ude00\ud835\uddf2<\/p>\n<p>P\u00ebrmes kontrat\u00ebs me Continental Strategy, Partia Demokratike garanton nd\u00ebrtimin e marr\u00ebdh\u00ebnieve t\u00eb forta me vendimmarr\u00ebsit kryesor\u00eb n\u00eb qeverin\u00eb dhe Kongresin amerikan. Kjo nism\u00eb synon t\u00eb promovoj\u00eb demokracin\u00eb, t\u00eb forcoj\u00eb shtetin e s\u00eb drejt\u00ebs dhe t\u00eb mb\u00ebshtes\u00eb nisma kund\u00ebr korrupsionit n\u00eb Shqip\u00ebri (t\u00e9 prodhuara me shumic\u00eb nga sekti Rama n\u00eb k\u00e9to 12-vite )duke e vendosur vendin ton\u00eb n\u00eb rrug\u00ebn e pakthyeshme drejt standardeve per\u00ebndimore.<\/p>\n<p>N\u00eb k\u00ebt\u00eb proces, nj\u00eb rol t\u00eb jasht\u00ebzakonsh\u00ebm luan komuniteti shqiptaro-amerikan, i cili ka treguar gatishm\u00ebri p\u00ebr t\u00eb mb\u00ebshtetur Partin\u00eb Demokratike, si n\u00eb aktivitetin politik, ashtu edhe n\u00eb at\u00eb financiar. Kjo kontrat\u00eb \u00ebsht\u00eb nj\u00eb d\u00ebshmi konkrete e fuqis\u00eb mobilizuese t\u00eb diaspor\u00ebs son\u00eb n\u00eb mbrojtje t\u00eb vlerave demokratike.<\/p>\n<p>Historikisht diaspora ne SHBA , p\u00e9rmes VATR\u00cbS s\u00eb Nolit, Konic\u00ebs ,etj ka mb\u00ebshtetur Shqip\u00ebrin\u00eb n\u00eb koh\u00ebrat e v\u00ebshtira.<\/p>\n<p>\u2e3b<\/p>\n<p>\ud835\udde3\ud835\uddee\ud835\uddff\ud835\ude01\ud835\uddfb\ud835\uddf2\ud835\uddff\ud835\uddf6\ud835\ude01\ud835\uddf2\ud835\ude01 \ud835\uddfa\ud835\uddf2 \ud835\uddf3\ud835\uddf6\ud835\uddf4\ud835\ude02\ud835\uddff\ud835\uddee \ud835\uddf8\ud835\ude06\ud835\uddf0\ud835\uddf2 \ud835\ude01\ud835\uddf2 \ud835\uddee\ud835\uddf1\ud835\uddfa\ud835\uddf6\ud835\uddfb\ud835\uddf6\ud835\ude00\ud835\ude01\ud835\uddff\ud835\uddee\ud835\ude01\ud835\uddf2\ud835\ude00 \ud835\uddee\ud835\uddfa\ud835\uddf2\ud835\uddff\ud835\uddf6\ud835\uddf8\ud835\uddee\ud835\uddfb\ud835\uddf2<\/p>\n<p>N\u00eb zbatimin e k\u00ebsaj kontrate jan\u00eb p\u00ebrfshir\u00eb figura me pesh\u00eb nga administrata Trump, si Carlos Trujillo, Alex Garcia dhe Alberto Martinez. Ky angazhim i nivelit t\u00eb lart\u00eb garanton q\u00eb kauza demokratike shqiptare t\u00eb p\u00ebrfaq\u00ebsohet me seriozitet dhe profesionaliz\u00ebm pran\u00eb institucioneve m\u00eb t\u00eb r\u00ebnd\u00ebsishme n\u00eb Uashington.<\/p>\n<p>\u2e3b<\/p>\n<p>\ud835\udde5\ud835\uddf6\ud835\uddf8\ud835\uddfc\ud835\uddfb\ud835\uddf3\ud835\uddf6\ud835\uddff\ud835\uddfa\ud835\uddf6\ud835\uddfa \ud835\uddf6 \ud835\uddf1\ud835\uddff\ud835\uddf2\ud835\uddf7\ud835\ude01\ud835\uddf6\ud835\uddfa\ud835\uddf6\ud835\ude01 \ud835\uddf5\ud835\uddf6\ud835\ude00\ud835\ude01\ud835\uddfc\ud835\uddff\ud835\uddf6\ud835\uddf8 \ud835\ude01\ud835\uddf2 \ud835\udde3\ud835\uddee\ud835\uddff\ud835\ude01\ud835\uddf6\ud835\ude00\ud835\uddf2 \ud835\uddd7\ud835\uddf2\ud835\uddfa\ud835\uddfc\ud835\uddf8\ud835\uddff\ud835\uddee\ud835\ude01\ud835\uddf6\ud835\uddf8\ud835\uddf2<\/p>\n<p>Kontrata riafirmon orientimin historik t\u00eb Partis\u00eb Demokratike dhe liderit t\u00eb saj Prof.Dr.Sali Berisha drejt nj\u00eb marr\u00ebdh\u00ebnieje t\u00eb q\u00ebndrueshme strategjikisht me SHBA-t\u00eb, nj\u00eb parim ky\u00e7 q\u00eb ka udh\u00ebhequr k\u00ebt\u00eb forc\u00eb politike q\u00eb nga themelimi i saj , n\u00eb vitin 1990.<\/p>\n<p>Ftesa e Prof. Dr. Sali Berish\u00ebs p\u00ebr t\u00eb marr\u00eb pjes\u00eb n\u00eb Kongresin e Partive Popullore Evropiane 2025 n\u00eb Valencia \u00ebsht\u00eb nj\u00eb tjet\u00ebr d\u00ebshmi e rikthimit t\u00eb fuqish\u00ebm t\u00eb Partis\u00eb Demokratike n\u00eb aren\u00ebn nd\u00ebrkomb\u00ebtare.<\/p>\n<p>\u2e3b<\/p>\n<p>\ud835\udde1\ud835\uddf7\ud835\uddf2 \ud835\uddf6\ud835\ude07\ud835\uddfc\ud835\uddf9\ud835\uddf6\ud835\uddfa \ud835\uddf6 \ud835\uddff\ud835\uddf6 \ud835\uddfd\ud835\uddf2\ud835\uddff \ud835\uddfe\ud835\uddf2\ud835\ude03\ud835\uddf2\ud835\uddff\ud835\uddf6\ud835\uddfb\ud835\uddf2 \ud835\uddee\ud835\uddf8\ud835\ude01\ud835\ude02\ud835\uddee\ud835\uddf9\ud835\uddf2<\/p>\n<p>N\u00eb t\u00eb nj\u00ebjt\u00ebn koh\u00eb, kontrata thekson izolimin e Edi Ram\u00ebs nga partner\u00ebt strategjik\u00eb amerikan\u00eb, duke sh\u00ebnuar nj\u00eb ndryshim t\u00eb qart\u00eb n\u00eb qasjen e Uashingtonit ndaj realitetit politik n\u00eb Shqip\u00ebri. Administrata e Presidentit Trump mb\u00ebshtet tashm\u00eb qartazi alternativ\u00ebn demokratike q\u00eb p\u00ebrfaq\u00ebson Partia Demokratike. Rama \u00e9sht\u00eb kukulla e Sorosit.<\/p>\n<p>\u2e3b<\/p>\n<p>\ud835\udde3\ud835\uddf2\ud835\uddff\ud835\uddf3\ud835\ude02\ud835\uddfb\ud835\uddf1\ud835\uddf6\ud835\uddfa: \ud835\udde1\ud835\uddf7\ud835\uddf2 \ud835\uddf8\ud835\uddfc\ud835\uddfb\ud835\ude01\ud835\uddff\ud835\uddee\ud835\ude01\ud835\uddf2 \ud835\uddfd\ud835\uddf2\ud835\uddff \ud835\ude01\ud835\uddf2 \ud835\uddee\ud835\uddff\ud835\uddf1\ud835\uddf5\ud835\uddfa\ud835\uddf2\ud835\uddfb<\/p>\n<p>Kontrata me Continental Strategy \u00ebsht\u00eb m\u00eb shum\u00eb se nj\u00eb marr\u00ebveshje lobimi; ajo \u00ebsht\u00eb nj\u00eb platform\u00eb strategjike p\u00ebr forcimin e demokracis\u00eb shqiptare, p\u00ebr afrimin m\u00eb t\u00eb ngusht\u00eb me Shtetet e Bashkuara dhe p\u00ebr nd\u00ebrtimin e nj\u00eb Shqip\u00ebrie t\u00eb drejt\u00eb, demokratike dhe per\u00ebndimore.<\/p>\n<p>Fal\u00eb k\u00ebsaj kontrate dhe mb\u00ebshtetjes s\u00eb diaspor\u00ebs shqiptaro-amerikane, Partia Demokratike hyn n\u00eb nj\u00eb faz\u00eb t\u00eb re force dhe legjitimiteti n\u00eb betej\u00ebn e saj p\u00ebr t\u00eb rikthyer demokracin\u00eb dhe shtetin e s\u00eb drejt\u00ebs n\u00eb Shqip\u00ebri.<\/p>\n<p>Fitore PD-ASHM, fitore 1 n\u00eb zgjedhjet e 11 majit!<\/p>\n","protected":false},"excerpt":{"rendered":"<p>Nga Bujar LESKAJ M\u00eb 30 mars 2025, nj\u00eb zhvillim i r\u00ebnd\u00ebsish\u00ebm ndodhi n\u00eb marr\u00ebdh\u00ebniet nd\u00ebrkomb\u00ebtare t\u00eb Partis\u00eb Demokratike t\u00eb Shqip\u00ebris\u00eb. Fondacioni shqiptaro-amerikan \u201cTa B\u00ebjm\u00eb Shqip\u00ebrin\u00eb Madh\u00ebshtore S\u00ebrisht\u201d, drejtuar nga patrioti demokrat z.Nuredin Seci ,me baz\u00eb n\u00eb Nju Jork, firmosi nj\u00eb kontrat\u00eb sh\u00ebrbimi me kompanin\u00eb lobuese amerikane Continental Strategy, p\u00ebr t\u00eb mb\u00ebshtetur Partin\u00eb Demokratike n\u00eb strategjin\u00eb &hellip;<\/p>\n","protected":false},"author":4,"featured_media":88333,"comment_status":"closed","ping_status":"closed","sticky":false,"template":"","format":"standard","meta":{"footnotes":""},"categories":[37],"tags":[],"class_list":["post-112101","post","type-post","status-publish","format-standard","has-post-thumbnail","","category-politike"],"_links":{"self":[{"href":"https:\/\/rdnews.al\/index.php\/wp-json\/wp\/v2\/posts\/112101","targetHints":{"allow":["GET"]}}],"collection":[{"href":"https:\/\/rdnews.al\/index.php\/wp-json\/wp\/v2\/posts"}],"about":[{"href":"https:\/\/rdnews.al\/index.php\/wp-json\/wp\/v2\/types\/post"}],"author":[{"embeddable":true,"href":"https:\/\/rdnews.al\/index.php\/wp-json\/wp\/v2\/users\/4"}],"replies":[{"embeddable":true,"href":"https:\/\/rdnews.al\/index.php\/wp-json\/wp\/v2\/comments?post=112101"}],"version-history":[{"count":1,"href":"https:\/\/rdnews.al\/index.php\/wp-json\/wp\/v2\/posts\/112101\/revisions"}],"predecessor-version":[{"id":112104,"href":"https:\/\/rdnews.al\/index.php\/wp-json\/wp\/v2\/posts\/112101\/revisions\/112104"}],"wp:featuredmedia":[{"embeddable":true,"href":"https:\/\/rdnews.al\/index.php\/wp-json\/wp\/v2\/media\/88333"}],"wp:attachment":[{"href":"https:\/\/rdnews.al\/index.php\/wp-json\/wp\/v2\/media?parent=112101"}],"wp:term":[{"taxonomy":"category","embeddable":true,"href":"https:\/\/rdnews.al\/index.php\/wp-json\/wp\/v2\/categories?post=112101"},{"taxonomy":"post_tag","embeddable":true,"href":"https:\/\/rdnews.al\/index.php\/wp-json\/wp\/v2\/tags?post=112101"}],"curies":[{"name":"wp","href":"https:\/\/api.w.org\/{rel}","templated":true}]}}