{"id":112107,"date":"2025-04-29T08:14:21","date_gmt":"2025-04-29T08:14:21","guid":{"rendered":"https:\/\/rdnews.al\/?p=112107"},"modified":"2025-04-29T08:14:43","modified_gmt":"2025-04-29T08:14:43","slug":"edi-rama-paguan-6-milione-euro-nga-taksat-tona-per-bicikletat-italiane","status":"publish","type":"post","link":"https:\/\/rdnews.al\/index.php\/2025\/04\/29\/edi-rama-paguan-6-milione-euro-nga-taksat-tona-per-bicikletat-italiane\/","title":{"rendered":"Edi Rama paguan 6 milion\u00eb euro nga taksat tona p\u00ebr&#8230; bi\u00e7ikletat italiane!"},"content":{"rendered":"<p>N\u00eb nj\u00eb Shqip\u00ebri ku hipokrizia \u00ebsht\u00eb kthyer n\u00eb standard qeveris\u00ebs, Edi Rama sapo na dha nj\u00eb tjet\u00ebr prov\u00eb se si manipulohet realiteti, deformohen perceptimet dhe, mbi t\u00eb gjitha, p\u00ebrdoren fondet publike si pla\u00e7k\u00eb personale.<\/p>\n<p>Dit\u00ebt e fundit, Rama i b\u00ebnte thirrje publike hetuesve t\u00eb imagjinonin se ku i kishte gjetur Sali Berisha 6 milion\u00eb euro p\u00ebr lobim n\u00eb SHBA. Nj\u00eb \u201cbomb\u00eb\u201d imagjinare q\u00eb Rama p\u00ebrpiqet ta shes\u00eb si skandal t\u00eb madh politik. Por ja ku propaganda i bie p\u00ebr tok\u00eb:<\/p>\n<p>Sali Berisha \u00ebsht\u00eb n\u00eb opozit\u00eb, nuk ka qasje n\u00eb fondet publike, dhe ka deklaruar hapur burimin e fondeve t\u00eb lobimit \u2013 mb\u00ebshtetje private, pa lidhje me taksat e shqiptar\u00ebve.<\/p>\n<p>Ku \u00ebsht\u00eb krimi k\u00ebtu? Askund. \u00cbsht\u00eb nj\u00eb praktik\u00eb normale n\u00eb demokracit\u00eb per\u00ebndimore.<\/p>\n<p>Por nd\u00ebrkoh\u00eb, \u00e7far\u00eb b\u00ebn Edi Rama?<\/p>\n<p>Me firm\u00ebn e tij dhe dor\u00ebn n\u00eb ark\u00ebn publike, firmos nj\u00eb shum\u00eb po prej 6 milion\u00eb eurosh, p\u00ebr t\u00eb organizuar n\u00eb Shqip\u00ebri garat nd\u00ebrkomb\u00ebtare t\u00eb \u00e7iklizmit \u2013 nj\u00eb shfaqje luksoze, p\u00ebr t\u00eb k\u00ebnaqur veten dhe p\u00ebr t\u00eb mbushur xhepat e klientel\u00ebs s\u00eb oborrit rilindas.<\/p>\n<p>Dua ta b\u00ebj shum\u00eb t\u00eb qart\u00eb: askush nuk \u00ebsht\u00eb kund\u00ebr sportit.<\/p>\n<p>Por kur spitalet kan\u00eb munges\u00eb ila\u00e7esh, shkollat munges\u00eb librash, fermer\u00ebt presin subvencione q\u00eb nuk vijn\u00eb dhe pensionist\u00ebt mbijetojn\u00eb me ndihma qesharake, si mundet q\u00eb prioritet i shtetit t\u00eb jet\u00eb shfaqja me bi\u00e7ikleta?<\/p>\n<p>Ku \u00ebsht\u00eb transparenca? Kush do t\u00eb p\u00ebrfitoj\u00eb tenderat dhe miliona eurot nga ky event?<\/p>\n<p>P\u00ebrgjigja dihet: t\u00eb nj\u00ebjt\u00ebt njer\u00ebz, t\u00eb nj\u00ebjtat duar q\u00eb kontrollojn\u00eb ekonomin\u00eb e pushtetit.<\/p>\n<p>Ironia \u00ebsht\u00eb ther\u00ebse: nd\u00ebrsa Berisha, n\u00eb opozit\u00eb dhe i izoluar, p\u00ebrpiqet me fondet e tij t\u00eb luftoj\u00eb nj\u00eb vendim t\u00eb padrejt\u00eb nd\u00ebrkomb\u00ebtar, Rama p\u00ebrdor qindra mij\u00ebra euro nga parat\u00eb tona p\u00ebr t\u00eb bler\u00eb imazh, p\u00ebr t\u00eb zbukuruar propagand\u00ebn e tij dhe p\u00ebr t\u00eb zgjatur jet\u00ebn e nj\u00eb regjimi t\u00eb korruptuar.<\/p>\n<p>Pyetja e madhe q\u00eb del nga kjo histori \u00ebsht\u00eb:<\/p>\n<p>A ka filluar Rama t\u00eb ket\u00eb frik\u00eb?<\/p>\n<p>Frik\u00eb se mos Berisha ia del t\u00eb rr\u00ebzoj\u00eb \u201cnon grat\u00ebn\u201d?<\/p>\n<p>Frik\u00eb se mos bie justifikimi kryesor i propagand\u00ebs s\u00eb tij?<\/p>\n<p>Frik\u00eb se shqiptar\u00ebt mund t\u00eb \u00e7lirohen nga pengmarrja dhe frika?<\/p>\n<p>Sepse e v\u00ebrteta \u00ebsht\u00eb kjo:<\/p>\n<p>Nuk \u00ebsht\u00eb Berisha q\u00eb e tremb Ram\u00ebn.<\/p>\n<p>\u00cbsht\u00eb rikthimi i liris\u00eb.<\/p>\n<p>\u00cbsht\u00eb mund\u00ebsia q\u00eb shqiptar\u00ebt t\u00eb zgjedhin pa shantazh, pa presion dhe pa mashtrime.<\/p>\n<p>Kjo nuk \u00ebsht\u00eb vet\u00ebm hipokrizi.<\/p>\n<p>Kjo \u00ebsht\u00eb nj\u00eb tallje e madhe me popullin.<\/p>\n<p>Nj\u00eb arroganc\u00eb brutale me djers\u00ebn dhe taksat e shqiptar\u00ebve.<\/p>\n<p>Ndaj, her\u00ebn tjet\u00ebr q\u00eb Edi Rama t\u00eb ngrej\u00eb gishtin e akuz\u00ebs dhe t\u00eb pyes\u00eb:<\/p>\n<p>\u201cKu i gjeti Berisha 6 milion\u00eb euro?\u201d<\/p>\n<p>Ne kemi p\u00ebrgjigjen m\u00eb t\u00eb thjesht\u00eb dhe m\u00eb ther\u00ebse:<\/p>\n<p>\u201cJo nga xhepat tan\u00eb, zoti Kryeminist\u00ebr.<\/p>\n<p>Xhepat tan\u00eb i ke boshatisur ti, p\u00ebr bi\u00e7ikletat!\u201d\/ Publik Media<\/p>\n<p>&nbsp;<\/p>\n","protected":false},"excerpt":{"rendered":"<p>N\u00eb nj\u00eb Shqip\u00ebri ku hipokrizia \u00ebsht\u00eb kthyer n\u00eb standard qeveris\u00ebs, Edi Rama sapo na dha nj\u00eb tjet\u00ebr prov\u00eb se si manipulohet realiteti, deformohen perceptimet dhe, mbi t\u00eb gjitha, p\u00ebrdoren fondet publike si pla\u00e7k\u00eb personale. Dit\u00ebt e fundit, Rama i b\u00ebnte thirrje publike hetuesve t\u00eb imagjinonin se ku i kishte gjetur Sali Berisha 6 milion\u00eb euro &hellip;<\/p>\n","protected":false},"author":4,"featured_media":0,"comment_status":"closed","ping_status":"closed","sticky":false,"template":"","format":"standard","meta":{"footnotes":""},"categories":[37],"tags":[],"class_list":["post-112107","post","type-post","status-publish","format-standard","","category-politike"],"_links":{"self":[{"href":"https:\/\/rdnews.al\/index.php\/wp-json\/wp\/v2\/posts\/112107","targetHints":{"allow":["GET"]}}],"collection":[{"href":"https:\/\/rdnews.al\/index.php\/wp-json\/wp\/v2\/posts"}],"about":[{"href":"https:\/\/rdnews.al\/index.php\/wp-json\/wp\/v2\/types\/post"}],"author":[{"embeddable":true,"href":"https:\/\/rdnews.al\/index.php\/wp-json\/wp\/v2\/users\/4"}],"replies":[{"embeddable":true,"href":"https:\/\/rdnews.al\/index.php\/wp-json\/wp\/v2\/comments?post=112107"}],"version-history":[{"count":2,"href":"https:\/\/rdnews.al\/index.php\/wp-json\/wp\/v2\/posts\/112107\/revisions"}],"predecessor-version":[{"id":112110,"href":"https:\/\/rdnews.al\/index.php\/wp-json\/wp\/v2\/posts\/112107\/revisions\/112110"}],"wp:attachment":[{"href":"https:\/\/rdnews.al\/index.php\/wp-json\/wp\/v2\/media?parent=112107"}],"wp:term":[{"taxonomy":"category","embeddable":true,"href":"https:\/\/rdnews.al\/index.php\/wp-json\/wp\/v2\/categories?post=112107"},{"taxonomy":"post_tag","embeddable":true,"href":"https:\/\/rdnews.al\/index.php\/wp-json\/wp\/v2\/tags?post=112107"}],"curies":[{"name":"wp","href":"https:\/\/api.w.org\/{rel}","templated":true}]}}