{"id":112116,"date":"2025-04-29T08:38:29","date_gmt":"2025-04-29T08:38:29","guid":{"rendered":"https:\/\/rdnews.al\/?p=112116"},"modified":"2025-04-29T08:42:39","modified_gmt":"2025-04-29T08:42:39","slug":"media-austriake-ambasadori-i-rames-fshehu-ne-ambasade-kunaten-e-tij-qe-kerkohet-nga-spak","status":"publish","type":"post","link":"https:\/\/rdnews.al\/index.php\/2025\/04\/29\/media-austriake-ambasadori-i-rames-fshehu-ne-ambasade-kunaten-e-tij-qe-kerkohet-nga-spak\/","title":{"rendered":"Media austriake: Ambasadori shqiptar fshehu n\u00eb Ambasad\u00eb kunat\u00ebn q\u00eb k\u00ebrkohet nga SPAK"},"content":{"rendered":"<p><em>Media<a href=\"https:\/\/www.fob.at\/vom-sozialfall-zur-staatsaffaere-albaniens-botschafter-velaj-blamiert-meinl-reisinger\/\" target=\"_blank\" rel=\"noopener\">\u00a0investigative austriake FoB<\/a>, vazhdon t\u00eb merret me skandalin e ambasadorit shqiptar n\u00eb Vjen\u00eb, Fate Velaj.\u00a0Skandali i tij vazhdon t\u00eb thellohet, pasi dyshohet se ambasadori i Ram\u00ebs ka fshehur n\u00eb godin\u00ebn e ambasad\u00ebs kunat\u00ebn e tij, e cila k\u00ebrkohej nga SPKA p\u00ebr dosjen Toyota Yaris.\u00a0<a href=\"https:\/\/www.syri.net\/politike\/773941\/investigimi-skandali-i-ambasadorit-te-edi-rames-trondit-politiken-austriake\/\" target=\"_blank\" rel=\"noopener\">N\u00eb mars t\u00eb k\u00ebtij viti, FoB raportonte\u00a0<\/a>se skandali i Fate Velajt ka tronditur politik\u00ebn austriake. M\u00eb posht\u00eb \u00ebsht\u00eb shkrimi i medias austriake:<\/em><\/p>\n<p><strong>Nga Alexander Surowiec, FoB<\/strong><\/p>\n<p>\u00c7\u00ebshtjet personale rreth ambasadorit shqiptar Fatmir Velaj (i njohur edhe si Fate Velaj) po shnd\u00ebrrohen gjithnj\u00eb e m\u00eb shum\u00eb n\u00eb nj\u00eb problem politik, diplomatik dhe moral edhe p\u00ebr Ministren e Jashtme, Beate Meinl-Reisinger. Ky dimension ndikon si n\u00eb Republik\u00ebn e Shqip\u00ebris\u00eb, ashtu edhe n\u00eb partner\u00ebt e saj nd\u00ebrkomb\u00ebtar\u00eb.<\/p>\n<p>Nj\u00eb investigim i ri nga Fass ohne Boden (FoB) sugjeron se jo vet\u00ebm q\u00eb em\u00ebrimi i tij si ambasador n\u00eb Vjen\u00eb ishte shum\u00eb i dyshimt\u00eb, por edhe se i gjith\u00eb sfondi i tij profesional dhe privat karakterizohet nga kontradikta, paqart\u00ebsi dhe korrupsion i dyshuar. Kjo, jo vet\u00ebm q\u00eb ngre pyetje n\u00eb lidhje me politik\u00ebn e brendshme t\u00eb Shqip\u00ebris\u00eb, por ngre shqet\u00ebsime edhe p\u00ebr sigurin\u00eb, integritetin dhe transparenc\u00ebn e institucioneve austriake.<\/p>\n<p><strong>Ngritja e dyshimt\u00eb n\u00ebn protektoratin e politik\u00ebs<\/strong><\/p>\n<p>Fatmir Velaj u em\u00ebrua Ambasador i Shqip\u00ebris\u00eb n\u00eb Vjen\u00eb n\u00eb vitin 2023.\u00a0Me sa duket, Velaj ia detyron karrier\u00ebn e tij diplomatike ndikimit t\u00eb drejtp\u00ebrdrejt\u00eb t\u00eb kryeministrit Edi Rama, i cili, pavar\u00ebsisht munges\u00ebs s\u00eb kualifikimeve, e ngriti n\u00eb detyr\u00eb n\u00eb parlament dhe m\u00eb von\u00eb n\u00eb sh\u00ebrbimin diplomatik.<\/p>\n<p><strong>Shkeljet e konventave nd\u00ebrkomb\u00ebtare<\/strong><\/p>\n<p>Megjithat\u00eb, p\u00ebrpara se t\u00eb b\u00ebhej em\u00ebrimi aktual, Velaj duhej t\u00eb hiqte dor\u00eb nga shtet\u00ebsia austriake dhe t\u2019i jepte fund zyrtarisht vet\u00ebpun\u00ebsimit n\u00eb Austri. Prandaj, em\u00ebrimi zyrtar nuk u b\u00eb deri n\u00eb vitin 2024.<\/p>\n<p>N\u00eb koh\u00ebn e akreditimit t\u00eb tij, Velaj mbante gjithashtu shtet\u00ebsi austriake, nj\u00eb shkelje e qart\u00eb e Nenit 8 t\u00eb Konvent\u00ebs s\u00eb Vjen\u00ebs mbi Marr\u00ebdh\u00ebniet Diplomatike, i cili ndalon n\u00eb m\u00ebnyr\u00eb t\u00eb qart\u00eb nj\u00eb shtet\u00ebsi t\u00eb till\u00eb t\u00eb dyfisht\u00eb p\u00ebr ambasador\u00ebt n\u00eb shtetin prit\u00ebs. Vet\u00ebm pas nd\u00ebrhyrjes s\u00eb Ministris\u00eb s\u00eb Jashtme dhe presionit t\u00eb medias, thuhet se ai hoqi dor\u00eb nga shtet\u00ebsia austriake.<\/p>\n<p><strong>Deklarimi parlamentar n\u00eb vitin 2018: Velaj me pasuri t\u00eb konsiderueshme private<\/strong><\/p>\n<p>Fate Velaj u zgjodh n\u00eb Kuvendin e Shqip\u00ebris\u00eb si deputet i n\u00eb vitin 2017.\u00a0Sipas deklarimeve t\u00eb tij n\u00eb Parlamentin e Shqip\u00ebris\u00eb, deputeti i at\u00ebhersh\u00ebm Velaj kishte nj\u00eb pasuri t\u00eb konsiderueshme prej rreth 1.77 milion\u00eb eurosh, duke p\u00ebrjashtuar t\u00eb ardhurat e tij vjetore. Pasurit\u00eb e tij p\u00ebrfshijn\u00eb 83 p\u00ebrqind t\u00eb nj\u00eb apartamenti prej 85 metrash katror\u00eb n\u00eb Vlor\u00eb, dy depozita bankare n\u00eb Vjen\u00eb dhe Tiran\u00eb, si dhe nj\u00eb Chrysler Voyager.<\/p>\n<p>Ve\u00e7an\u00ebrisht i r\u00ebnd\u00ebsish\u00ebm \u00ebsht\u00eb koleksioni i tij i gjer\u00eb i artit: 200 piktura t\u00eb pikturuara vet\u00eb me nj\u00eb vler\u00eb t\u00eb vler\u00ebsuar prej 800.000 eurosh, 60 vepra nga artist\u00eb t\u00eb huaj me vler\u00eb 400.000 euro dhe mij\u00ebra fotografi t\u00eb tij dhe t\u00eb dhuruara me nj\u00eb vler\u00eb totale prej 450.000 eurosh.<\/p>\n<p>Sipas dosja.al, thuhet se Velaj \u00ebsht\u00eb p\u00ebrpjekur t\u00eb marr\u00eb n\u00eb zot\u00ebrim nj\u00eb ullishte n\u00eb Kanin\u00eb p\u00ebr shkak t\u00eb nj\u00eb mosmarr\u00ebveshjeje ligjore. N\u00eb t\u00eb nj\u00ebjt\u00ebn koh\u00eb, ka raportime se ai thuhet se ka marr\u00eb ndihm\u00eb sociale shtet\u00ebrore n\u00eb Austri pavar\u00ebsisht se ka deklaruar pasuri prej gati 1.8 milion eurosh. Kjo ka t\u00eb ngjar\u00eb t\u00eb b\u00ebhet nj\u00eb \u00e7\u00ebshtje p\u00ebr autoritetet hetuese n\u00eb Austri gjithashtu.<\/p>\n<p><strong>Mbrojtje e t\u00eb dyshuarve p\u00ebr krime n\u00eb ambasad\u00eb?<\/strong><\/p>\n<p>Akuzat m\u00eb serioze kan\u00eb t\u00eb b\u00ebjn\u00eb me mb\u00ebshtetjen e tij t\u00eb supozuar p\u00ebr kunat\u00ebn e tij, e cila k\u00ebrkohet nd\u00ebrkomb\u00ebtarisht nga agjencia shqiptare antikorrupsion SPAK p\u00ebr pastrim parash n\u00eb lidhje me skandalin Toyota Yaris.<\/p>\n<p>Prokuroria Speciale e Shqip\u00ebris\u00eb (SPAK) ka p\u00ebrfunduar hetimin e saj p\u00ebr t\u00eb ashtuquajturin rast &#8220;Toyota Yaris&#8221; dhe ka akuzuar kat\u00ebr persona p\u00ebr korrupsion dhe nd\u00ebrhyrje n\u00eb gjyq\u00ebsor. Nd\u00ebr t\u00eb pandehurit jan\u00eb ish-kreu i Prokuroris\u00eb Publike t\u00eb Vlor\u00ebs, Aurel Zarka, ish-hetuesja penale Erjona Daupaj, avokati Radovan \u00c7ela dhe biznesmeni Astrit Vladi.<\/p>\n<p>N\u00eb qershor 2018, 3.4 milion\u00eb euro u sekuestruan nga dy automjete. Ajo konsiderohet si nj\u00eb figur\u00eb ky\u00e7e n\u00eb nj\u00eb rrjet pastrimi parash midis Belgjik\u00ebs dhe Shqip\u00ebris\u00eb. Sipas disa burimeve, ajo ishte fshehur nga sistemi i drejt\u00ebsis\u00eb n\u00eb ambasad\u00ebn shqiptare n\u00eb Vjen\u00eb \u2013 me dijenin\u00eb dhe miratimin e ambasadorit Velaj.<\/p>\n<p>Sipas nj\u00eb raporti nga Prapaskena t\u00eb dat\u00ebs 24 n\u00ebntor 2024, thuhet se Velaj e ka fshehur kunat\u00ebn e tij Erjona Daupaj n\u00eb ambasad\u00ebn n\u00eb Vjen\u00eb. Ambasada mund t\u00eb ket\u00eb sh\u00ebrbyer si nj\u00eb vend strehimi p\u00ebr t\u00eb, duke ngritur pyetje n\u00eb lidhje me imunitetin e mundsh\u00ebm diplomatik dhe rolin e ambasad\u00ebs n\u00eb parandalimin e veprimeve ligjore.<\/p>\n<p>Ky incident ngre pyetje serioze n\u00eb lidhje me integritetin e institucioneve diplomatike dhe rolin e tyre t\u00eb mundsh\u00ebm n\u00eb pengimin e drejt\u00ebsis\u00eb. Qeveria shqiptare dhe partner\u00ebt nd\u00ebrkomb\u00ebtar\u00eb mund t\u00eb thirren p\u00ebr t\u00eb hetuar \u00e7\u00ebshtjen dhe p\u00ebr t\u00eb nd\u00ebrmarr\u00eb veprimet e duhura.<\/p>\n<p><strong>Transparenc\u00eb n\u00eb vend t\u00eb shp\u00ebrqendrimit: Pyetje p\u00ebr ambasadorin<\/strong><\/p>\n<p>Ekipi editorial i FoB i dha ambasadorit Velaj mund\u00ebsin\u00eb p\u00ebr t\u00eb komentuar. Meqen\u00ebse ai me sa duket po p\u00ebrdor imunitetin e tij diplomatik dhe politik, po i publikojm\u00eb pyetjet q\u00eb i jan\u00eb drejtuar atij p\u00ebr hir t\u00eb transparenc\u00ebs:<\/p>\n<p><em>-A \u00ebsht\u00eb e v\u00ebrtet\u00eb q\u00eb ju dhe an\u00ebtar\u00ebt e familjes suaj po hetoheni nga agjencia shqiptare kund\u00ebr korrupsionit SPAK?<\/em><\/p>\n<p><em>-A keni ju ose an\u00ebtar\u00ebt e familjes suaj llogari bankare ose asete q\u00eb aktualisht po hetohen nga SPAK ose hetues nd\u00ebrkomb\u00ebtar\u00eb?<\/em><\/p>\n<p><em>-A mund t\u00eb paraqisni certifikata ose diploma zyrtare p\u00ebr studimet tuaja t\u00eb deklaruara n\u00eb Shqip\u00ebri dhe Austri?<\/em><\/p>\n<p><em>-A \u00ebsht\u00eb e v\u00ebrtet\u00eb q\u00eb keni qen\u00eb an\u00ebtar i Parlamentit t\u00eb Shqip\u00ebris\u00eb gjat\u00eb shtet\u00ebsis\u00eb suaj austriake pa njoftuar autoritetin kompetent MA53?<\/em><\/p>\n<p><em>-Thuhet se ju vet\u00eb keni nd\u00ebrhyr\u00eb pran\u00eb Ministris\u00eb Federale t\u00eb Evrop\u00ebs, Lindjes s\u00eb Mesme dhe Afrik\u00ebs p\u00ebr t\u00eb p\u00ebrshpejtuar akreditimin tuaj si ambasador. Si e justifikoni k\u00ebt\u00eb qasje?<\/em><\/p>\n<p><em>-Si e shpjegoni faktin q\u00eb, sipas hulumtimeve, keni deklaruar pasuri prej mbi 1.8 milion eurosh, por nj\u00ebkoh\u00ebsisht keni marr\u00eb ndihm\u00eb sociale shtet\u00ebrore?<\/em><\/p>\n<p><em>-Si reagoni ndaj akuzave se kunata juaj, e cila k\u00ebrkohet nga SPAK me urdh\u00ebr arresti, thuhet se ka gjetur strehim n\u00eb ambasad\u00ebn shqiptare n\u00eb Vjen\u00eb?<\/em><\/p>\n<p><em>-\u00c7far\u00eb arritjesh zyrtare ose suksesesh diplomatike keni arritur deri m\u00eb tani n\u00eb rolin tuaj si ambasador?<\/em><\/p>\n<p><em>-N\u00eb rrjetet sociale dhe n\u00eb qarqet politike n\u00eb Shqip\u00ebri dhe Austri po diskutohet n\u00ebse kryeministri Edi Rama po p\u00ebrgatitet t&#8217;ju shkarkoj\u00eb pas zgjedhjeve t\u00eb 11 majit. \u00c7far\u00eb mendoni p\u00ebr k\u00ebt\u00eb?<\/em><\/p>\n<p><em>-Disa politikan\u00eb austriak\u00eb dhe shqiptar\u00eb distancohen nga ju. A keni nj\u00eb skenar personal daljeje n\u00eb pension?<\/em><\/p>\n<p><em>-Raportet sugjerojn\u00eb se ambasada nuk ishte e disponueshme p\u00ebr periudha t\u00eb gjata n\u00ebn udh\u00ebheqjen tuaj. A \u00ebsht\u00eb e v\u00ebrtet\u00eb kjo?<\/em><\/p>\n<p><em>-Si i p\u00ebrballoni kritikat se \u00e7\u00ebshtja juaj ka d\u00ebmtuar ndjesh\u00ebm marr\u00ebdh\u00ebniet dypal\u00ebshe midis Shqip\u00ebris\u00eb dhe Austris\u00eb?<\/em><\/p>\n<p><em>-A do t\u00eb ket\u00eb nj\u00eb shqyrtim t\u00eb brendsh\u00ebm apo publik t\u00eb imunitetit tuaj diplomatik, si\u00e7 po k\u00ebrkojn\u00eb pjes\u00eb t\u00eb opozit\u00ebs n\u00eb Shqip\u00ebri?<\/em><\/p>\n<p><em>-Si reagoni ndaj informacionit se roli juaj s\u00eb shpejti do t\u00eb jet\u00eb objekt i nj\u00eb hetimi tjet\u00ebr parlamentar n\u00eb Austri?<\/em><\/p>\n<p><em>-Disa burime i than\u00eb bordit editorial se ju i p\u00ebrshkruani botimet e Bottomless Pit si pjes\u00eb t\u00eb nj\u00eb fushate opozitare kund\u00ebr kryeministrit Rama. Kush ua dha k\u00ebt\u00eb informacion dhe mbi \u00e7far\u00eb bazohet deklarata juaj?<\/em><\/p>\n<p><em>-A keni folur personalisht me Ministren Federale, Beate Meinl-Reisinger, ose me p\u00ebrfaq\u00ebsues t\u00eb Ministris\u00eb s\u00eb Jashtme p\u00ebr t\u00eb diskutuar \u00e7\u00ebshtjen tuaj?<\/em><\/p>\n<p><strong>P\u00ebrfundim: Nj\u00eb rast me pasoja diplomatike<\/strong><\/p>\n<p>Rasti Velaj nuk \u00ebsht\u00eb nj\u00eb skandal i izoluar, por nj\u00eb simbol i d\u00ebshtimit strukturor dhe abuzimit me pushtetin. N\u00eb mediat sociale ai shpesh quhet ironikisht &#8220;elektricisti&#8221;. Deklarata t\u00eb tilla si &#8220;Nuk erdha p\u00ebr shkak t\u00eb zyr\u00ebs sime&#8221; l\u00ebn\u00eb gjithashtu hap\u00ebsir\u00eb \u200b\u200bp\u00ebr spekulime rreth motivimit t\u00eb tij t\u00eb v\u00ebrtet\u00eb.<\/p>\n<p>Ambasadori shqiptar Velaj nuk ishte i disponuesh\u00ebm p\u00ebr koment. Ministria e Jashtme, n\u00ebn drejtimin e Meinl-Reisinger ngurron, por mori nj\u00eb kopje t\u00eb k\u00ebrkes\u00ebs me email.<\/p>\n<p>Ka gjithashtu indikacione se mjedisi i Velajt ka lidhje t\u00eb mundshme historike me sh\u00ebrbimin sekret t\u00eb ish-Jugosllavis\u00eb. Ekipet gazetareske n\u00eb Shqip\u00ebri po ndjekin aktualisht pistat p\u00ebrkat\u00ebse.<\/p>\n<p>Rasti Velaj ngre pyetjen p\u00ebr qeverin\u00eb shqiptare, Ministrin\u00eb e Jashtme austriake dhe partner\u00ebt nd\u00ebrkomb\u00ebtar\u00eb: Sa munges\u00eb transparence, proteksioniz\u00ebm dhe ambivalenc\u00eb morale mund t\u00eb p\u00ebrballoj\u00eb nj\u00eb diplomat? \u00cbsht\u00eb koha p\u00ebr pasoja, politike, ligjore dhe morale.<\/p>\n","protected":false},"excerpt":{"rendered":"<p>Media\u00a0investigative austriake FoB, vazhdon t\u00eb merret me skandalin e ambasadorit shqiptar n\u00eb Vjen\u00eb, Fate Velaj.\u00a0Skandali i tij vazhdon t\u00eb thellohet, pasi dyshohet se ambasadori i Ram\u00ebs ka fshehur n\u00eb godin\u00ebn e ambasad\u00ebs kunat\u00ebn e tij, e cila k\u00ebrkohej nga SPKA p\u00ebr dosjen Toyota Yaris.\u00a0N\u00eb mars t\u00eb k\u00ebtij viti, FoB raportonte\u00a0se skandali i Fate Velajt ka &hellip;<\/p>\n","protected":false},"author":4,"featured_media":112117,"comment_status":"closed","ping_status":"closed","sticky":false,"template":"","format":"standard","meta":{"footnotes":""},"categories":[37],"tags":[],"class_list":["post-112116","post","type-post","status-publish","format-standard","has-post-thumbnail","","category-politike"],"_links":{"self":[{"href":"https:\/\/rdnews.al\/index.php\/wp-json\/wp\/v2\/posts\/112116","targetHints":{"allow":["GET"]}}],"collection":[{"href":"https:\/\/rdnews.al\/index.php\/wp-json\/wp\/v2\/posts"}],"about":[{"href":"https:\/\/rdnews.al\/index.php\/wp-json\/wp\/v2\/types\/post"}],"author":[{"embeddable":true,"href":"https:\/\/rdnews.al\/index.php\/wp-json\/wp\/v2\/users\/4"}],"replies":[{"embeddable":true,"href":"https:\/\/rdnews.al\/index.php\/wp-json\/wp\/v2\/comments?post=112116"}],"version-history":[{"count":3,"href":"https:\/\/rdnews.al\/index.php\/wp-json\/wp\/v2\/posts\/112116\/revisions"}],"predecessor-version":[{"id":112120,"href":"https:\/\/rdnews.al\/index.php\/wp-json\/wp\/v2\/posts\/112116\/revisions\/112120"}],"wp:featuredmedia":[{"embeddable":true,"href":"https:\/\/rdnews.al\/index.php\/wp-json\/wp\/v2\/media\/112117"}],"wp:attachment":[{"href":"https:\/\/rdnews.al\/index.php\/wp-json\/wp\/v2\/media?parent=112116"}],"wp:term":[{"taxonomy":"category","embeddable":true,"href":"https:\/\/rdnews.al\/index.php\/wp-json\/wp\/v2\/categories?post=112116"},{"taxonomy":"post_tag","embeddable":true,"href":"https:\/\/rdnews.al\/index.php\/wp-json\/wp\/v2\/tags?post=112116"}],"curies":[{"name":"wp","href":"https:\/\/api.w.org\/{rel}","templated":true}]}}