{"id":112121,"date":"2025-04-29T08:48:25","date_gmt":"2025-04-29T08:48:25","guid":{"rendered":"https:\/\/rdnews.al\/?p=112121"},"modified":"2025-04-29T08:48:25","modified_gmt":"2025-04-29T08:48:25","slug":"bardhi-prioriteti-yne-eshte-rikthimi-i-rinise-dhe-ndertimi-i-infrastruktures","status":"publish","type":"post","link":"https:\/\/rdnews.al\/index.php\/2025\/04\/29\/bardhi-prioriteti-yne-eshte-rikthimi-i-rinise-dhe-ndertimi-i-infrastruktures\/","title":{"rendered":"Bardhi: Prioriteti yn\u00eb \u00ebsht\u00eb rikthimi i rinis\u00eb dhe nd\u00ebrtimi i infrastruktur\u00ebs!"},"content":{"rendered":"<p>Drejtuesi politik p\u00ebr Partin\u00eb Demokratike n\u00eb Qarkun e Fierit, ka kryer takime n\u00eb fshatin Port\u00ebz, ku ka d\u00ebgjuar shqet\u00ebsimet e banor\u00ebve p\u00ebr gjendjen e r\u00ebnd\u00eb ekonomike dhe infrastruktur\u00ebn e degraduar.<\/p>\n<p>Fshatrat e asaj zone jan\u00eb p\u00ebrballur me nj\u00eb shpopullim t\u00eb friksh\u00ebm, nd\u00ebrsa infrastruktura dhe kushte jetese jan\u00eb t\u00eb papranueshme, me uj\u00ebrat e zeza q\u00eb kalojn\u00eb n\u00ebp\u00ebr rrug\u00eb dhe p\u00ebrpara sht\u00ebpive.<\/p>\n<p>Gjat\u00eb takimit ka qen\u00eb edhe kandidati Gentian Ko\u00e7i, nd\u00ebrsa banor\u00ebt kan\u00eb shprehur zhg\u00ebnjimin e thell\u00eb me qeverin\u00eb, duke k\u00ebrkuar ndryshime konkrete q\u00eb do t\u00eb mund\u00ebsonin pun\u00ebsimin e t\u00eb rinjve dhe kthimin e jet\u00ebs n\u00eb k\u00ebto zona.<\/p>\n<div class=\"fotogaleri\">\n<div class=\"bx-wrapper\">\n<div class=\"bx-viewport\">\n<ul class=\"read-slider\">\n<li><a href=\"https:\/\/www.syri.net\/fotogaleria\/783863\/bardhi-takon-banoret-ne-portez-qeveria-i-ka-harruar-prioriteti-yne-eshte-rikthimi-i-rinise-dhe-ndertimi-i-infrastruktures\/\" target=\"_blank\" rel=\"noopener\"><img decoding=\"async\" src=\"https:\/\/www.syri.net\/uploads\/syri.net\/images\/2025\/April\/29\/auto_494099698_1096932432453585_3761936147903569200_n1745916037.jpg\" \/><i class=\"fa fa-search-plus syri_zoom\" aria-hidden=\"true\"><\/i><\/a><\/li>\n<\/ul>\n<\/div>\n<div class=\"bx-controls bx-has-pager bx-has-controls-direction\">\n<div class=\"bx-controls-direction\"><strong>Postimi<\/strong><\/div>\n<\/div>\n<\/div>\n<\/div>\n[\ud83d\udccd] Port\u00ebz<br \/>\nN\u00eb fshatrat e nj\u00ebsis\u00eb administrative Port\u00ebz ka nj\u00eb shpopullim t\u00eb friksh\u00ebm. Vet\u00ebm pak km larg Fierit, por ka zero v\u00ebmendje nga qeveria. Uj\u00ebrat e zeza q\u00eb kalojn\u00eb n\u00eb rrug\u00eb dhe p\u00ebrpara \u00e7do banese, si dhe infrastruktura si n\u00eb mesjet\u00eb, i kan\u00eb kthyer k\u00ebto fshatra n\u00eb shkret\u00ebtir\u00eb.<br \/>\nMe kandidatin Gentian Ko\u00e7i takuam banor\u00ebt, q\u00eb na than\u00eb se armiku m\u00eb i madh i tyre mbetet papun\u00ebsia. Nuk e fshehin zhg\u00ebnjimin me qeverin\u00eb dhe k\u00ebrkojn\u00eb t\u00eb shohin tek ne drit\u00ebn n\u00eb fund t\u00eb tunelit.<br \/>\n[\ud83d\udccc] Nuk ka prioritet m\u00eb t\u00eb madh p\u00ebr ne, sesa t\u00eb nd\u00ebrtojm\u00eb infrastruktur\u00ebn e nevojshme n\u00eb \u00e7do fshat dhe t\u00eb kthejm\u00eb t\u00eb rinjt\u00eb t\u00eb punojn\u00eb n\u00eb Shqip\u00ebri p\u00ebr veten dhe familjet e tyre! [\u2705] [1\ufe0f\u20e3] [\ud83c\udde6\ud83c\uddf1]\n","protected":false},"excerpt":{"rendered":"<p>Drejtuesi politik p\u00ebr Partin\u00eb Demokratike n\u00eb Qarkun e Fierit, ka kryer takime n\u00eb fshatin Port\u00ebz, ku ka d\u00ebgjuar shqet\u00ebsimet e banor\u00ebve p\u00ebr gjendjen e r\u00ebnd\u00eb ekonomike dhe infrastruktur\u00ebn e degraduar. Fshatrat e asaj zone jan\u00eb p\u00ebrballur me nj\u00eb shpopullim t\u00eb friksh\u00ebm, nd\u00ebrsa infrastruktura dhe kushte jetese jan\u00eb t\u00eb papranueshme, me uj\u00ebrat e zeza q\u00eb kalojn\u00eb &hellip;<\/p>\n","protected":false},"author":4,"featured_media":112122,"comment_status":"closed","ping_status":"closed","sticky":false,"template":"","format":"standard","meta":{"footnotes":""},"categories":[37],"tags":[],"class_list":["post-112121","post","type-post","status-publish","format-standard","has-post-thumbnail","","category-politike"],"_links":{"self":[{"href":"https:\/\/rdnews.al\/index.php\/wp-json\/wp\/v2\/posts\/112121","targetHints":{"allow":["GET"]}}],"collection":[{"href":"https:\/\/rdnews.al\/index.php\/wp-json\/wp\/v2\/posts"}],"about":[{"href":"https:\/\/rdnews.al\/index.php\/wp-json\/wp\/v2\/types\/post"}],"author":[{"embeddable":true,"href":"https:\/\/rdnews.al\/index.php\/wp-json\/wp\/v2\/users\/4"}],"replies":[{"embeddable":true,"href":"https:\/\/rdnews.al\/index.php\/wp-json\/wp\/v2\/comments?post=112121"}],"version-history":[{"count":1,"href":"https:\/\/rdnews.al\/index.php\/wp-json\/wp\/v2\/posts\/112121\/revisions"}],"predecessor-version":[{"id":112123,"href":"https:\/\/rdnews.al\/index.php\/wp-json\/wp\/v2\/posts\/112121\/revisions\/112123"}],"wp:featuredmedia":[{"embeddable":true,"href":"https:\/\/rdnews.al\/index.php\/wp-json\/wp\/v2\/media\/112122"}],"wp:attachment":[{"href":"https:\/\/rdnews.al\/index.php\/wp-json\/wp\/v2\/media?parent=112121"}],"wp:term":[{"taxonomy":"category","embeddable":true,"href":"https:\/\/rdnews.al\/index.php\/wp-json\/wp\/v2\/categories?post=112121"},{"taxonomy":"post_tag","embeddable":true,"href":"https:\/\/rdnews.al\/index.php\/wp-json\/wp\/v2\/tags?post=112121"}],"curies":[{"name":"wp","href":"https:\/\/api.w.org\/{rel}","templated":true}]}}