{"id":112129,"date":"2025-04-29T09:57:01","date_gmt":"2025-04-29T09:57:01","guid":{"rendered":"https:\/\/rdnews.al\/?p=112129"},"modified":"2025-04-29T09:58:52","modified_gmt":"2025-04-29T09:58:52","slug":"fytyra-e-vertete-e-edi-rames-dhe-arben-malokut-kellici-publikon-videon-per-gjendjen-skandaloze","status":"publish","type":"post","link":"https:\/\/rdnews.al\/index.php\/2025\/04\/29\/fytyra-e-vertete-e-edi-rames-dhe-arben-malokut-kellici-publikon-videon-per-gjendjen-skandaloze\/","title":{"rendered":"Gjendja skandaloze n\u00eb Kasall\u00eb\/ K\u00eblli\u00e7i nxjerr videon: Fytyra e v\u00ebrtet\u00eb e Edi Ram\u00ebs dhe Arben Malokut!"},"content":{"rendered":"<div class=\"readmore-text-here\">\n<p>Drejtuesi politik i PD p\u00ebr Qarkun e Tiran\u00ebs, Belind K\u00eblli\u00e7i, ka shp\u00ebrndar\u00eb nj\u00eb mesazh t\u00eb fort\u00eb p\u00ebr gjendjen e r\u00ebnd\u00eb t\u00eb infrastruktur\u00ebs dhe kushteve sociale n\u00eb zon\u00ebn e Kasall\u00ebs.<\/p>\n<p>Ai ka theksuar pamund\u00ebsin\u00eb e ofrimit t\u00eb kushteve minimale p\u00ebr arsim dhe sh\u00ebndet\u00ebsi, duke kritikuar ashp\u00ebr qeverin\u00eb dhe lider\u00ebt e saj, Edi Ram\u00ebn dhe Arben Malokun.<\/p>\n<p>Sipas K\u00eblli\u00e7it, kjo situat\u00eb \u00ebsht\u00eb nj\u00eb pasqyr\u00eb e asaj q\u00eb ai e quan &#8220;pasaporta shqiptare e vitit 2025&#8221;, ku f\u00ebmij\u00ebt rriten dhe arsimohen n\u00eb kushte skandaloze.<\/p>\n<p><strong>Postimi\u00a0<\/strong><\/p>\n<p>Fytyra e v\u00ebrtet\u00eb e Edi Ram\u00ebs dhe Arben Malokut.<\/p>\n<p>Kjo \u00ebsht\u00eb gjendja n\u00eb Kasall\u00eb, ngjitur me shkoll\u00ebn.<\/p>\n<p>Bashk\u00eb me m\u00ebsimet e matematik\u00ebs apo gjuh\u00eb-leximit, nx\u00ebn\u00ebsit duhet t\u00eb marrin edhe helmet e plehrave.<\/p>\n<p>Kjo\u00a0\u00ebsht\u00eb pasaporta shqiptare e vitit 2025, ku f\u00ebmij\u00ebt rriten dhe shkollohen n\u00eb gjendje skandaloze, rruga mungon dhe ambulanca e fshatit \u00ebsht\u00eb n\u00eb mjerim.<\/p>\n<p>Ka nj\u00eb zgjidhje p\u00ebr t\u2019i dh\u00ebn\u00eb fund k\u00ebsaj bat\u00ebrdie.<\/p>\n<p>M\u00eb 11 maj, t\u00eb nd\u00ebshkojm\u00eb Edi Ram\u00ebn me vot\u00eb dhe t\u00eb sjellim ndryshimin!<\/p>\n<p><iframe loading=\"lazy\" src=\"https:\/\/www.facebook.com\/plugins\/video.php?height=476&amp;href=https%3A%2F%2Fwww.facebook.com%2FBelindKellici.Official%2Fvideos%2F703250012215856%2F&amp;show_text=false&amp;width=269&amp;t=0\" width=\"269\" height=\"476\" frameborder=\"0\" scrolling=\"no\" allowfullscreen=\"allowfullscreen\" data-mce-fragment=\"1\"><\/iframe><\/p>\n<\/div>\n","protected":false},"excerpt":{"rendered":"<p>Drejtuesi politik i PD p\u00ebr Qarkun e Tiran\u00ebs, Belind K\u00eblli\u00e7i, ka shp\u00ebrndar\u00eb nj\u00eb mesazh t\u00eb fort\u00eb p\u00ebr gjendjen e r\u00ebnd\u00eb t\u00eb infrastruktur\u00ebs dhe kushteve sociale n\u00eb zon\u00ebn e Kasall\u00ebs. Ai ka theksuar pamund\u00ebsin\u00eb e ofrimit t\u00eb kushteve minimale p\u00ebr arsim dhe sh\u00ebndet\u00ebsi, duke kritikuar ashp\u00ebr qeverin\u00eb dhe lider\u00ebt e saj, Edi Ram\u00ebn dhe Arben Malokun. &hellip;<\/p>\n","protected":false},"author":4,"featured_media":108717,"comment_status":"closed","ping_status":"closed","sticky":false,"template":"","format":"standard","meta":{"footnotes":""},"categories":[37],"tags":[],"class_list":["post-112129","post","type-post","status-publish","format-standard","has-post-thumbnail","","category-politike"],"_links":{"self":[{"href":"https:\/\/rdnews.al\/index.php\/wp-json\/wp\/v2\/posts\/112129","targetHints":{"allow":["GET"]}}],"collection":[{"href":"https:\/\/rdnews.al\/index.php\/wp-json\/wp\/v2\/posts"}],"about":[{"href":"https:\/\/rdnews.al\/index.php\/wp-json\/wp\/v2\/types\/post"}],"author":[{"embeddable":true,"href":"https:\/\/rdnews.al\/index.php\/wp-json\/wp\/v2\/users\/4"}],"replies":[{"embeddable":true,"href":"https:\/\/rdnews.al\/index.php\/wp-json\/wp\/v2\/comments?post=112129"}],"version-history":[{"count":2,"href":"https:\/\/rdnews.al\/index.php\/wp-json\/wp\/v2\/posts\/112129\/revisions"}],"predecessor-version":[{"id":112131,"href":"https:\/\/rdnews.al\/index.php\/wp-json\/wp\/v2\/posts\/112129\/revisions\/112131"}],"wp:featuredmedia":[{"embeddable":true,"href":"https:\/\/rdnews.al\/index.php\/wp-json\/wp\/v2\/media\/108717"}],"wp:attachment":[{"href":"https:\/\/rdnews.al\/index.php\/wp-json\/wp\/v2\/media?parent=112129"}],"wp:term":[{"taxonomy":"category","embeddable":true,"href":"https:\/\/rdnews.al\/index.php\/wp-json\/wp\/v2\/categories?post=112129"},{"taxonomy":"post_tag","embeddable":true,"href":"https:\/\/rdnews.al\/index.php\/wp-json\/wp\/v2\/tags?post=112129"}],"curies":[{"name":"wp","href":"https:\/\/api.w.org\/{rel}","templated":true}]}}