{"id":112138,"date":"2025-04-29T11:14:27","date_gmt":"2025-04-29T11:14:27","guid":{"rendered":"https:\/\/rdnews.al\/?p=112138"},"modified":"2025-04-29T11:30:12","modified_gmt":"2025-04-29T11:30:12","slug":"kukullen-e-sorosit-nuk-e-takon-me-askush","status":"publish","type":"post","link":"https:\/\/rdnews.al\/index.php\/2025\/04\/29\/kukullen-e-sorosit-nuk-e-takon-me-askush\/","title":{"rendered":"Kukull\u00ebn e Sorosit nuk e takon m\u00eb askush"},"content":{"rendered":"<p><strong>&#8220;RD&#8221;<\/strong><\/p>\n<p>Ju kujtohet se si n\u00eb \u00e7do fushat\u00eb elektorale mbante si bodigard\u00eb ambasador\u00ebt amerikan\u00eb dhe i nd\u00ebrsente ata kund\u00ebr opozit\u00ebs ?<\/p>\n<p>Ju kujtohet se si i drejtohej opozit\u00ebs duke i treguar der\u00ebn e Ambasad\u00ebs Amerikane p\u00ebr \u00e7do maskarall\u00ebk t\u00eb tijin politik?<\/p>\n<p>A ju kujtohet ish-Ambasadorja e \u201cbarit\u201d q\u00eb grisi marr\u00ebveshjen e n\u00ebnshkruar n\u00eb vil\u00ebn e saj p\u00ebr koalicionet zgjedhore duke i dh\u00ebn\u00eb nj\u00eb tjet\u00ebr mandat n\u00eb tavolin\u00eb kukull\u00ebs s\u00eb Sorosit?<\/p>\n<p>A ju kujtohet ish-Ambasadori ameriikan Lu q\u00eb mbyllte syt\u00eb me shami kur binin nj\u00eb nga nj\u00eb avion\u00ebt e drog\u00ebs?<\/p>\n<p>A ju kujtohet se si pasi grabiste me banda mandatet dhe binte votat k\u00ebta palo diplomat nxitonin ta \u00e7ertifikonin maskarad\u00ebn e tij si triumph t\u00eb demokracis\u00eb sorosiane?<\/p>\n<p>Ku jan\u00eb sot t\u00eb gjith\u00eb ata q\u00eb intaluan n\u00eb k\u00ebt\u00eb vend diktatur\u00ebn e Sorosit q\u00eb n\u00eb t\u00eb v\u00ebtet\u00eb \u00ebsht\u00eb diktatura e mafias? \u00a0T\u00eb gjith\u00eb ose jan\u00eb shpallur \u201cnon grata\u201d nga rump ose jan\u00eb n\u00eb k\u00ebrkim dhe I pr\u00eat burgu.<\/p>\n<p>Po kukull\u00ebn e Sorosit e shikoni se si p\u00ebrdridhet sot, m\u00eb i vetmuar se kurr\u00eb m\u00eb par\u00eb?<\/p>\n<p>A shikoni se nuk e takon m\u00eb askush dhe \u00ebsht\u00eb njeriu m\u00eb i izoluar n\u00eb Ballkan?<\/p>\n<p>Filmi i tij ka mbaruar q\u00eb dit\u00ebn q\u00eb Trump shkeli me k\u00ebmb\u00eb tutorin e tij n\u00eb Shtetet e Bashkuara.<\/p>\n<p>Fundi i tij \u00ebsht\u00eb sot dilema mes nj\u00eb tmerri pa fund apo nj\u00eb fundi t\u00eb tmerrsh\u00ebm?<\/p>\n<p>&nbsp;<\/p>\n","protected":false},"excerpt":{"rendered":"<p>&#8220;RD&#8221; Ju kujtohet se si n\u00eb \u00e7do fushat\u00eb elektorale mbante si bodigard\u00eb ambasador\u00ebt amerikan\u00eb dhe i nd\u00ebrsente ata kund\u00ebr opozit\u00ebs ? Ju kujtohet se si i drejtohej opozit\u00ebs duke i treguar der\u00ebn e Ambasad\u00ebs Amerikane p\u00ebr \u00e7do maskarall\u00ebk t\u00eb tijin politik? A ju kujtohet ish-Ambasadorja e \u201cbarit\u201d q\u00eb grisi marr\u00ebveshjen e n\u00ebnshkruar n\u00eb vil\u00ebn e &hellip;<\/p>\n","protected":false},"author":3,"featured_media":112140,"comment_status":"closed","ping_status":"closed","sticky":false,"template":"","format":"standard","meta":{"footnotes":""},"categories":[44],"tags":[],"class_list":["post-112138","post","type-post","status-publish","format-standard","has-post-thumbnail","","category-editorial"],"_links":{"self":[{"href":"https:\/\/rdnews.al\/index.php\/wp-json\/wp\/v2\/posts\/112138","targetHints":{"allow":["GET"]}}],"collection":[{"href":"https:\/\/rdnews.al\/index.php\/wp-json\/wp\/v2\/posts"}],"about":[{"href":"https:\/\/rdnews.al\/index.php\/wp-json\/wp\/v2\/types\/post"}],"author":[{"embeddable":true,"href":"https:\/\/rdnews.al\/index.php\/wp-json\/wp\/v2\/users\/3"}],"replies":[{"embeddable":true,"href":"https:\/\/rdnews.al\/index.php\/wp-json\/wp\/v2\/comments?post=112138"}],"version-history":[{"count":2,"href":"https:\/\/rdnews.al\/index.php\/wp-json\/wp\/v2\/posts\/112138\/revisions"}],"predecessor-version":[{"id":112144,"href":"https:\/\/rdnews.al\/index.php\/wp-json\/wp\/v2\/posts\/112138\/revisions\/112144"}],"wp:featuredmedia":[{"embeddable":true,"href":"https:\/\/rdnews.al\/index.php\/wp-json\/wp\/v2\/media\/112140"}],"wp:attachment":[{"href":"https:\/\/rdnews.al\/index.php\/wp-json\/wp\/v2\/media?parent=112138"}],"wp:term":[{"taxonomy":"category","embeddable":true,"href":"https:\/\/rdnews.al\/index.php\/wp-json\/wp\/v2\/categories?post=112138"},{"taxonomy":"post_tag","embeddable":true,"href":"https:\/\/rdnews.al\/index.php\/wp-json\/wp\/v2\/tags?post=112138"}],"curies":[{"name":"wp","href":"https:\/\/api.w.org\/{rel}","templated":true}]}}