{"id":112139,"date":"2025-04-29T11:15:28","date_gmt":"2025-04-29T11:15:28","guid":{"rendered":"https:\/\/rdnews.al\/?p=112139"},"modified":"2025-04-29T11:15:28","modified_gmt":"2025-04-29T11:15:28","slug":"video-berisha-ne-kongresin-e-ppe-mesazh-nga-spanja","status":"publish","type":"post","link":"https:\/\/rdnews.al\/index.php\/2025\/04\/29\/video-berisha-ne-kongresin-e-ppe-mesazh-nga-spanja\/","title":{"rendered":"Video\/ Berisha n\u00eb Kongresin e PPE, mesazh nga Spanja"},"content":{"rendered":"<p>Kryetari i PD, Sali Berisha, p\u00ebrsh\u00ebndeti ndjek\u00ebsit e tij n\u00eb rrjetet sociale me nj\u00eb video nga Valencia e Spanj\u00ebs, ku do marr\u00eb pjes\u00eb n\u00eb Kongresin e Partive Popullore Europiane.<\/p>\n<p>\u201cSpanja, Madridi do ishte vendi ku un\u00eb mora pjes\u00eb p\u00ebr t\u00eb fundit her\u00eb n\u00eb Kongreset e Partis\u00eb Popullore Europiane, pasi kisha dh\u00ebn\u00eb dor\u00ebheqjen.<\/p>\n<p>Sot rikthehem, po n\u00eb Spanj\u00eb p\u00ebr t\u00eb marr\u00eb pjes\u00eb p\u00ebr her\u00eb t\u00eb par\u00eb pas rikthimit, n\u00eb Kongresin e Partis\u00eb Popullore Europiane\u201d,\u00a0shprehet Berisha.<\/p>\n<p><iframe loading=\"lazy\" style=\"border: none; overflow: hidden;\" src=\"https:\/\/www.facebook.com\/plugins\/video.php?height=476&amp;href=https%3A%2F%2Fwww.facebook.com%2FSaliBerisha%2Fvideos%2F1393396341810261%2F&amp;show_text=false&amp;width=267&amp;t=0\" width=\"267\" height=\"476\" frameborder=\"0\" scrolling=\"no\" allowfullscreen=\"allowfullscreen\"><\/iframe><\/p>\n","protected":false},"excerpt":{"rendered":"<p>Kryetari i PD, Sali Berisha, p\u00ebrsh\u00ebndeti ndjek\u00ebsit e tij n\u00eb rrjetet sociale me nj\u00eb video nga Valencia e Spanj\u00ebs, ku do marr\u00eb pjes\u00eb n\u00eb Kongresin e Partive Popullore Europiane. \u201cSpanja, Madridi do ishte vendi ku un\u00eb mora pjes\u00eb p\u00ebr t\u00eb fundit her\u00eb n\u00eb Kongreset e Partis\u00eb Popullore Europiane, pasi kisha dh\u00ebn\u00eb dor\u00ebheqjen. Sot rikthehem, po &hellip;<\/p>\n","protected":false},"author":4,"featured_media":112141,"comment_status":"closed","ping_status":"closed","sticky":false,"template":"","format":"standard","meta":{"footnotes":""},"categories":[37],"tags":[],"class_list":["post-112139","post","type-post","status-publish","format-standard","has-post-thumbnail","","category-politike"],"_links":{"self":[{"href":"https:\/\/rdnews.al\/index.php\/wp-json\/wp\/v2\/posts\/112139","targetHints":{"allow":["GET"]}}],"collection":[{"href":"https:\/\/rdnews.al\/index.php\/wp-json\/wp\/v2\/posts"}],"about":[{"href":"https:\/\/rdnews.al\/index.php\/wp-json\/wp\/v2\/types\/post"}],"author":[{"embeddable":true,"href":"https:\/\/rdnews.al\/index.php\/wp-json\/wp\/v2\/users\/4"}],"replies":[{"embeddable":true,"href":"https:\/\/rdnews.al\/index.php\/wp-json\/wp\/v2\/comments?post=112139"}],"version-history":[{"count":1,"href":"https:\/\/rdnews.al\/index.php\/wp-json\/wp\/v2\/posts\/112139\/revisions"}],"predecessor-version":[{"id":112143,"href":"https:\/\/rdnews.al\/index.php\/wp-json\/wp\/v2\/posts\/112139\/revisions\/112143"}],"wp:featuredmedia":[{"embeddable":true,"href":"https:\/\/rdnews.al\/index.php\/wp-json\/wp\/v2\/media\/112141"}],"wp:attachment":[{"href":"https:\/\/rdnews.al\/index.php\/wp-json\/wp\/v2\/media?parent=112139"}],"wp:term":[{"taxonomy":"category","embeddable":true,"href":"https:\/\/rdnews.al\/index.php\/wp-json\/wp\/v2\/categories?post=112139"},{"taxonomy":"post_tag","embeddable":true,"href":"https:\/\/rdnews.al\/index.php\/wp-json\/wp\/v2\/tags?post=112139"}],"curies":[{"name":"wp","href":"https:\/\/api.w.org\/{rel}","templated":true}]}}