{"id":112147,"date":"2025-04-29T13:38:39","date_gmt":"2025-04-29T13:38:39","guid":{"rendered":"https:\/\/rdnews.al\/?p=112147"},"modified":"2025-04-29T13:38:39","modified_gmt":"2025-04-29T13:38:39","slug":"plas-pushka-12-dite-para-zgjedhjeve-ne-mes-te-tiranes","status":"publish","type":"post","link":"https:\/\/rdnews.al\/index.php\/2025\/04\/29\/plas-pushka-12-dite-para-zgjedhjeve-ne-mes-te-tiranes\/","title":{"rendered":"Plas pushka 12 dit\u00eb para zgjedhjeve n\u00eb mes t\u00eb Tiran\u00ebs"},"content":{"rendered":"<p>Policia e Tiran\u00ebs ka shpallur n\u00eb k\u00ebrkim Arjan Telhallarin, i cili dyshohet se \u00ebsht\u00eb personi q\u00eb hyri me forc\u00eb n\u00eb nj\u00eb zyr\u00eb elektorale n\u00eb zon\u00ebn e \u201cAli Demit\u201d dhe u p\u00ebrfshi n\u00eb nj\u00eb p\u00ebrplasje t\u00eb dhunshme me individ\u00eb q\u00eb ndodheshin aty.<\/p>\n<p>Sipas burimeve zyrtare, ngjarja e r\u00ebnd\u00eb ndodhi rreth or\u00ebs 14:00, dhe n\u00eb njoftimin e par\u00eb t\u00eb mb\u00ebrritur n\u00eb sall\u00ebn operative u raportua p\u00ebr t\u00eb sht\u00ebna me arm\u00eb zjarri. Megjithat\u00eb, deri m\u00eb tani nuk jan\u00eb gjetur g\u00ebzhoja apo prova q\u00eb konfirmojn\u00eb q\u00eb jan\u00eb q\u00eblluar arm\u00eb, p\u00ebrve\u00e7 dy fishek\u00ebve luftarak t\u00eb paplasur t\u00eb gjetur n\u00eb vendngjarje.<\/p>\n<p>Policia njofton se Arjan Telhallari \u00ebsht\u00eb larguar menj\u00ebher\u00eb pas p\u00ebrplasjes, nd\u00ebrsa vijon puna p\u00ebr kapjen dhe shoq\u00ebrimin e tij, si dhe p\u00ebr identifikimin e personave t\u00eb tjer\u00eb t\u00eb p\u00ebrfshir\u00eb n\u00eb konflikt.<\/p>\n<p>Ende nuk dihen arsyet e sakta t\u00eb hyrjes s\u00eb tij n\u00eb zyr\u00ebn elektorale dhe p\u00ebrshkall\u00ebzimit t\u00eb situat\u00ebs n\u00eb dhun\u00eb.<\/p>\n","protected":false},"excerpt":{"rendered":"<p>Policia e Tiran\u00ebs ka shpallur n\u00eb k\u00ebrkim Arjan Telhallarin, i cili dyshohet se \u00ebsht\u00eb personi q\u00eb hyri me forc\u00eb n\u00eb nj\u00eb zyr\u00eb elektorale n\u00eb zon\u00ebn e \u201cAli Demit\u201d dhe u p\u00ebrfshi n\u00eb nj\u00eb p\u00ebrplasje t\u00eb dhunshme me individ\u00eb q\u00eb ndodheshin aty. Sipas burimeve zyrtare, ngjarja e r\u00ebnd\u00eb ndodhi rreth or\u00ebs 14:00, dhe n\u00eb njoftimin e &hellip;<\/p>\n","protected":false},"author":3,"featured_media":112148,"comment_status":"closed","ping_status":"closed","sticky":false,"template":"","format":"standard","meta":{"footnotes":""},"categories":[37],"tags":[],"class_list":["post-112147","post","type-post","status-publish","format-standard","has-post-thumbnail","","category-politike"],"_links":{"self":[{"href":"https:\/\/rdnews.al\/index.php\/wp-json\/wp\/v2\/posts\/112147","targetHints":{"allow":["GET"]}}],"collection":[{"href":"https:\/\/rdnews.al\/index.php\/wp-json\/wp\/v2\/posts"}],"about":[{"href":"https:\/\/rdnews.al\/index.php\/wp-json\/wp\/v2\/types\/post"}],"author":[{"embeddable":true,"href":"https:\/\/rdnews.al\/index.php\/wp-json\/wp\/v2\/users\/3"}],"replies":[{"embeddable":true,"href":"https:\/\/rdnews.al\/index.php\/wp-json\/wp\/v2\/comments?post=112147"}],"version-history":[{"count":1,"href":"https:\/\/rdnews.al\/index.php\/wp-json\/wp\/v2\/posts\/112147\/revisions"}],"predecessor-version":[{"id":112149,"href":"https:\/\/rdnews.al\/index.php\/wp-json\/wp\/v2\/posts\/112147\/revisions\/112149"}],"wp:featuredmedia":[{"embeddable":true,"href":"https:\/\/rdnews.al\/index.php\/wp-json\/wp\/v2\/media\/112148"}],"wp:attachment":[{"href":"https:\/\/rdnews.al\/index.php\/wp-json\/wp\/v2\/media?parent=112147"}],"wp:term":[{"taxonomy":"category","embeddable":true,"href":"https:\/\/rdnews.al\/index.php\/wp-json\/wp\/v2\/categories?post=112147"},{"taxonomy":"post_tag","embeddable":true,"href":"https:\/\/rdnews.al\/index.php\/wp-json\/wp\/v2\/tags?post=112147"}],"curies":[{"name":"wp","href":"https:\/\/api.w.org\/{rel}","templated":true}]}}