{"id":112150,"date":"2025-04-29T14:07:17","date_gmt":"2025-04-29T14:07:17","guid":{"rendered":"https:\/\/rdnews.al\/?p=112150"},"modified":"2025-04-29T14:07:42","modified_gmt":"2025-04-29T14:07:42","slug":"berisha-ekzekuton-narkodiktatorin-para-populloreve-europiane","status":"publish","type":"post","link":"https:\/\/rdnews.al\/index.php\/2025\/04\/29\/berisha-ekzekuton-narkodiktatorin-para-populloreve-europiane\/","title":{"rendered":"Berisha &#8220;ekzekuton&#8221; narkodiktatorin para Popullor\u00ebve Europian\u00eb"},"content":{"rendered":"<p>Kryetari i Partis\u00eb Demokratike, Sali Berisha, mori pjes\u00eb n\u00eb Kongresin e Partive Popullore Evropiane (EPP), i cili u mbajt n\u00eb Valencia, Spanj\u00eb, ku mbajti nj\u00eb fjalim t\u00eb ashp\u00ebr ndaj qeveris\u00eb shqiptare dhe kryeministrit Edi Rama.<\/p>\n<p>N\u00eb deklaratat e tij, Berisha e cil\u00ebsoi Ram\u00ebn si nj\u00eb \u201cnarkodiktator\u201d, duke e akuzuar p\u00ebr shtypje t\u00eb liris\u00eb s\u00eb fjal\u00ebs, p\u00ebrndjekje t\u00eb opozit\u00ebs dhe lidhje me krimin e organizuar.<\/p>\n<p>\u201cAi bllokoi TikTok-un p\u00ebr ta kthyer Shqip\u00ebrin\u00eb n\u00eb nj\u00eb version t\u00eb Terehanit apo Kabulit. Tre kryetar\u00eb opozitar\u00eb jan\u00eb arrestuar vet\u00ebm sepse jan\u00eb kund\u00ebrshtar\u00eb politik\u00eb. Fredi Beleri u nd\u00ebshkua sepse refuzoi t\u2019i jepte tok\u00eb familjes s\u00eb Ram\u00ebs,\u201d tha Berisha para delegat\u00ebve t\u00eb EPP-s\u00eb.<\/p>\n<p>Ai p\u00ebrmendi gjithashtu \u00e7\u00ebshtjen McGonigal, duke akuzuar Ram\u00ebn se ka korruptuar ish-zyrtarin e lart\u00eb t\u00eb FBI-s\u00eb p\u00ebr t\u00eb vepruar kund\u00ebr opozit\u00ebs shqiptare. \u201cNuk ishte i vetmi q\u00eb mori ryshfet p\u00ebr k\u00ebt\u00eb q\u00ebllim,\u201d shtoi ai.<\/p>\n<p>Berisha ngriti alarmin edhe p\u00ebr situat\u00ebn sociale dhe demografike n\u00eb vend, duke deklaruar se Shqip\u00ebria ka sot nj\u00eb nga normat m\u00eb t\u00eb ul\u00ebta t\u00eb lindjeve n\u00eb bot\u00eb, dhe \u00ebsht\u00eb shnd\u00ebrruar n\u00eb nj\u00eb eksportues t\u00eb krimit nd\u00ebrkomb\u00ebtar.<\/p>\n<p>Sa i p\u00ebrket zgjedhjeve, ai akuzoi qeverin\u00eb p\u00ebr mbylljen e debateve televizive dhe shp\u00ebrndarje dhuratash p\u00ebr pensionist\u00ebt, duke e quajtur k\u00ebt\u00eb nj\u00eb \u201cmakineri zgjedhore t\u00eb narkoshtetit\u201d.<\/p>\n","protected":false},"excerpt":{"rendered":"<p>Kryetari i Partis\u00eb Demokratike, Sali Berisha, mori pjes\u00eb n\u00eb Kongresin e Partive Popullore Evropiane (EPP), i cili u mbajt n\u00eb Valencia, Spanj\u00eb, ku mbajti nj\u00eb fjalim t\u00eb ashp\u00ebr ndaj qeveris\u00eb shqiptare dhe kryeministrit Edi Rama. N\u00eb deklaratat e tij, Berisha e cil\u00ebsoi Ram\u00ebn si nj\u00eb \u201cnarkodiktator\u201d, duke e akuzuar p\u00ebr shtypje t\u00eb liris\u00eb s\u00eb fjal\u00ebs, &hellip;<\/p>\n","protected":false},"author":3,"featured_media":112151,"comment_status":"closed","ping_status":"closed","sticky":false,"template":"","format":"standard","meta":{"footnotes":""},"categories":[37],"tags":[],"class_list":["post-112150","post","type-post","status-publish","format-standard","has-post-thumbnail","","category-politike"],"_links":{"self":[{"href":"https:\/\/rdnews.al\/index.php\/wp-json\/wp\/v2\/posts\/112150","targetHints":{"allow":["GET"]}}],"collection":[{"href":"https:\/\/rdnews.al\/index.php\/wp-json\/wp\/v2\/posts"}],"about":[{"href":"https:\/\/rdnews.al\/index.php\/wp-json\/wp\/v2\/types\/post"}],"author":[{"embeddable":true,"href":"https:\/\/rdnews.al\/index.php\/wp-json\/wp\/v2\/users\/3"}],"replies":[{"embeddable":true,"href":"https:\/\/rdnews.al\/index.php\/wp-json\/wp\/v2\/comments?post=112150"}],"version-history":[{"count":2,"href":"https:\/\/rdnews.al\/index.php\/wp-json\/wp\/v2\/posts\/112150\/revisions"}],"predecessor-version":[{"id":112153,"href":"https:\/\/rdnews.al\/index.php\/wp-json\/wp\/v2\/posts\/112150\/revisions\/112153"}],"wp:featuredmedia":[{"embeddable":true,"href":"https:\/\/rdnews.al\/index.php\/wp-json\/wp\/v2\/media\/112151"}],"wp:attachment":[{"href":"https:\/\/rdnews.al\/index.php\/wp-json\/wp\/v2\/media?parent=112150"}],"wp:term":[{"taxonomy":"category","embeddable":true,"href":"https:\/\/rdnews.al\/index.php\/wp-json\/wp\/v2\/categories?post=112150"},{"taxonomy":"post_tag","embeddable":true,"href":"https:\/\/rdnews.al\/index.php\/wp-json\/wp\/v2\/tags?post=112150"}],"curies":[{"name":"wp","href":"https:\/\/api.w.org\/{rel}","templated":true}]}}