{"id":112161,"date":"2025-04-29T16:42:17","date_gmt":"2025-04-29T16:42:17","guid":{"rendered":"https:\/\/rdnews.al\/?p=112161"},"modified":"2025-04-29T17:44:43","modified_gmt":"2025-04-29T17:44:43","slug":"pd-raporti-paraprak-i-osbe-odihr-damkos-zgjedhjet-ne-shqiperi-jepet-alarmi-per-polarizim-politik-abuzime-dhe-censure","status":"publish","type":"post","link":"https:\/\/rdnews.al\/index.php\/2025\/04\/29\/pd-raporti-paraprak-i-osbe-odihr-damkos-zgjedhjet-ne-shqiperi-jepet-alarmi-per-polarizim-politik-abuzime-dhe-censure\/","title":{"rendered":"PD: Raporti paraprak i OSBE\/ODIHR damkos zgjedhjet n\u00eb Shqip\u00ebri! Polarizim politik, abuzime dhe censur\u00eb!"},"content":{"rendered":"<p><strong>Deklarata e drejtuesit t\u00eb Departamentit t\u00eb Drejt\u00ebsis\u00eb n\u00eb PD, Franc Nuri:<\/strong><\/p>\n<p>Nj\u00eb dokument alarmant i organizat\u00ebs q\u00eb v\u00ebzhgon zgjedhjet n\u00eb bot\u00eb, i publikuar sot, i vler\u00ebson si t\u00eb pap\u00ebrshtatshme\u00a0 kushtet ku do t\u00eb mbahen zgjedhjet n\u00eb Shqip\u00ebri, duke folur p\u00ebr \u2018polarizim ekstrem politik\u2019, i ardhur nga\u00a0 nj\u00eb \u2018Reform\u00eb zgjedhore e nj\u00ebanshme dhe pa konsultim publik\u2019.<\/p>\n<p>OSBE thekson se shumica e sugjerimeve p\u00ebr p\u00ebrmir\u00ebsim t\u00eb procesit zgjedhor b\u00ebr\u00eb nga kjo organizat\u00eb mbeten t\u00eb pazbatuara.<\/p>\n<p>N\u00eb k\u00ebt\u00eb logjik\u00eb vijojn\u00eb problemet e p\u00ebrhershme n\u00ebn Edi Ram\u00ebn si \u2018keqp\u00ebrdorimi i aseteve publike p\u00ebr q\u00ebllime elektorale dhe presioni ndaj punonj\u00ebsve t\u00eb administrat\u00ebs\u2019.<\/p>\n<p>Raporti nuk rri pa p\u00ebrmendur edhe ata me t\u00eb cil\u00ebt kryeministri mburret, \u2018rrjetet e patronazhist\u00ebve\u2019 si form\u00eb ndikimi politik.<\/p>\n<p>Po ashtu shqet\u00ebsues paraqitet p\u00ebrdorimi i t\u00eb dh\u00ebnave personale n\u00eb m\u00ebnyr\u00eb t\u00eb paligjshme, t\u00eb cilat raporti i quan \u2018abuzime\u2019.<\/p>\n<p>Media konsiderohet e politizuar dhe e p\u00ebrqendruar n\u00eb pak duar. \u2018Media \u00ebsht\u00eb e lidhur me interesa t\u00eb af\u00ebrta me qeverin\u00eb, duke kompromentuar pluralizmin mediatik\u2019, thot\u00eb raporti q\u00eb nuk l\u00eb pa cekur edhe vet\u00ebcensur\u00ebn dhe presionin ndaj gazetar\u00ebve p\u00ebrfshir\u00eb sulme verbale apo ndjekje penale.<\/p>\n<p>OSBE kritikon edhe ndalimin e Tiik Tok nga kryeministri Rama dhe censur\u00ebn digjitale duke e konsideruar si sulm ndaj liris\u00eb s\u00eb shprehjes.<\/p>\n<p>Pa e p\u00ebrmendur me em\u00ebr, por duke n\u00ebnkuptuar qart\u00ebsisht kryeministrin, raporti flet p\u00ebr \u2018fushat\u00eb q\u00eb karakterizohet nga sulme personale dhe munges\u00eb diskutimi p\u00ebr politika publike\u2019.<\/p>\n<p>OSBE-ODHIR prek edhe nj\u00eb plag\u00eb t\u00eb zgjedhjeve, q\u00eb \u00ebsht\u00eb mungesa e nd\u00ebshkueshm\u00ebris\u00eb p\u00ebr shkeljet dhe manipulimet zgjedhore, sic \u00ebsht\u00eb provuar dhe nga dosjet 339 dhe 184.<\/p>\n<p>Raporti thekson se KQZ ka identifikuar dhjet\u00ebra shkelje, por shum\u00eb pak masa nd\u00ebshkuese jan\u00eb marr\u00eb.<\/p>\n<p>Partia Demokratike duke fal\u00ebnderuar misionin v\u00ebzhgues t\u00eb OSBE-ODHIR p\u00ebr pun\u00ebn, i k\u00ebrkon Parlamentit Europian dhe organizatave t\u00eb zgjedhjeve dhe liris\u00eb s\u00eb shprehjes t\u00eb shtojn\u00eb presionin mbi Edi Ram\u00ebn, nj\u00eb shkel\u00ebs recidivist dhe manipulues i proceseve zgjedhore.<\/p>\n<p>Prekja e zgjedhjeve, cenimi i vullnetit t\u00eb qytetar\u00ebve do t\u00eb marr\u00eb p\u00ebrgjigje t\u00eb drejtp\u00ebrdrejt\u00eb, t\u00eb menj\u00ebhershme dhe t\u00eb merituar.<\/p>\n<p>Larg duart nga zgjedhjet!<\/p>\n<p>Pa zgjedhje t\u00eb lira, nuk ka zgjidhje!<\/p>\n","protected":false},"excerpt":{"rendered":"<p>Deklarata e drejtuesit t\u00eb Departamentit t\u00eb Drejt\u00ebsis\u00eb n\u00eb PD, Franc Nuri: Nj\u00eb dokument alarmant i organizat\u00ebs q\u00eb v\u00ebzhgon zgjedhjet n\u00eb bot\u00eb, i publikuar sot, i vler\u00ebson si t\u00eb pap\u00ebrshtatshme\u00a0 kushtet ku do t\u00eb mbahen zgjedhjet n\u00eb Shqip\u00ebri, duke folur p\u00ebr \u2018polarizim ekstrem politik\u2019, i ardhur nga\u00a0 nj\u00eb \u2018Reform\u00eb zgjedhore e nj\u00ebanshme dhe pa konsultim publik\u2019. &hellip;<\/p>\n","protected":false},"author":4,"featured_media":112162,"comment_status":"closed","ping_status":"closed","sticky":false,"template":"","format":"standard","meta":{"footnotes":""},"categories":[37],"tags":[],"class_list":["post-112161","post","type-post","status-publish","format-standard","has-post-thumbnail","","category-politike"],"_links":{"self":[{"href":"https:\/\/rdnews.al\/index.php\/wp-json\/wp\/v2\/posts\/112161","targetHints":{"allow":["GET"]}}],"collection":[{"href":"https:\/\/rdnews.al\/index.php\/wp-json\/wp\/v2\/posts"}],"about":[{"href":"https:\/\/rdnews.al\/index.php\/wp-json\/wp\/v2\/types\/post"}],"author":[{"embeddable":true,"href":"https:\/\/rdnews.al\/index.php\/wp-json\/wp\/v2\/users\/4"}],"replies":[{"embeddable":true,"href":"https:\/\/rdnews.al\/index.php\/wp-json\/wp\/v2\/comments?post=112161"}],"version-history":[{"count":3,"href":"https:\/\/rdnews.al\/index.php\/wp-json\/wp\/v2\/posts\/112161\/revisions"}],"predecessor-version":[{"id":112185,"href":"https:\/\/rdnews.al\/index.php\/wp-json\/wp\/v2\/posts\/112161\/revisions\/112185"}],"wp:featuredmedia":[{"embeddable":true,"href":"https:\/\/rdnews.al\/index.php\/wp-json\/wp\/v2\/media\/112162"}],"wp:attachment":[{"href":"https:\/\/rdnews.al\/index.php\/wp-json\/wp\/v2\/media?parent=112161"}],"wp:term":[{"taxonomy":"category","embeddable":true,"href":"https:\/\/rdnews.al\/index.php\/wp-json\/wp\/v2\/categories?post=112161"},{"taxonomy":"post_tag","embeddable":true,"href":"https:\/\/rdnews.al\/index.php\/wp-json\/wp\/v2\/tags?post=112161"}],"curies":[{"name":"wp","href":"https:\/\/api.w.org\/{rel}","templated":true}]}}