{"id":112170,"date":"2025-04-29T17:00:32","date_gmt":"2025-04-29T17:00:32","guid":{"rendered":"https:\/\/rdnews.al\/?p=112170"},"modified":"2025-04-29T17:01:43","modified_gmt":"2025-04-29T17:01:43","slug":"mposhtja-e-organizatave-te-soros-dhe-integrimi-berisha-takim-me-kryeministrin-mickoski-ne-kongresin-e-ppe","status":"publish","type":"post","link":"https:\/\/rdnews.al\/index.php\/2025\/04\/29\/mposhtja-e-organizatave-te-soros-dhe-integrimi-berisha-takim-me-kryeministrin-mickoski-ne-kongresin-e-ppe\/","title":{"rendered":"\u201cMposhtja e organizatave t\u00eb Soros dhe integrimi\u201d, Berisha takim me kryeministrin Mickoski n\u00eb Kongresin e PPE"},"content":{"rendered":"<p>Gjat\u00eb Kongresit t\u00eb PPE, u zhvillua nj\u00eb takim bilateral nd\u00ebrmjet Kryeministrit t\u00eb Maqedonis\u00eb s\u00eb Veriut, Hristijan Mickoski, kabinetit t\u00eb tij qeveritar dhe Kryetarit t\u00eb Partis\u00eb Demokratike, Sali Berisha, shoq\u00ebruar nga delegacioni.<\/p>\n<p>N\u00eb fokus t\u00eb diskutimeve ishte bashk\u00ebpunimi i ngusht\u00eb midis dy partive simotra, r\u00ebnd\u00ebsia e konsolidimit t\u00eb vlerave t\u00eb p\u00ebrbashk\u00ebta konservatore dhe sfidat q\u00eb paraqet procesi i integrimit evropian p\u00ebr rajonin ton\u00eb. Pal\u00ebt ndan\u00eb pik\u00ebpamje t\u00eb p\u00ebrbashk\u00ebta mbi nevoj\u00ebn p\u00ebr t\u00eb forcuar koordinimin politik dhe mb\u00ebshtetjen reciproke.<\/p>\n<p>Kryeministri Mickoski uroi Berish\u00ebn dhe Partin\u00eb Demokratike p\u00ebr nj\u00eb rezultat sa m\u00eb pozitiv n\u00eb zgjedhjet e 11 majit, duke ofruar urimet e tij t\u00eb p\u00ebrzem\u00ebrta si dhe mb\u00ebshtetje konkrete n\u00eb form\u00ebn e ekspertiz\u00ebs elektorale. Ai theksoi r\u00ebnd\u00ebsin\u00eb e q\u00ebndrimit t\u00eb qart\u00eb pran\u00eb aleanc\u00ebs me administrat\u00ebn Trump dhe k\u00ebshilloi ruajtjen e nj\u00eb linje t\u00eb fort\u00eb konservatore. Me shpresen qe pas 11 Majit do bashk\u00ebpunojm\u00eb si dy qeveri t\u00eb djathta q\u00eb nuk ndajn\u00eb vet\u00ebm kufinjt\u00eb por shum\u00eb m\u00eb tep\u00ebr.<\/p>\n<p>Gjithashtu, z. Mickoski ndau p\u00ebrvoj\u00ebn e tij n\u00eb p\u00ebrballjen dhe mposhtjen e ndikimit t\u00eb organizatave t\u00eb financuara nga Open Society n\u00eb Maqedonin\u00eb e Veriut, duke theksuar se pas fitores zgjedhore t\u00eb partis\u00eb s\u00eb tij, projekte t\u00eb tilla si legalizimi dhe licencimi i kanabisit jan\u00eb bllokuar. Ai vuri n\u00eb dukje r\u00ebnd\u00ebsin\u00eb e q\u00ebndrueshm\u00ebris\u00eb ndaj vlerave konservatore p\u00ebr t\u00eb mbrojtur parimet komb\u00ebtare dhe familjare n\u00eb t\u00eb dy vendet.<\/p>\n<p>Takimi u zhvillua n\u00eb nj\u00eb frym\u00eb miq\u00ebsie, respekti t\u00eb nd\u00ebrsjell\u00eb dhe angazhimi p\u00ebr t\u00eb thelluar marr\u00ebdh\u00ebniet nd\u00ebrpartiake dhe rajonale.<\/p>\n<div class=\"fotogaleri\">\n<div class=\"bx-wrapper\">\n<div class=\"bx-viewport\">\n<ul class=\"read-slider\">\n<li><a href=\"https:\/\/www.syri.net\/fotogaleria\/783997\/mposhtja-e-organizatave-te-soros-dhe-integrimi-takim-bilateral-mes-berishes-dhe-kryeministrit-mickoski-ne-kongresin-e-ppe\/\" target=\"_blank\" rel=\"noopener\"><img decoding=\"async\" src=\"https:\/\/www.syri.net\/uploads\/syri.net\/images\/2025\/April\/29\/auto_41745942790.jpeg\" \/><i class=\"fa fa-search-plus syri_zoom\" aria-hidden=\"true\"><\/i><\/a><\/li>\n<\/ul>\n<\/div>\n<div class=\"bx-controls bx-has-pager bx-has-controls-direction\">\n<div class=\"bx-pager bx-default-pager\">4 \/ 10<\/div>\n<\/div>\n<\/div>\n<\/div>\n<div class=\"fotogaleri\">\n<div class=\"bx-wrapper\">\n<div class=\"bx-viewport\">\n<ul class=\"read-slider\">\n<li><a href=\"https:\/\/www.syri.net\/fotogaleria\/783997\/mposhtja-e-organizatave-te-soros-dhe-integrimi-takim-bilateral-mes-berishes-dhe-kryeministrit-mickoski-ne-kongresin-e-ppe\/\" target=\"_blank\" rel=\"noopener\"><img decoding=\"async\" src=\"https:\/\/www.syri.net\/uploads\/syri.net\/images\/2025\/April\/29\/auto_21745942789.jpeg\" \/><\/a><\/li>\n<\/ul>\n<\/div>\n<\/div>\n<\/div>\n","protected":false},"excerpt":{"rendered":"<p>Gjat\u00eb Kongresit t\u00eb PPE, u zhvillua nj\u00eb takim bilateral nd\u00ebrmjet Kryeministrit t\u00eb Maqedonis\u00eb s\u00eb Veriut, Hristijan Mickoski, kabinetit t\u00eb tij qeveritar dhe Kryetarit t\u00eb Partis\u00eb Demokratike, Sali Berisha, shoq\u00ebruar nga delegacioni. N\u00eb fokus t\u00eb diskutimeve ishte bashk\u00ebpunimi i ngusht\u00eb midis dy partive simotra, r\u00ebnd\u00ebsia e konsolidimit t\u00eb vlerave t\u00eb p\u00ebrbashk\u00ebta konservatore dhe sfidat q\u00eb paraqet &hellip;<\/p>\n","protected":false},"author":4,"featured_media":112171,"comment_status":"closed","ping_status":"closed","sticky":false,"template":"","format":"standard","meta":{"footnotes":""},"categories":[37],"tags":[],"class_list":["post-112170","post","type-post","status-publish","format-standard","has-post-thumbnail","","category-politike"],"_links":{"self":[{"href":"https:\/\/rdnews.al\/index.php\/wp-json\/wp\/v2\/posts\/112170","targetHints":{"allow":["GET"]}}],"collection":[{"href":"https:\/\/rdnews.al\/index.php\/wp-json\/wp\/v2\/posts"}],"about":[{"href":"https:\/\/rdnews.al\/index.php\/wp-json\/wp\/v2\/types\/post"}],"author":[{"embeddable":true,"href":"https:\/\/rdnews.al\/index.php\/wp-json\/wp\/v2\/users\/4"}],"replies":[{"embeddable":true,"href":"https:\/\/rdnews.al\/index.php\/wp-json\/wp\/v2\/comments?post=112170"}],"version-history":[{"count":2,"href":"https:\/\/rdnews.al\/index.php\/wp-json\/wp\/v2\/posts\/112170\/revisions"}],"predecessor-version":[{"id":112173,"href":"https:\/\/rdnews.al\/index.php\/wp-json\/wp\/v2\/posts\/112170\/revisions\/112173"}],"wp:featuredmedia":[{"embeddable":true,"href":"https:\/\/rdnews.al\/index.php\/wp-json\/wp\/v2\/media\/112171"}],"wp:attachment":[{"href":"https:\/\/rdnews.al\/index.php\/wp-json\/wp\/v2\/media?parent=112170"}],"wp:term":[{"taxonomy":"category","embeddable":true,"href":"https:\/\/rdnews.al\/index.php\/wp-json\/wp\/v2\/categories?post=112170"},{"taxonomy":"post_tag","embeddable":true,"href":"https:\/\/rdnews.al\/index.php\/wp-json\/wp\/v2\/tags?post=112170"}],"curies":[{"name":"wp","href":"https:\/\/api.w.org\/{rel}","templated":true}]}}