{"id":112174,"date":"2025-04-29T17:05:10","date_gmt":"2025-04-29T17:05:10","guid":{"rendered":"https:\/\/rdnews.al\/?p=112174"},"modified":"2025-04-29T17:05:10","modified_gmt":"2025-04-29T17:05:10","slug":"berisha-nga-valencia-koha-e-edi-rames-ka-perfunduar-zeri-i-opozites-tani-ushton-fuqishem-ne-kancelarite-e-be-dhe-uashington","status":"publish","type":"post","link":"https:\/\/rdnews.al\/index.php\/2025\/04\/29\/berisha-nga-valencia-koha-e-edi-rames-ka-perfunduar-zeri-i-opozites-tani-ushton-fuqishem-ne-kancelarite-e-be-dhe-uashington\/","title":{"rendered":"Berisha nga Valencia: Koha e Edi Ram\u00ebs ka p\u00ebrfunduar! Z\u00ebri i opozit\u00ebs tani ushton fuqish\u00ebm n\u00eb kancelarit\u00eb e BE dhe Uashington"},"content":{"rendered":"<p><em>Kryetari i Partis\u00eb Demokratike Sali Berisha gjat\u00eb nj\u00eb interviste t\u00eb dh\u00ebn\u00eb p\u00ebr SYRI TV, nga Valencia ku ndodhet n\u00eb Kongresin elektoral t\u00eb Partis\u00eb Popullore Europiane, \u00ebsht\u00eb shprehur se, koha e Edi Ram\u00ebs ka mbaruar.<\/em><\/p>\n<p><em>Kryedemokrati Berisha theksoi gjat\u00eb intervist\u00ebs s\u00eb tij, se tani m\u00eb, z\u00ebri i opozit\u00ebs shqiptare ushton fuqish\u00ebm n\u00eb kancelarit\u00eb m\u00eb t\u00eb r\u00ebnd\u00ebsishme t\u00eb Europ\u00ebs dhe n\u00eb SHBA.<\/em><\/p>\n<p><strong>Intervista e kryetarit t\u00eb PD, Sali Berisha p\u00ebr SYRI TV:<\/strong><\/p>\n<p><strong>SYRI TV: P\u00ebrve\u00e7 fjalimit q\u00eb mbajt\u00ebt n\u00eb Samitin e PPE, ku ka qen\u00eb fokusi edhe n\u00eb takimet informale dhe \u00e7far\u00eb arrin PD, me k\u00ebt\u00eb fjalim dit\u00ebn e sotme, nj\u00eb fjalim i fort\u00eb i mbajtur nga ana juaj.<\/strong><\/p>\n<p><strong>Sali Berisha:\u00a0<\/strong>Fjala n\u00eb nj\u00eb audienc\u00eb prej mbi 2000 dinjitar\u00ebsh, zyrtar\u00eb t\u00eb niveleve m\u00eb t\u00eb larta dhe udh\u00ebheq\u00ebsish t\u00eb partive politike t\u00eb qendr\u00ebs s\u00eb djatht\u00eb k\u00ebtu, ka nj\u00eb r\u00ebnd\u00ebsi, mendoj un\u00eb, shum\u00eb te ve\u00e7ant\u00eb p\u00ebr paraqitjen e situat\u00ebs n\u00eb narkoshtetin e par\u00eb dhe t\u00eb vet\u00ebm t\u00eb Europ\u00ebs, si\u00e7 \u00ebsht\u00eb Shqip\u00ebria.<\/p>\n<p>Argumentet q\u00eb un\u00eb paraqita, faktet u prit\u00ebn si\u00e7 e pat\u00eb ju, me ovacione dhe me interes t\u00eb ve\u00e7ant\u00eb. Me dhjet\u00ebra, dhjet\u00ebra miq t\u00eb njohur, por dhe personalitete t\u00eb panjohura m\u00eb p\u00ebrg\u00ebzuan p\u00ebr parashtrimin q\u00eb i b\u00ebra situat\u00ebs dhe natyrisht garancis\u00eb q\u00eb paraqita se, forca politike q\u00eb p\u00ebrmbysi diktatur\u00ebn m\u00eb staliniste t\u00eb Europ\u00eb, do t\u00eb p\u00ebrmbys\u00eb dhe narkodiktatur\u00ebn e par\u00eb dhe t\u00eb vetme n\u00eb Europ\u00eb, me ndihm\u00ebn e Partis\u00eb Popullore Europiane.<\/p>\n<p>K\u00ebtu takova kryeministra, kryetar\u00eb partish, miq t\u00eb vjet\u00ebr, t\u00eb njohur, natyrisht komentet p\u00ebr fjal\u00ebn time, ishin shum\u00eb mb\u00ebshtet\u00ebse dhe me shum\u00eb mbresl\u00ebnie, tek secili prej tyre q\u00eb kishte d\u00ebgjuar.<\/p>\n<p>Pata rastin t\u00eb takoj, kryeministrin Mitsotakis shkurtimisht dhe bisedova n\u00eb k\u00ebmb\u00eb me t\u00eb p\u00ebr situat\u00ebn, por dhe miq t\u00eb tjer\u00eb t\u00eb vjet\u00ebr, t\u00eb \u00e7muar. Me nj\u00eb fjal\u00eb, konsideroj se n\u00eb k\u00ebt\u00eb kuvend, m\u00eb i r\u00ebnd\u00ebsishmi q\u00eb mblidhet n\u00eb Europ\u00eb, b\u00ebm\u00eb avokatin e kauzave t\u00eb drejta t\u00eb opozit\u00ebs shqiptare. Q\u00ebllimi im ishte ky dhe kemi mb\u00ebshtetje shum\u00eb t\u00eb madhe.<\/p>\n<p><strong>SYRI TV: Kur thoni mb\u00ebshtetje zoti Berisha, e keni fjal\u00ebn edhe p\u00ebr mb\u00ebshtetje edhe procesin elektoral t\u00eb dat\u00ebs 11 maj?<\/strong><\/p>\n<p><strong>Sali Berisha:<\/strong>\u00a0Padiskutim, edhe p\u00ebr procesin elektoral dhe p\u00ebr zhvillimet e mbas procesit elektoral, mbasi opozita n\u00eb qeveri pas 11 majit, do t\u00eb jet\u00eb lokomotiv\u00eb kryesore e integrimit t\u00eb vendit p\u00ebr n\u00eb BE. Dhash\u00eb garanci t\u00eb plota se Partia Demokratike dhe forcat opozitare kan\u00eb q\u00ebllim kryesor t\u00eb z\u00ebvend\u00ebsojn\u00eb, narkoshtetin me shtetin e t\u00eb drejt\u00ebs, ekonomin\u00eb e drog\u00ebs me ekonomin\u00eb e lir\u00eb t\u00eb tregut dhe funksionale dhe t\u00eb plot\u00ebsojn\u00eb t\u00eb gjitha kushtet, kriteret sociale t\u00eb domosdoshm\u00eb q\u00eb Shqip\u00ebria t\u00eb progresoj\u00eb drejt BE-s\u00eb.<\/p>\n<p>Pra nj\u00eb roadmap t\u00eb shkurt\u00ebr t\u00eb opozit\u00ebs n\u00eb pushtet.<\/p>\n<p><strong>SYRI TV: Ju n\u00eb Shqip\u00ebri zhvilloni disa takime intensive duke par\u00eb dhe fushat\u00ebn elektorale. Me k\u00ebto takime dit\u00ebn e sotme, me k\u00ebt\u00eb fjalim mund t\u00eb quhet e kompletuar dhe sa i takon marr\u00ebdhenieve me jasht\u00eb t\u00eb Sali Berish\u00ebs, p\u00ebr k\u00ebt\u00eb fushat\u00eb para zgjedhjeve parlamentare.<\/strong><\/p>\n<p><strong>Sali Berisha:<\/strong>\u00a0Me k\u00ebt\u00eb takim mendoj se, u arrit nj\u00eb nivel i ri mb\u00ebshtetje dhe mb\u00ebshtetje e fuqishme, sensibizilimi p\u00ebr situat\u00ebn n\u00eb Shqip\u00ebri dhe p\u00ebr t\u00eb gjith\u00eb popullin opozitar. Me k\u00ebt\u00eb takim, gjithashtu ju b\u00eb autopsia publike e narkoshtetit t\u00eb Edi Ram\u00ebs. K\u00ebshtu q\u00eb e quaj nj\u00eb fat q\u00eb rastisi pik\u00ebrisht n\u00eb k\u00ebt\u00eb periudh\u00eb ky kongres m\u00eb i madhi q\u00eb zhvillohet n\u00eb Europ\u00eb dhe kam besim se ishte nj\u00eb kontribut real n\u00eb fitoren e opozit\u00ebs.<\/p>\n<p><strong>SYRI TV: PD tashm\u00eb i ka rregulluar rrug\u00ebt e komunikimit me Partit\u00eb Popullore Europiane dhe partit\u00eb q\u00eb aderojn\u00eb aty, sa i takon dhe informacioneve q\u00eb ju kan\u00eb shkuar gjat\u00eb k\u00ebtyre viteve, pasi dhe m\u00eb her\u00ebt keni denoncuar se, jasht\u00eb Shqip\u00ebris\u00eb, nd\u00ebrkomb\u00ebtar\u00ebt keqinformohen nga Edi Rama.<\/strong><\/p>\n<p><strong>Sali Berisha:<\/strong>\u00a0Ajo koh\u00eb ka p\u00ebrfunduar. Tani z\u00ebri i opozit\u00ebs ushton fuqish\u00ebm n\u00eb t\u00eb gjitha kancelarit\u00eb e m\u00ebdha t\u00eb Europ\u00ebs, por n\u00eb fakt dhe n\u00eb Shtetet e Bashkuara. T\u00eb themi t\u00eb v\u00ebrtet\u00ebn.<\/p>\n<p><strong>SYRI TV: N\u00eb \u00e7\u2019kuptim z. Berisha se ka nj\u00eb interes sa i takon SHBA-s\u00eb.<\/strong><\/p>\n<p><strong>Sali Berisha:<\/strong>\u00a0N\u00eb kuptimin e asaj se sot opozita interesat dhe kauzat e saj, kan\u00eb p\u00ebr avokat, avokatin m\u00eb t\u00eb fuqish\u00ebm aktual t\u00eb SHBA dhe kjo ka tmerruar Edi Ram\u00ebn dhe vasal\u00ebt, do t\u00eb thosha, megafon\u00ebt e tij, t\u00eb cil\u00ebt nuk din\u00eb \u00e7far\u00eb flasin p\u00ebr nj\u00eb kontrat\u00eb, q\u00eb synon jo vet\u00ebm mb\u00ebshtetjen e kauzave t\u00eb sotme, por dhe t\u00eb atyre t\u00eb qeverisjes s\u00eb PD dhe opozit\u00ebs.<\/p>\n<p>Un\u00eb e kuptoj q\u00eb kan\u00eb shum\u00eb t\u00eb drejt\u00eb q\u00eb jan\u00eb shqet\u00ebsuar. Shum\u00eb gj\u00ebra un\u00eb i kam th\u00ebn\u00eb edhe gjat\u00eb fushat\u00ebs, do t\u00eb shohin keq ata q\u00eb jan\u00eb p\u00ebrpjekur t\u00eb shkelmojn\u00eb vullnetin e shqiptar\u00ebve, vot\u00ebn e lir\u00eb t\u00eb tyre. Ata t\u00eb cil\u00ebt kan\u00eb p\u00ebrdorur pushtetin p\u00ebr pasurim, etj.<\/p>\n<p>Pra, opozita \u00ebsht\u00eb n\u00eb sulm t\u00eb plot\u00eb, total, frontal.<\/p>\n<p><strong>SYRI TV: Jeni rikthyer n\u00eb CDU, riktheheni n\u00eb drejtim t\u00eb opozit\u00ebs, ku rikthehet Sali Berisha n\u00eb stacionin tjet\u00ebr, pra cili \u00ebsht\u00eb rikthimi tjet\u00ebr. Riktheheni n\u00eb PPE s\u00ebrish.<\/strong><\/p>\n<p><strong>Sali Berisha:<\/strong>\u00a0Tani rikthimi n\u00eb PPE sh\u00ebnon rikthimin p\u00ebrfundimtar do t\u00eb thosha, n\u00eb kuptimin q\u00eb para dy dit\u00ebsh ju e pat\u00eb q\u00eb n\u00eb Shqip\u00ebri erdhi delegacioni i fuqish\u00ebm i qendr\u00ebn Nd\u00ebrkomb\u00ebtare Demokrate, me n\u00ebnkryetar\u00ebt e saj, me sekretarin ekzekutiv q\u00eb i shpreh\u00ebn solidaritetin e plot\u00eb PD-s\u00eb.<\/p>\n<p>Un\u00eb mendoj se, interesante. Ne themi aty nisi, aty mbaroi, tani duhet t\u00eb themi aty mbaroi, aty nisi. Pra, un\u00eb n\u00eb Spanj\u00eb kam marr\u00eb pjes\u00eb n\u00eb kongresin e fundit t\u00eb PPE-s\u00eb, dhe koha e solli tani t\u00eb rikthehem fuqish\u00ebm me nj\u00eb fillim tjet\u00ebr n\u00eb Partin\u00eb Popullore Europiane.<\/p>\n<p><strong>SYRI TV: Faleminderit!<\/strong><\/p>\n<p><strong>Sali Berisha:<\/strong>\u00a0Faleminderit!<\/p>\n","protected":false},"excerpt":{"rendered":"<p>Kryetari i Partis\u00eb Demokratike Sali Berisha gjat\u00eb nj\u00eb interviste t\u00eb dh\u00ebn\u00eb p\u00ebr SYRI TV, nga Valencia ku ndodhet n\u00eb Kongresin elektoral t\u00eb Partis\u00eb Popullore Europiane, \u00ebsht\u00eb shprehur se, koha e Edi Ram\u00ebs ka mbaruar. Kryedemokrati Berisha theksoi gjat\u00eb intervist\u00ebs s\u00eb tij, se tani m\u00eb, z\u00ebri i opozit\u00ebs shqiptare ushton fuqish\u00ebm n\u00eb kancelarit\u00eb m\u00eb t\u00eb r\u00ebnd\u00ebsishme &hellip;<\/p>\n","protected":false},"author":4,"featured_media":112175,"comment_status":"closed","ping_status":"closed","sticky":false,"template":"","format":"standard","meta":{"footnotes":""},"categories":[37],"tags":[],"class_list":["post-112174","post","type-post","status-publish","format-standard","has-post-thumbnail","","category-politike"],"_links":{"self":[{"href":"https:\/\/rdnews.al\/index.php\/wp-json\/wp\/v2\/posts\/112174","targetHints":{"allow":["GET"]}}],"collection":[{"href":"https:\/\/rdnews.al\/index.php\/wp-json\/wp\/v2\/posts"}],"about":[{"href":"https:\/\/rdnews.al\/index.php\/wp-json\/wp\/v2\/types\/post"}],"author":[{"embeddable":true,"href":"https:\/\/rdnews.al\/index.php\/wp-json\/wp\/v2\/users\/4"}],"replies":[{"embeddable":true,"href":"https:\/\/rdnews.al\/index.php\/wp-json\/wp\/v2\/comments?post=112174"}],"version-history":[{"count":1,"href":"https:\/\/rdnews.al\/index.php\/wp-json\/wp\/v2\/posts\/112174\/revisions"}],"predecessor-version":[{"id":112176,"href":"https:\/\/rdnews.al\/index.php\/wp-json\/wp\/v2\/posts\/112174\/revisions\/112176"}],"wp:featuredmedia":[{"embeddable":true,"href":"https:\/\/rdnews.al\/index.php\/wp-json\/wp\/v2\/media\/112175"}],"wp:attachment":[{"href":"https:\/\/rdnews.al\/index.php\/wp-json\/wp\/v2\/media?parent=112174"}],"wp:term":[{"taxonomy":"category","embeddable":true,"href":"https:\/\/rdnews.al\/index.php\/wp-json\/wp\/v2\/categories?post=112174"},{"taxonomy":"post_tag","embeddable":true,"href":"https:\/\/rdnews.al\/index.php\/wp-json\/wp\/v2\/tags?post=112174"}],"curies":[{"name":"wp","href":"https:\/\/api.w.org\/{rel}","templated":true}]}}