{"id":112186,"date":"2025-04-29T17:50:47","date_gmt":"2025-04-29T17:50:47","guid":{"rendered":"https:\/\/rdnews.al\/?p=112186"},"modified":"2025-04-29T17:50:47","modified_gmt":"2025-04-29T17:50:47","slug":"fshehu-denimin-me-burg-pd-kallezon-ne-prokurori-kandidatin-e-ps-ne-shkoder","status":"publish","type":"post","link":"https:\/\/rdnews.al\/index.php\/2025\/04\/29\/fshehu-denimin-me-burg-pd-kallezon-ne-prokurori-kandidatin-e-ps-ne-shkoder\/","title":{"rendered":"Fshehu d\u00ebnimin me burg\/ PD kall\u00ebzon n\u00eb Prokurori kandidatin e PS n\u00eb Shkod\u00ebr"},"content":{"rendered":"<p>Partia Demokratike ka kall\u00ebzuar n\u00eb Prokurorin\u00eb e Tiran\u00ebs, kandidatin e PS p\u00ebr deputet n\u00eb Shkod\u00ebr, zona e Fush\u00eb Arr\u00ebzit, Ervin Doda.<\/p>\n<p>N\u00eb kall\u00ebzimin penal i cili mban firm\u00ebn e Sekretarit t\u00eb P\u00ebrgjithsh\u00ebm t\u00eb PD, Flamur Noka, kandidati i PS akuzohet se ka fshehur t\u00eb dh\u00ebna n\u00eb formularin e dekriminalizimit p\u00ebr t\u00eb shkuar\u00ebn e tij, m\u00eb konkretisht 5 muaj burg p\u00ebr veprat penale t\u00eb dyshuara kanosje dhe arm\u00ebmbajtje pa leje.<\/p>\n<p>Sipas kall\u00ebzimit, Ervin Doda \u00ebsht\u00eb arrestuar n\u00eb vitin 2016 dhe ka b\u00ebr\u00eb 5 muaj burg si dyshuar p\u00ebr veprat penale kanosje dhe arm\u00ebmbajtje pa leje. (N\u00eb p\u00ebrfundim Doda \u00ebsht\u00eb shpallur i pafajsh\u00ebm).<\/p>\n<p>Doda ka plot\u00ebsuar formularin e dekriminalizimit n\u00eb vitin 2023 n\u00eb cil\u00ebsin\u00eb e an\u00ebtarit t\u00eb K\u00ebshillit Bashkiak t\u00eb Fush\u00eb Arr\u00ebzit, p\u00ebrfaq\u00ebsues i PS.<\/p>\n<p>Gjithashtu, Ervin Doda ka plot\u00ebsuar formularin e dekriminalizimit n\u00eb vitin 2025 si kandidat p\u00ebr deputet n\u00eb zgjedhjet e 11 majit.<\/p>\n<p>N\u00eb kall\u00ebzimin e PD thuhet se Ervin Doda, n\u00eb t\u00eb dy formular\u00ebt, duke iu p\u00ebrgjigjur pyetjes nr. 4, ka deklaruar se nuk ka qen\u00eb ndonj\u00ebher\u00eb i arrestuar p\u00ebr kryerjen e nj\u00eb vepre penale, nd\u00ebrkoh\u00eb q\u00eb rezulton se ka b\u00ebr\u00eb 5 muaj burg.<\/p>\n<p>N\u00eb k\u00ebto kushte, n\u00eb materialin kall\u00ebzu3s thuhet se kandidati p\u00ebr deputet Ervin Doda ka konsumuar elementet e vepr\u00ebs penale t\u00eb falsifikimit t\u00eb vulave, stampave ose formular\u00ebve, parashikuar n\u00eb nenin 190, paragrafi i dyt\u00eb i Kodit Penal.<\/p>\n","protected":false},"excerpt":{"rendered":"<p>Partia Demokratike ka kall\u00ebzuar n\u00eb Prokurorin\u00eb e Tiran\u00ebs, kandidatin e PS p\u00ebr deputet n\u00eb Shkod\u00ebr, zona e Fush\u00eb Arr\u00ebzit, Ervin Doda. N\u00eb kall\u00ebzimin penal i cili mban firm\u00ebn e Sekretarit t\u00eb P\u00ebrgjithsh\u00ebm t\u00eb PD, Flamur Noka, kandidati i PS akuzohet se ka fshehur t\u00eb dh\u00ebna n\u00eb formularin e dekriminalizimit p\u00ebr t\u00eb shkuar\u00ebn e tij, m\u00eb &hellip;<\/p>\n","protected":false},"author":4,"featured_media":112025,"comment_status":"closed","ping_status":"closed","sticky":false,"template":"","format":"standard","meta":{"footnotes":""},"categories":[37],"tags":[],"class_list":["post-112186","post","type-post","status-publish","format-standard","has-post-thumbnail","","category-politike"],"_links":{"self":[{"href":"https:\/\/rdnews.al\/index.php\/wp-json\/wp\/v2\/posts\/112186","targetHints":{"allow":["GET"]}}],"collection":[{"href":"https:\/\/rdnews.al\/index.php\/wp-json\/wp\/v2\/posts"}],"about":[{"href":"https:\/\/rdnews.al\/index.php\/wp-json\/wp\/v2\/types\/post"}],"author":[{"embeddable":true,"href":"https:\/\/rdnews.al\/index.php\/wp-json\/wp\/v2\/users\/4"}],"replies":[{"embeddable":true,"href":"https:\/\/rdnews.al\/index.php\/wp-json\/wp\/v2\/comments?post=112186"}],"version-history":[{"count":1,"href":"https:\/\/rdnews.al\/index.php\/wp-json\/wp\/v2\/posts\/112186\/revisions"}],"predecessor-version":[{"id":112187,"href":"https:\/\/rdnews.al\/index.php\/wp-json\/wp\/v2\/posts\/112186\/revisions\/112187"}],"wp:featuredmedia":[{"embeddable":true,"href":"https:\/\/rdnews.al\/index.php\/wp-json\/wp\/v2\/media\/112025"}],"wp:attachment":[{"href":"https:\/\/rdnews.al\/index.php\/wp-json\/wp\/v2\/media?parent=112186"}],"wp:term":[{"taxonomy":"category","embeddable":true,"href":"https:\/\/rdnews.al\/index.php\/wp-json\/wp\/v2\/categories?post=112186"},{"taxonomy":"post_tag","embeddable":true,"href":"https:\/\/rdnews.al\/index.php\/wp-json\/wp\/v2\/tags?post=112186"}],"curies":[{"name":"wp","href":"https:\/\/api.w.org\/{rel}","templated":true}]}}