{"id":112188,"date":"2025-04-29T18:02:09","date_gmt":"2025-04-29T18:02:09","guid":{"rendered":"https:\/\/rdnews.al\/?p=112188"},"modified":"2025-04-29T18:02:09","modified_gmt":"2025-04-29T18:02:09","slug":"erisa-bajaziti-kandidatja-qe-duhet-kthyer-ne-model","status":"publish","type":"post","link":"https:\/\/rdnews.al\/index.php\/2025\/04\/29\/erisa-bajaziti-kandidatja-qe-duhet-kthyer-ne-model\/","title":{"rendered":"Erisa Bajaziti, kandidatja q\u00eb duhet kthyer n\u00eb model\u2026"},"content":{"rendered":"<p><strong>Nga Nikoleta KOVA\u00c7I<\/strong><\/p>\n<p>Mos thoni q\u00eb s`dim\u00eb k\u00eb t\u00eb zgjedhim&#8230;<\/p>\n<p>Ja ku e keni! Asht k\u00ebtu! Quhet <a href=\"https:\/\/www.facebook.com\/erisabajaziti?__cft__%5b0%5d=AZX70h9jFOI8R_6lKEE5Ru6rfDD91U0vkQ0k62YzB0ChUa6_3xsTzZHa4te6mr5TXeMzU96tmHE8lmX-VKJWClr1N69g4Op2nHfOa5fofz2CDQARzU3ruFiivHtvIlmAhO1Z9m_vp06Z90c3GjSc8ZDifjkNlAmTspD9ukEfveroKHbx-QzWeLYaWX90RA6rxsA&amp;__tn__=-%5dK-R\" target=\"_blank\" rel=\"noopener\">Erisa Bajaziti<\/a>! E qet\u00eb, e qeshur, e ditun, kurajoze, vitale, e dashtun, fjal\u00ebsakt\u00eb e fjal\u00ebduhun!<\/p>\n<p>E qet\u00eb, sepse Erisa njeh veten, di udh\u00ebn q\u00eb e \u00e7on kah e v\u00ebrteta, di arsyen pse gjendet n\u00eb Shqipnin\u00eb e saj, n\u00eb dhimbjen e saj, n\u00eb g\u00ebzimin q\u00eb don me ia dhan\u00eb \u00e7do qenieje q\u00eb e takon.<\/p>\n<p>E qeshur, sepse Erisa do thelbin e shkakut q\u00eb t\u00eb \u00e7on tek e qeshura, ajo e shpirtit e jo e dukjes, sepse do kuptimin ma fort se gjith\u00e7ka tjet\u00ebr q\u00eb nuk asht kuptim.<\/p>\n<p>E ditun, sepse Erisa e ka pas\u00eb lajtmotiv, e ka pas\u00eb udh\u00ebrr\u00ebfyes kah e v\u00ebrteta, kah ai shteg q\u00eb e ka lavrue n\u00eb dhena t\u00eb huaja, por me syt\u00eb e mendjes e zemr\u00ebs kah Shqipnia, se e ka dit\u00eb q\u00eb nji dit\u00eb dheu am\u00eb asht pragu q\u00eb e pret (si\u00e7 pret me qindra e mij\u00ebra shqiptar\u00eb, q\u00eb p\u00ebr politik\u00ebn jan\u00eb diaspor\u00eb, emigrant\u00eb, refugjat\u00eb po p\u00ebr ne jan\u00eb; bab\u00eb, nan\u00eb, v\u00eblla, mot\u00ebr, djal\u00eb, vajz\u00eb, zem\u00ebr, shpirt e gjak bashk\u00eb)<\/p>\n<p>Kurajoze, sepse Erisa rikthehet me idealet e nisjes s\u00eb jet\u00ebs, rikthehet me shpresat dit\u00ebs kur nisi t\u00eb kujdesej p\u00ebr marrjen e dijes n\u00eb zemr\u00ebn e qytetnimit, atij qytetnimi n\u00eb em\u00ebn t\u00eb t\u00eb cilit na hak\u00ebrrehen pasaporta e premtime, na k\u00ebrkohen symbyllje e veshmyllje.<\/p>\n<p>Vitale, sepse Erisa e di se Shqipnia ka nevoj\u00eb p\u00ebr njer\u00ebz t\u00eb till\u00eb, se Shqipnia asht vendi ku jeta merr kuptimin ma hyjnor se n\u00eb \u00e7do tok\u00eb tjet\u00ebr, ani pse mundet me kan\u00eb parajs\u00eb, tue u krahasue me ne.<\/p>\n<p>E dashtun, sepse Erisa e ka forc\u00eb t\u00eb mrendshme me e dasht\u00eb tjetrin, me e dasht\u00eb t\u00eb v\u00ebrtet\u00ebn, me e dasht\u00eb vendin, se pa dit\u00eb me dasht\u00eb thjesht\u00eb e pa hile asht e v\u00ebshtir\u00eb fort q\u00eb nj\u00eb qenie me u quajt Njeri!<\/p>\n<p>Fjal\u00ebsakt\u00eb, sepse Erisa e di pesh\u00ebn e Fjal\u00ebs, e di pesh\u00ebn e germ\u00ebs, e di edhe pesh\u00ebn e presjes dhe pik\u00ebs, se gjith\u00e7ka nis kah fjala, kah dalin tingujt e saj.<\/p>\n<p>Fjal\u00ebduhun, se Erisa e di se politika do fjal\u00ebn q\u00eb duhet than\u00eb e jo ato t\u00eb msuemet p\u00ebrmend\u00ebsh nga fjalori q\u00eb rropatet zyrash t\u00eb zaptuesve t\u00eb drit\u00ebs s\u00eb k\u00ebtij vendi!<\/p>\n<p>H\u00eb, e di, mbase shum\u00ebkush, sidomos zem\u00ebrthyemit p\u00ebr pak oponenc\u00eb, her\u00eb patronazhimi e her\u00eb inati, do ta shoh\u00eb si gjuh\u00eb poetike k\u00ebt\u00eb p\u00ebrshkrim, se ky nuk asht fjalori q\u00eb mundet me p\u00ebrcjell\u00eb imazhin e nj\u00eb politikani t\u00eb ri, t\u00eb nj\u00eb kandidati q\u00eb synon apo premton! Po, mor, po, kandidati s\u00eb pari duhet me kan\u00eb Njeri! Duhet me kan\u00eb baromet\u00ebr p\u00ebr gjendjen e secilit, e jo ve\u00e7 me i dhan\u00eb dor\u00ebn, me e p\u00ebrsh\u00ebndet, me e k\u00ebqyr\u00eb njeriun si stilolaps q\u00eb i duhet me vu nji shenj\u00eb te emni jot.<\/p>\n<p>Mbase do t`iu zhg\u00ebnjej\u00eb n\u00ebse iu them se Erisa nuk din me sha, nuk din me vjell\u00eb helm, nuk din me mallkue, sepse fjalori i Eris\u00ebs asht aq i pasun sa s`ka vend p\u00ebr gjuh\u00eb rrugeq\u00ebrish, hajvan\u00ebsh, matrapaz\u00ebsh e mashtruesish. Erisa, asht model tjet\u00ebr; asht modeli q\u00eb t\u00eb ban me u ndal, me e dgjue e me iu gzue q\u00eb don me kan\u00eb me mue n\u00eb k\u00ebt\u00eb vend, ku vetja t\u00eb duket se ki me mbet e fundit&#8230;<\/p>\n<p>Erisa asht nga ato rastet, q\u00eb t\u00eb l\u00ebkund edhe me kan\u00eb atje ku s`duhet&#8230;, kur mendon se Shqipnia ka kaq nevoj\u00eb p\u00ebr njer\u00ebz q\u00eb marrin p\u00ebrsip\u00ebr t\u00eb thon\u00eb: Ky asht vendim jem, kjo asht toka jeme, e un\u00eb due t\u00eb kthehem k\u00ebtu!<\/p>\n<p>Erisa asht k\u00ebtu! Takojeni, flisni me t\u00eb, sepse ajo din t\u00eb d\u00ebgjoj\u00eb si pak kush! Erisa asht kandidatja q\u00eb duhet kthye n\u00eb model, n\u00eb shum\u00ebs, n\u00eb frym\u00eb! M\u00eb premtoi q\u00eb nuk zmbrapset, q\u00eb s`dor\u00ebzohet, se do t\u00eb jet\u00eb k\u00ebtu me ne e n\u00eb Shqipnin\u00eb ton\u00eb, q\u00eb hajna t\u00eb mrendsh\u00ebm e t\u00eb jasht\u00ebm t\u00eb mos na e bajn\u00eb dheun ton\u00eb t\u00eb pajetuesh\u00ebm!<\/p>\n","protected":false},"excerpt":{"rendered":"<p>Nga Nikoleta KOVA\u00c7I Mos thoni q\u00eb s`dim\u00eb k\u00eb t\u00eb zgjedhim&#8230; Ja ku e keni! Asht k\u00ebtu! Quhet Erisa Bajaziti! E qet\u00eb, e qeshur, e ditun, kurajoze, vitale, e dashtun, fjal\u00ebsakt\u00eb e fjal\u00ebduhun! E qet\u00eb, sepse Erisa njeh veten, di udh\u00ebn q\u00eb e \u00e7on kah e v\u00ebrteta, di arsyen pse gjendet n\u00eb Shqipnin\u00eb e saj, n\u00eb &hellip;<\/p>\n","protected":false},"author":4,"featured_media":110830,"comment_status":"closed","ping_status":"closed","sticky":false,"template":"","format":"standard","meta":{"footnotes":""},"categories":[37],"tags":[],"class_list":["post-112188","post","type-post","status-publish","format-standard","has-post-thumbnail","","category-politike"],"_links":{"self":[{"href":"https:\/\/rdnews.al\/index.php\/wp-json\/wp\/v2\/posts\/112188","targetHints":{"allow":["GET"]}}],"collection":[{"href":"https:\/\/rdnews.al\/index.php\/wp-json\/wp\/v2\/posts"}],"about":[{"href":"https:\/\/rdnews.al\/index.php\/wp-json\/wp\/v2\/types\/post"}],"author":[{"embeddable":true,"href":"https:\/\/rdnews.al\/index.php\/wp-json\/wp\/v2\/users\/4"}],"replies":[{"embeddable":true,"href":"https:\/\/rdnews.al\/index.php\/wp-json\/wp\/v2\/comments?post=112188"}],"version-history":[{"count":1,"href":"https:\/\/rdnews.al\/index.php\/wp-json\/wp\/v2\/posts\/112188\/revisions"}],"predecessor-version":[{"id":112189,"href":"https:\/\/rdnews.al\/index.php\/wp-json\/wp\/v2\/posts\/112188\/revisions\/112189"}],"wp:featuredmedia":[{"embeddable":true,"href":"https:\/\/rdnews.al\/index.php\/wp-json\/wp\/v2\/media\/110830"}],"wp:attachment":[{"href":"https:\/\/rdnews.al\/index.php\/wp-json\/wp\/v2\/media?parent=112188"}],"wp:term":[{"taxonomy":"category","embeddable":true,"href":"https:\/\/rdnews.al\/index.php\/wp-json\/wp\/v2\/categories?post=112188"},{"taxonomy":"post_tag","embeddable":true,"href":"https:\/\/rdnews.al\/index.php\/wp-json\/wp\/v2\/tags?post=112188"}],"curies":[{"name":"wp","href":"https:\/\/api.w.org\/{rel}","templated":true}]}}