{"id":112196,"date":"2025-04-29T19:58:14","date_gmt":"2025-04-29T19:58:14","guid":{"rendered":"https:\/\/rdnews.al\/?p=112196"},"modified":"2025-04-29T20:02:39","modified_gmt":"2025-04-29T20:02:39","slug":"bandat-jane-aktivizuar-po-kercenojne-qytetaret-ne-shkoder-spahia-denoncon-krimin-zgjedhor","status":"publish","type":"post","link":"https:\/\/rdnews.al\/index.php\/2025\/04\/29\/bandat-jane-aktivizuar-po-kercenojne-qytetaret-ne-shkoder-spahia-denoncon-krimin-zgjedhor\/","title":{"rendered":"Bandat n\u00eb Shkod\u00ebr jan\u00eb aktivizuar dhe po k\u00ebrc\u00ebnojn\u00eb qytetar\u00ebt! Spahia denoncon krimin zgjedhor"},"content":{"rendered":"<p>Kandidati i PD-s\u00eb, Bardh Spahia, deklaron se bandat kan\u00eb nisur q\u00eb t\u00eb k\u00ebrc\u00ebnojn\u00eb qytetar\u00ebt n\u00eb Shkod\u00ebr me an\u00eb t\u00eb telefonatave dhe takimeve n\u00ebp\u00ebrmjet p\u00ebrfaq\u00ebsuesve t\u00eb tyre n\u00eb terren.<\/p>\n<p>Sipas tij, po k\u00ebrc\u00ebnohen gjithashtu edhe njer\u00ebzit e PD-s\u00eb n\u00eb k\u00ebt\u00eb qytet, komisioner\u00ebt apo dhe zyrtar\u00eb t\u00eb tjer\u00eb.<\/p>\n<p>Spahia deklaron se strukturat e shtetit dhe SPAK-u nuk po veprojn\u00eb p\u00ebr ta frenuar k\u00ebt\u00eb fenomen tejet shkat\u00ebrruar p\u00ebr procesin zgjedhor.<\/p>\n<p>\u201cShum\u00eb shpejt, kemi bindjen absolute se shqiptar\u00ebt do t\u00eb zgjedhin p\u00ebr ndryshime t\u00eb m\u00ebdha n\u00eb k\u00ebt\u00eb vend.<\/p>\n<p>Fatkeq\u00ebsia e madhe \u00ebsht\u00eb simbioza, lidhja e ngusht\u00eb q\u00eb \u00ebsht\u00eb krijuar mes shtetit q\u00eb shfry\u00ebzon krimin e organizuar dhe e p\u00ebrdor dhe n\u00eb fushata elektorale.<\/p>\n<p>Zgjedhjet e dy viteve t\u00eb kaluara, ishin sh\u00ebmb\u00eblltyra e nj\u00eb bat\u00ebrdie elektorale, q\u00eb ve\u00e7 votime nuk mund t\u00eb quheshin. Kishim prezent\u00eb t\u00eb krimit t\u00eb organizuar t\u00eb pakt\u00ebn 4 muaj p\u00ebrpara dat\u00ebs s\u00eb zgjedhjeve, ku th\u00ebrrsnin me list\u00eb, persona me influenc\u00eb t\u00eb zonave t\u00eb ndryshme, i k\u00ebrc\u00ebnonin ose i blenin me para, n\u00eb m\u00ebnyr\u00eb q\u00eb t\u00eb tjet\u00ebrsonin vullnetin e qytetar\u00ebve.<\/p>\n<p>Pastaj dit\u00ebn e zgjedhjeve, parakalimi i bandave nga qendra n\u00eb qend\u00ebr votimi.<\/p>\n<p>Fatkeq\u00ebsia e madhe \u00ebsht\u00eb se ka filluar edhe sot, intimidimi, k\u00ebrc\u00ebnimi i r\u00ebnd\u00eb i strukturave kriminale, krimit t\u00eb organizuar, bandave ndaj njer\u00ebzve t\u00eb PD, komisioner\u00ebve etj.<\/p>\n<p>E realizojn\u00eb n\u00ebp\u00ebrmjet telefonave, p\u00ebrfaq\u00ebsuesve t\u00eb tyre n\u00eb terren dhe gj\u00ebja e trisht\u00eb \u00ebsht\u00eb se strukturat e shtetit edhe ai SPAK-u i famsh\u00ebm nuk po vepron p\u00ebr ta frenuar k\u00ebt\u00eb fenomen tejet shkat\u00ebrruar p\u00ebr procesin zgjedhor.<\/p>\n<p>Ne do b\u00ebjm\u00eb gjith\u00e7ka p\u00ebr ta frenuar si fenomen, por edhe p\u00ebr ta dokumentuar. Edhe krijimi i asaj Task Force, \u00ebsht\u00eb prej denoncimeve dhe fakteve t\u00eb ofruara nga PD\u201d-\u00a0tha Spahia n\u00eb SYRI TV.<\/p>\n","protected":false},"excerpt":{"rendered":"<p>Kandidati i PD-s\u00eb, Bardh Spahia, deklaron se bandat kan\u00eb nisur q\u00eb t\u00eb k\u00ebrc\u00ebnojn\u00eb qytetar\u00ebt n\u00eb Shkod\u00ebr me an\u00eb t\u00eb telefonatave dhe takimeve n\u00ebp\u00ebrmjet p\u00ebrfaq\u00ebsuesve t\u00eb tyre n\u00eb terren. Sipas tij, po k\u00ebrc\u00ebnohen gjithashtu edhe njer\u00ebzit e PD-s\u00eb n\u00eb k\u00ebt\u00eb qytet, komisioner\u00ebt apo dhe zyrtar\u00eb t\u00eb tjer\u00eb. Spahia deklaron se strukturat e shtetit dhe SPAK-u nuk &hellip;<\/p>\n","protected":false},"author":4,"featured_media":112198,"comment_status":"closed","ping_status":"closed","sticky":false,"template":"","format":"standard","meta":{"footnotes":""},"categories":[37],"tags":[],"class_list":["post-112196","post","type-post","status-publish","format-standard","has-post-thumbnail","","category-politike"],"_links":{"self":[{"href":"https:\/\/rdnews.al\/index.php\/wp-json\/wp\/v2\/posts\/112196","targetHints":{"allow":["GET"]}}],"collection":[{"href":"https:\/\/rdnews.al\/index.php\/wp-json\/wp\/v2\/posts"}],"about":[{"href":"https:\/\/rdnews.al\/index.php\/wp-json\/wp\/v2\/types\/post"}],"author":[{"embeddable":true,"href":"https:\/\/rdnews.al\/index.php\/wp-json\/wp\/v2\/users\/4"}],"replies":[{"embeddable":true,"href":"https:\/\/rdnews.al\/index.php\/wp-json\/wp\/v2\/comments?post=112196"}],"version-history":[{"count":3,"href":"https:\/\/rdnews.al\/index.php\/wp-json\/wp\/v2\/posts\/112196\/revisions"}],"predecessor-version":[{"id":112200,"href":"https:\/\/rdnews.al\/index.php\/wp-json\/wp\/v2\/posts\/112196\/revisions\/112200"}],"wp:featuredmedia":[{"embeddable":true,"href":"https:\/\/rdnews.al\/index.php\/wp-json\/wp\/v2\/media\/112198"}],"wp:attachment":[{"href":"https:\/\/rdnews.al\/index.php\/wp-json\/wp\/v2\/media?parent=112196"}],"wp:term":[{"taxonomy":"category","embeddable":true,"href":"https:\/\/rdnews.al\/index.php\/wp-json\/wp\/v2\/categories?post=112196"},{"taxonomy":"post_tag","embeddable":true,"href":"https:\/\/rdnews.al\/index.php\/wp-json\/wp\/v2\/tags?post=112196"}],"curies":[{"name":"wp","href":"https:\/\/api.w.org\/{rel}","templated":true}]}}