{"id":112201,"date":"2025-04-30T08:04:15","date_gmt":"2025-04-30T08:04:15","guid":{"rendered":"https:\/\/rdnews.al\/?p=112201"},"modified":"2025-04-30T08:04:15","modified_gmt":"2025-04-30T08:04:15","slug":"vokshi-ppe-tjeter-rezolute-kembane-alarmi-per-zgjedhjet-ne-shqiperi","status":"publish","type":"post","link":"https:\/\/rdnews.al\/index.php\/2025\/04\/30\/vokshi-ppe-tjeter-rezolute-kembane-alarmi-per-zgjedhjet-ne-shqiperi\/","title":{"rendered":"Vokshi: PPE tjet\u00ebr rezolut\u00eb, k\u00ebmban\u00eb alarmi p\u00ebr zgjedhjet n\u00eb Shqip\u00ebri!"},"content":{"rendered":"<p>N\u00eb Valencia t\u00eb Spanj\u00ebs po mbahet kongresi i Partive popullore Evropiane.<\/p>\n<p>Deputetja e Partis\u00eb Demokratike, Albana Vokshi, e pranishme n\u00eb Kongresin Zgjedhor t\u00eb Partis\u00eb Popullore Evropiane, ka b\u00ebr\u00eb t\u00eb ditur dje n\u00eb nj\u00eb intervist\u00eb n\u00eb Syri tv se, sot n\u00eb seanc\u00ebn plenare do t\u00eb diskutohet edhe nj\u00eb tjet\u00ebr rezolut\u00eb p\u00ebr Shqip\u00ebrin\u00eb.<\/p>\n<p>Gjat\u00eb intervist\u00ebs n\u00eb Edicionin \u201cOra 19\u201d Vokshi tha p\u00ebr moderatoren Armela Ferko se, rezoluta \u00ebsht\u00eb nj\u00eb k\u00ebmban\u00eb alarmi p\u00ebr zgjedhjet n\u00eb Shqip\u00ebri dhe nj\u00eb ftes\u00eb p\u00ebr institucionet q\u00eb t\u00eb vijn\u00eb e t\u00eb sigurojn\u00eb zgjedhje t\u00eb lira n\u00eb Shqip\u00ebri.<\/p>\n<p><em>&#8220;Jemi duke diskutuar tashm\u00eb dhe do kaloj\u00eb n\u00eb seanc\u00eb, nj\u00eb rezolut\u00eb tjet\u00ebr p\u00ebr Shqip\u00ebrin\u00eb dhe situat\u00ebn n\u00eb t\u00eb cil\u00ebn ndodhet, dhe mb\u00ebshtetja e presidentit t\u00eb PPE-s\u00eb, ka qen\u00eb shum\u00eb e madhe\u201d,\u00a0<\/em>deklaroi Vokshi.<\/p>\n","protected":false},"excerpt":{"rendered":"<p>N\u00eb Valencia t\u00eb Spanj\u00ebs po mbahet kongresi i Partive popullore Evropiane. Deputetja e Partis\u00eb Demokratike, Albana Vokshi, e pranishme n\u00eb Kongresin Zgjedhor t\u00eb Partis\u00eb Popullore Evropiane, ka b\u00ebr\u00eb t\u00eb ditur dje n\u00eb nj\u00eb intervist\u00eb n\u00eb Syri tv se, sot n\u00eb seanc\u00ebn plenare do t\u00eb diskutohet edhe nj\u00eb tjet\u00ebr rezolut\u00eb p\u00ebr Shqip\u00ebrin\u00eb. Gjat\u00eb intervist\u00ebs n\u00eb Edicionin &hellip;<\/p>\n","protected":false},"author":4,"featured_media":112202,"comment_status":"closed","ping_status":"closed","sticky":false,"template":"","format":"standard","meta":{"footnotes":""},"categories":[37],"tags":[],"class_list":["post-112201","post","type-post","status-publish","format-standard","has-post-thumbnail","","category-politike"],"_links":{"self":[{"href":"https:\/\/rdnews.al\/index.php\/wp-json\/wp\/v2\/posts\/112201","targetHints":{"allow":["GET"]}}],"collection":[{"href":"https:\/\/rdnews.al\/index.php\/wp-json\/wp\/v2\/posts"}],"about":[{"href":"https:\/\/rdnews.al\/index.php\/wp-json\/wp\/v2\/types\/post"}],"author":[{"embeddable":true,"href":"https:\/\/rdnews.al\/index.php\/wp-json\/wp\/v2\/users\/4"}],"replies":[{"embeddable":true,"href":"https:\/\/rdnews.al\/index.php\/wp-json\/wp\/v2\/comments?post=112201"}],"version-history":[{"count":1,"href":"https:\/\/rdnews.al\/index.php\/wp-json\/wp\/v2\/posts\/112201\/revisions"}],"predecessor-version":[{"id":112203,"href":"https:\/\/rdnews.al\/index.php\/wp-json\/wp\/v2\/posts\/112201\/revisions\/112203"}],"wp:featuredmedia":[{"embeddable":true,"href":"https:\/\/rdnews.al\/index.php\/wp-json\/wp\/v2\/media\/112202"}],"wp:attachment":[{"href":"https:\/\/rdnews.al\/index.php\/wp-json\/wp\/v2\/media?parent=112201"}],"wp:term":[{"taxonomy":"category","embeddable":true,"href":"https:\/\/rdnews.al\/index.php\/wp-json\/wp\/v2\/categories?post=112201"},{"taxonomy":"post_tag","embeddable":true,"href":"https:\/\/rdnews.al\/index.php\/wp-json\/wp\/v2\/tags?post=112201"}],"curies":[{"name":"wp","href":"https:\/\/api.w.org\/{rel}","templated":true}]}}