{"id":112215,"date":"2025-04-30T08:49:18","date_gmt":"2025-04-30T08:49:18","guid":{"rendered":"https:\/\/rdnews.al\/?p=112215"},"modified":"2025-04-30T08:49:18","modified_gmt":"2025-04-30T08:49:18","slug":"fushata-dhe-funerali-i-tv","status":"publish","type":"post","link":"https:\/\/rdnews.al\/index.php\/2025\/04\/30\/fushata-dhe-funerali-i-tv\/","title":{"rendered":"Fushata dhe funerali i TV"},"content":{"rendered":"<p><strong>Nga\u00a0Lutfi DERVISHI<\/strong><\/p>\n<p>Zgjedhjet e 11 Majit nuk jan\u00eb vet\u00ebm prova e zjarrit p\u00ebr 11 partit\u00eb\/ koalicionet, por po paralajm\u00ebrojn\u00eb edhe fundin tragjik t\u00eb televizionit si pushtet i kat\u00ebrt.<\/p>\n<p>Dhjet\u00eb dit\u00eb para heshtjes zgjedhore dhe nj\u00ebmb\u00ebdhjet\u00eb dit\u00eb para dit\u00ebs s\u00eb votimit, Kryeministri Rama nuk \u00ebsht\u00eb shfaqur n\u00eb asnj\u00eb studio televizive. Zero. Debat jo e jo, por as intervist\u00eb\/bised\u00eb. Nuk ka pse. Nuk ka nevoj\u00eb.<\/p>\n<p>Nuk \u00ebsht\u00eb thjesht Rama q\u00eb ka zgjedhur ta braktis\u00eb median tradicionale, \u00ebsht\u00eb vet\u00eb televizioni q\u00eb ka hequr dor\u00eb nga misioni i tij.<\/p>\n<p>Fushata nuk raportohet m\u00eb nga gazetar\u00ebt, por nga partit\u00eb. Rama komunikon me publikun direkt dy her\u00eb n\u00eb jav\u00eb n\u00eb Facebook dhe Instagram, p\u00ebrmes rubrik\u00ebs \u201cSy m\u00eb sy\u201d. Fundjavave, me \u201cFlasim\u201d, podcastin e tij personal. Po televizionet? Ritransmetojn\u00eb. B\u00ebn copy-paste. B\u00ebjn\u00eb sikur b\u00ebjn\u00eb lajme dhe sot ngren\u00eb duart lart si nj\u00eb notar pa uj\u00eb.<\/p>\n<p>A jan\u00eb k\u00ebto zgjedhjet e para ku televizioni \u00ebsht\u00eb n\u00eb koma?<\/p>\n<p>E kemi par\u00eb gjat\u00eb k\u00ebtyre jav\u00ebve: fushat\u00eb, pa gazetar\u00eb n\u00eb terren, pa studio me protagonist\u00eb e debate reale.<\/p>\n<p>Televizionet po kthehen n\u00eb limon\u00eb t\u00eb shtrydhur gati p\u00ebr t&#8217;u flakur n\u00eb kosh.<\/p>\n<p>Por, e v\u00ebrteta \u00ebsht\u00eb edhe m\u00eb e hidhur: televizionet nuk jan\u00eb viktima, jan\u00eb bashk\u00ebpun\u00ebtor\u00eb. Humb\u00ebn besueshm\u00ebrin\u00eb duke u kthyer n\u00eb megafon\u00eb t\u00eb politik\u00ebs, duke i sh\u00ebrbyer pushtetit, n\u00eb vend q\u00eb ta sfidonin at\u00eb. TV shp\u00ebrdoroi besimin kur t\u00eb gjith\u00eb nga m\u00ebngjesi n\u00eb m\u00ebngjes &#8220;zbuluan&#8221; bisedat n\u00eb studio\u2026, ku i papuni pyetet si kryeminist\u00ebr dhe firauni si t\u00eb jet\u00eb profet.<\/p>\n<p>\u00c7\u2019\u00ebsht\u00eb sot nj\u00eb emision politik? Marrim dy \u201candej\u201d, dy \u201cketej\u201d, u japim nga nj\u00eb got\u00eb uj\u00eb dhe presim cirkun pa akrobat\u00eb. Fjal\u00eb t\u00eb m\u00ebdha, akuza bajate, t\u00eb revoltuar me telekomand\u00eb, por asnj\u00eb ide, asnj\u00eb p\u00ebrplasje t\u00eb v\u00ebrtet\u00eb mendimi, asnj\u00eb debat ku fiton logjika, asnj\u00eb analiz\u00eb, asnj\u00eb koment p\u00ebr t\u00eb qen\u00eb. Llomotitje.<\/p>\n<p>N\u00eb nj\u00eb mjedis t\u00eb till\u00eb, lloko\u00e7itje lider\u00ebt politik\u00eb, logjikisht, nuk kan\u00eb m\u00eb nevoj\u00eb p\u00ebr televizionet. I b\u00ebjn\u00eb vet\u00eb t\u00eb gjitha: edhe fushatat, i montojn\u00eb vet\u00eb videot, i shp\u00ebrndajn\u00eb vet\u00eb n\u00eb rrjetet sociale, nd\u00ebrsa televizioni b\u00ebhet thjesht pasqyr\u00eb e shesht\u00eb q\u00eb reflekton vet\u00ebm at\u00eb q\u00eb pushteti d\u00ebshiron t\u00eb tregoj\u00eb.<\/p>\n<p>Lideri raporton p\u00ebr veten. Gazetar\u00ebt raportojn\u00eb p\u00ebr liderin.<\/p>\n<p>\u00cbsht\u00eb nj\u00eb fakt brutal: sot partit\u00eb dhe kandidat\u00ebt shpenzojn\u00eb m\u00eb shum\u00eb para p\u00ebr reklama dhe prezenc\u00eb n\u00eb rrjetet sociale, sesa n\u00eb TV. Jo aq p\u00ebr faktin se platformat online jan\u00eb m\u00eb t\u00eb lira, por sepse televizioni ka humbur besimin dhe p\u00ebr rrjedhoj\u00eb edhe pushtetin q\u00eb kishte!<\/p>\n<p>N\u00eb shumic\u00ebn e edicioneve t\u00eb lajmeve, sot sheh \u201clajme\u201d q\u00eb i ngjajn\u00eb deleve q\u00eb i qeth nj\u00eb bari: \u201cLajme\u201d me t\u00eb nj\u00ebjtin k\u00ebndv\u00ebshtrim, me t\u00eb nj\u00ebjtin sinkron, me t\u00eb nj\u00ebjtin titull, me t\u00eb nj\u00ebjt\u00ebn narrativ\u00eb!<\/p>\n<p>A ka m\u00eb shpres\u00eb?<\/p>\n<p>N\u00ebse ndonj\u00eb ende ka nd\u00ebrmend t\u00eb mbijetoj\u00eb, ka vet\u00ebm nj\u00eb rrug\u00eb: t\u00eb refuzoj\u00eb servilizmin dhe t\u00eb rifitoj\u00eb t\u00eb drejt\u00ebn p\u00ebr t\u00eb pyetur, p\u00ebr t\u00eb v\u00ebn\u00eb n\u00eb siklet, p\u00ebr t\u00eb k\u00ebrkuar llogari. T\u00eb heq\u00eb dor\u00eb nga modeli i talk-show-t fast-food dhe t\u00eb kthehet te gazetaria e v\u00ebrtet\u00eb.<\/p>\n<p>Ose shoshit premtimet dhe hulumton, ose p\u00ebrfundon si nj\u00eb relik\u00eb muzeale, nj\u00eb \u201cdekor\u201d q\u00eb vjen nga koha kur fjala kishte pesh\u00eb dhe media pushtet.<\/p>\n<p>N\u00eb t\u00eb kund\u00ebrt, duhet t\u00eb pranojm\u00eb: pushteti i kat\u00ebrt \u00ebsht\u00eb n\u00eb vdekje klinike. Dhe vdekja nuk po vjen nga nj\u00eb atentat brutal. \u00cbsht\u00eb m\u00eb shum\u00eb tentativ\u00eb vet\u00ebvrasjeje. E ngadalt\u00eb. E turpshme. Pa asnj\u00eb tentativ\u00eb p\u00ebr shp\u00ebtim.<\/p>\n","protected":false},"excerpt":{"rendered":"<p>Nga\u00a0Lutfi DERVISHI Zgjedhjet e 11 Majit nuk jan\u00eb vet\u00ebm prova e zjarrit p\u00ebr 11 partit\u00eb\/ koalicionet, por po paralajm\u00ebrojn\u00eb edhe fundin tragjik t\u00eb televizionit si pushtet i kat\u00ebrt. Dhjet\u00eb dit\u00eb para heshtjes zgjedhore dhe nj\u00ebmb\u00ebdhjet\u00eb dit\u00eb para dit\u00ebs s\u00eb votimit, Kryeministri Rama nuk \u00ebsht\u00eb shfaqur n\u00eb asnj\u00eb studio televizive. Zero. Debat jo e jo, por &hellip;<\/p>\n","protected":false},"author":4,"featured_media":110711,"comment_status":"closed","ping_status":"closed","sticky":false,"template":"","format":"standard","meta":{"footnotes":""},"categories":[37],"tags":[],"class_list":["post-112215","post","type-post","status-publish","format-standard","has-post-thumbnail","","category-politike"],"_links":{"self":[{"href":"https:\/\/rdnews.al\/index.php\/wp-json\/wp\/v2\/posts\/112215","targetHints":{"allow":["GET"]}}],"collection":[{"href":"https:\/\/rdnews.al\/index.php\/wp-json\/wp\/v2\/posts"}],"about":[{"href":"https:\/\/rdnews.al\/index.php\/wp-json\/wp\/v2\/types\/post"}],"author":[{"embeddable":true,"href":"https:\/\/rdnews.al\/index.php\/wp-json\/wp\/v2\/users\/4"}],"replies":[{"embeddable":true,"href":"https:\/\/rdnews.al\/index.php\/wp-json\/wp\/v2\/comments?post=112215"}],"version-history":[{"count":1,"href":"https:\/\/rdnews.al\/index.php\/wp-json\/wp\/v2\/posts\/112215\/revisions"}],"predecessor-version":[{"id":112216,"href":"https:\/\/rdnews.al\/index.php\/wp-json\/wp\/v2\/posts\/112215\/revisions\/112216"}],"wp:featuredmedia":[{"embeddable":true,"href":"https:\/\/rdnews.al\/index.php\/wp-json\/wp\/v2\/media\/110711"}],"wp:attachment":[{"href":"https:\/\/rdnews.al\/index.php\/wp-json\/wp\/v2\/media?parent=112215"}],"wp:term":[{"taxonomy":"category","embeddable":true,"href":"https:\/\/rdnews.al\/index.php\/wp-json\/wp\/v2\/categories?post=112215"},{"taxonomy":"post_tag","embeddable":true,"href":"https:\/\/rdnews.al\/index.php\/wp-json\/wp\/v2\/tags?post=112215"}],"curies":[{"name":"wp","href":"https:\/\/api.w.org\/{rel}","templated":true}]}}