{"id":112221,"date":"2025-04-30T09:02:42","date_gmt":"2025-04-30T09:02:42","guid":{"rendered":"https:\/\/rdnews.al\/?p=112221"},"modified":"2025-04-30T09:03:22","modified_gmt":"2025-04-30T09:03:22","slug":"xhaferri-pas-11-majit-shqiperia-do-te-kete-nje-kryeminister-per-te-gjithe-shqiptaret-jo-per-bandat","status":"publish","type":"post","link":"https:\/\/rdnews.al\/index.php\/2025\/04\/30\/xhaferri-pas-11-majit-shqiperia-do-te-kete-nje-kryeminister-per-te-gjithe-shqiptaret-jo-per-bandat\/","title":{"rendered":"\u00a0Xhaferri: Pas 11 Majit Shqip\u00ebria do t\u00eb ket\u00eb nj\u00eb Kryeminist\u00ebr p\u00ebr shqiptar\u00ebt, jo p\u00ebr bandat!"},"content":{"rendered":"<p><strong>Nga Besart XHAFERRI<\/strong><\/p>\n<p>Pas 11 Majit nuk do kemi nj\u00eb Kryeminist\u00ebr q\u00eb kujdeset p\u00ebr interesat e bandave, por nj\u00eb Kryeminist\u00ebr q\u00eb kujdeset p\u00ebr t\u00eb gjith\u00eb shqiptar\u00ebt! \ud83c\udde6\ud83c\uddf1<\/p>\n<p>Pas fitores s\u00eb opozit\u00ebs, vendi do ket\u00eb nj\u00eb Kryeminist\u00ebr q\u00eb do kujdeset p\u00ebr t\u00eb gjith\u00eb shqiptar\u00ebt, ndaj \u00ebsht\u00eb koha q\u00eb qytetar\u00ebt t\u00eb majt\u00eb e t\u00eb djatht\u00eb, si dhe ata pa parti, t\u00eb votojn\u00eb p\u00ebr rrotacionin, pasi m\u00eb shum\u00eb se kurr\u00eb vendi ka nevoj\u00eb p\u00ebr nj\u00eb drejtues q\u00eb ka tavolin\u00ebn e tij hallet e shqiptar\u00ebve dhe jo hallet e klient\u00ebve t\u00eb tij, si\u00e7 ka ndodhur k\u00ebto 12 vite me Edi Ram\u00ebn!<\/p>\n","protected":false},"excerpt":{"rendered":"<p>Nga Besart XHAFERRI Pas 11 Majit nuk do kemi nj\u00eb Kryeminist\u00ebr q\u00eb kujdeset p\u00ebr interesat e bandave, por nj\u00eb Kryeminist\u00ebr q\u00eb kujdeset p\u00ebr t\u00eb gjith\u00eb shqiptar\u00ebt! \ud83c\udde6\ud83c\uddf1 Pas fitores s\u00eb opozit\u00ebs, vendi do ket\u00eb nj\u00eb Kryeminist\u00ebr q\u00eb do kujdeset p\u00ebr t\u00eb gjith\u00eb shqiptar\u00ebt, ndaj \u00ebsht\u00eb koha q\u00eb qytetar\u00ebt t\u00eb majt\u00eb e t\u00eb djatht\u00eb, si dhe &hellip;<\/p>\n","protected":false},"author":4,"featured_media":110114,"comment_status":"closed","ping_status":"closed","sticky":false,"template":"","format":"standard","meta":{"footnotes":""},"categories":[37],"tags":[],"class_list":["post-112221","post","type-post","status-publish","format-standard","has-post-thumbnail","","category-politike"],"_links":{"self":[{"href":"https:\/\/rdnews.al\/index.php\/wp-json\/wp\/v2\/posts\/112221","targetHints":{"allow":["GET"]}}],"collection":[{"href":"https:\/\/rdnews.al\/index.php\/wp-json\/wp\/v2\/posts"}],"about":[{"href":"https:\/\/rdnews.al\/index.php\/wp-json\/wp\/v2\/types\/post"}],"author":[{"embeddable":true,"href":"https:\/\/rdnews.al\/index.php\/wp-json\/wp\/v2\/users\/4"}],"replies":[{"embeddable":true,"href":"https:\/\/rdnews.al\/index.php\/wp-json\/wp\/v2\/comments?post=112221"}],"version-history":[{"count":2,"href":"https:\/\/rdnews.al\/index.php\/wp-json\/wp\/v2\/posts\/112221\/revisions"}],"predecessor-version":[{"id":112223,"href":"https:\/\/rdnews.al\/index.php\/wp-json\/wp\/v2\/posts\/112221\/revisions\/112223"}],"wp:featuredmedia":[{"embeddable":true,"href":"https:\/\/rdnews.al\/index.php\/wp-json\/wp\/v2\/media\/110114"}],"wp:attachment":[{"href":"https:\/\/rdnews.al\/index.php\/wp-json\/wp\/v2\/media?parent=112221"}],"wp:term":[{"taxonomy":"category","embeddable":true,"href":"https:\/\/rdnews.al\/index.php\/wp-json\/wp\/v2\/categories?post=112221"},{"taxonomy":"post_tag","embeddable":true,"href":"https:\/\/rdnews.al\/index.php\/wp-json\/wp\/v2\/tags?post=112221"}],"curies":[{"name":"wp","href":"https:\/\/api.w.org\/{rel}","templated":true}]}}