{"id":112241,"date":"2025-04-30T10:49:30","date_gmt":"2025-04-30T10:49:30","guid":{"rendered":"https:\/\/rdnews.al\/?p=112241"},"modified":"2025-04-30T11:18:05","modified_gmt":"2025-04-30T11:18:05","slug":"topalli-procesi-i-votimit-te-diaspores-ngjarje-historike-shqiptaret-po-votojne-kunder-regjimit-qe-i-deboi-nga-vendi-i-tyre","status":"publish","type":"post","link":"https:\/\/rdnews.al\/index.php\/2025\/04\/30\/topalli-procesi-i-votimit-te-diaspores-ngjarje-historike-shqiptaret-po-votojne-kunder-regjimit-qe-i-deboi-nga-vendi-i-tyre\/","title":{"rendered":"Vota e Diaspor\u00ebs\/ Topalli thirrje KQZ: K\u00ebrkojini DHL q\u00eb t\u00eb p\u00ebrmbush\u00eb detyrimet ligjore dhe logjistike!"},"content":{"rendered":"<p><strong>Deklarata e drejtueses politike t\u00eb PD p\u00ebr Diaspor\u00ebn, Jozefina Topalli<\/strong><\/p>\n<p>Shfryt\u00ebzoj rastin p\u00ebr t\u2019i b\u00ebr\u00eb thirrje k\u00ebsaj qeverie q\u00eb t\u00eb marr\u00eb p\u00ebrgjegj\u00ebsin\u00eb p\u00ebr t\u00eb p\u00ebrmbushur detyrimet e saj ligjore dhe logjistike. Shkelja e afateve dhe standardeve t\u00eb p\u00ebrcaktuara me ligj \u00ebsht\u00eb nj\u00eb k\u00ebrc\u00ebnim serioz ndaj vot\u00ebs s\u00eb shqiptar\u00ebve q\u00eb jetojn\u00eb jasht\u00eb kufijve t\u00eb Shqip\u00ebris\u00eb dhe, n\u00eb k\u00ebt\u00eb m\u00ebnyr\u00eb, c\u00ebnon r\u00ebnd\u00eb integritetin e k\u00ebtyre zgjedhjeve.<\/p>\n<p>Por, duke th\u00ebn\u00eb k\u00ebt\u00eb, n\u00eb t\u00eb nj\u00ebjt\u00ebn koh\u00eb dua t\u00eb p\u00ebrs\u00ebris mir\u00ebnjohjen dhe respektin e thell\u00eb p\u00ebr t\u00eb gjith\u00eb shqiptar\u00ebt q\u00eb, n\u00eb m\u00ebnyr\u00eb masive, po votojn\u00eb, po sakrifikojn\u00eb dhe po sfidojn\u00eb v\u00ebshtir\u00ebsit\u00eb, edhe pse nuk e kishin p\u00ebr detyrim. Me vot\u00ebn e tyre, me zarfin q\u00eb e d\u00ebrgojn\u00eb n\u00eb Shqip\u00ebri, ata duket se do t\u00eb p\u00ebrmbysin regjimin q\u00eb i p\u00ebrjashtoi, q\u00eb i d\u00ebboi nga vendi i tyre.<\/p>\n<p>Ndoshta jan\u00eb pik\u00ebrisht k\u00ebto dy momente ky\u00e7e q\u00eb do t\u00eb sjellin ndryshimin e madh: diaspora nga nj\u00ebra an\u00eb, dhe nga ana tjet\u00ebr, ato familje t\u00eb thjeshta shqiptare q\u00eb nuk pranojn\u00eb kurr\u00eb t\u2019u thon\u00eb baballar\u00ebve t\u00eb tyre, apo vetes s\u00eb tyre, se ishin \u201ct\u00eb tep\u00ebrt\u201d, se ishin \u201ct\u00eb pad\u00ebshiruar\u201d, sepse po ta pranojn\u00eb k\u00ebt\u00eb, do t\u00eb thot\u00eb q\u00eb edhe f\u00ebmij\u00ebt e tyre t\u00eb pranojn\u00eb nj\u00eb d\u00ebnim q\u00eb nuk e meritojn\u00eb.<\/p>\n<p>Ne e shohim me pozitivitet k\u00ebt\u00eb proces votimi q\u00eb po ndodh kudo n\u00ebp\u00ebr bot\u00eb. Kjo k\u00ebrkon mir\u00ebnjohje. Kjo \u00ebsht\u00eb nj\u00eb ngjarje historike. Shqiptar\u00ebt po votojn\u00eb n\u00eb nj\u00eb akt t\u00eb fort\u00eb drejt\u00ebsie, n\u00eb nj\u00eb akt historik p\u00ebr t\u2019iu kund\u00ebrv\u00ebn\u00eb d\u00ebbimit q\u00eb u \u00ebsht\u00eb b\u00ebr\u00eb p\u00ebr vite me radh\u00eb, m\u00eb shum\u00eb se nj\u00eb milion shqiptar\u00ebve, jo thjesht si emigrim ekonomik, por si nj\u00eb proces q\u00eb ka marr\u00eb p\u00ebrmasa t\u00eb nj\u00eb spastrimi etnik.<\/p>\n<p>N\u00ebse nuk ndalojm\u00eb k\u00ebt\u00eb fenomen t\u00eb d\u00ebbimit dhe largimit t\u00eb shqiptar\u00ebve, shum\u00eb shpejt do t\u00eb shnd\u00ebrrohemi n\u00eb nj\u00eb vend azili p\u00ebr t\u00eb moshuar, nd\u00ebr m\u00eb t\u00eb vetmuarit n\u00eb bot\u00eb. Ne, shqiptar\u00ebt brenda kufijve t\u00eb Shqip\u00ebris\u00eb, por edhe ata jasht\u00eb saj, nuk duhet dhe nuk do t\u00eb lejojm\u00eb kurr\u00eb q\u00eb t\u00eb humbasim vendin dhe kombin ton\u00eb p\u00ebr shkak t\u00eb interesave t\u00eb ngushta, arroganc\u00ebs apo frik\u00ebs s\u00eb dikujt q\u00eb k\u00ebrkon vet\u00ebm t\u00eb mbaj\u00eb pushtetin.<\/p>\n<p>Faleminderit!<\/p>\n","protected":false},"excerpt":{"rendered":"<p>Deklarata e drejtueses politike t\u00eb PD p\u00ebr Diaspor\u00ebn, Jozefina Topalli Shfryt\u00ebzoj rastin p\u00ebr t\u2019i b\u00ebr\u00eb thirrje k\u00ebsaj qeverie q\u00eb t\u00eb marr\u00eb p\u00ebrgjegj\u00ebsin\u00eb p\u00ebr t\u00eb p\u00ebrmbushur detyrimet e saj ligjore dhe logjistike. Shkelja e afateve dhe standardeve t\u00eb p\u00ebrcaktuara me ligj \u00ebsht\u00eb nj\u00eb k\u00ebrc\u00ebnim serioz ndaj vot\u00ebs s\u00eb shqiptar\u00ebve q\u00eb jetojn\u00eb jasht\u00eb kufijve t\u00eb Shqip\u00ebris\u00eb dhe, &hellip;<\/p>\n","protected":false},"author":4,"featured_media":112242,"comment_status":"closed","ping_status":"closed","sticky":false,"template":"","format":"standard","meta":{"footnotes":""},"categories":[37],"tags":[],"class_list":["post-112241","post","type-post","status-publish","format-standard","has-post-thumbnail","","category-politike"],"_links":{"self":[{"href":"https:\/\/rdnews.al\/index.php\/wp-json\/wp\/v2\/posts\/112241","targetHints":{"allow":["GET"]}}],"collection":[{"href":"https:\/\/rdnews.al\/index.php\/wp-json\/wp\/v2\/posts"}],"about":[{"href":"https:\/\/rdnews.al\/index.php\/wp-json\/wp\/v2\/types\/post"}],"author":[{"embeddable":true,"href":"https:\/\/rdnews.al\/index.php\/wp-json\/wp\/v2\/users\/4"}],"replies":[{"embeddable":true,"href":"https:\/\/rdnews.al\/index.php\/wp-json\/wp\/v2\/comments?post=112241"}],"version-history":[{"count":3,"href":"https:\/\/rdnews.al\/index.php\/wp-json\/wp\/v2\/posts\/112241\/revisions"}],"predecessor-version":[{"id":112254,"href":"https:\/\/rdnews.al\/index.php\/wp-json\/wp\/v2\/posts\/112241\/revisions\/112254"}],"wp:featuredmedia":[{"embeddable":true,"href":"https:\/\/rdnews.al\/index.php\/wp-json\/wp\/v2\/media\/112242"}],"wp:attachment":[{"href":"https:\/\/rdnews.al\/index.php\/wp-json\/wp\/v2\/media?parent=112241"}],"wp:term":[{"taxonomy":"category","embeddable":true,"href":"https:\/\/rdnews.al\/index.php\/wp-json\/wp\/v2\/categories?post=112241"},{"taxonomy":"post_tag","embeddable":true,"href":"https:\/\/rdnews.al\/index.php\/wp-json\/wp\/v2\/tags?post=112241"}],"curies":[{"name":"wp","href":"https:\/\/api.w.org\/{rel}","templated":true}]}}