{"id":112324,"date":"2025-04-30T20:00:04","date_gmt":"2025-04-30T20:00:04","guid":{"rendered":"https:\/\/rdnews.al\/?p=112324"},"modified":"2025-04-30T20:00:41","modified_gmt":"2025-04-30T20:00:41","slug":"aktivistja-e-njohur-tregon-se-perse-u-largua-nga-partia-e-lapajt","status":"publish","type":"post","link":"https:\/\/rdnews.al\/index.php\/2025\/04\/30\/aktivistja-e-njohur-tregon-se-perse-u-largua-nga-partia-e-lapajt\/","title":{"rendered":"Aktivistja e njohur tregon se p\u00ebrse u largua nga partia e Lapajt"},"content":{"rendered":"<p><strong>Endri Xhafo<\/strong>:Erla Mhilli n\u00eb emisionin e saj pyeti Adriatik Lapaj se kishte shok\u00ebt me vete dikur, Florian Binaj dhe Edlira \u00c7epani, ku jan\u00eb.<\/p>\n<p><strong>Edlira \u00c7epani:<\/strong>\u00a0Un\u00eb nuk kam qen\u00eb asnj\u00ebher\u00eb pjes\u00eb e nj\u00eb partie politike. Un\u00eb kam ngritur nj\u00eb l\u00ebvizje q\u00eb ishte p\u00ebr 4 shtylla\u2026<img loading=\"lazy\" decoding=\"async\" src=\"https:\/\/ads.balkanweb.com\/www\/delivery\/lg.php?bannerid=0&amp;campaignid=0&amp;zoneid=629&amp;loc=https%3A%2F%2Fwww.balkanweb.com%2Fcepani-reagon-pas-deklarates-se-lapajt-ngrita-nje-levizje-si-kudo-edhe-aty-si-donin-grate-skam-qene-pjese-e-asnje-partie-politike%2F&amp;referer=https%3A%2F%2Fwww.balkanweb.com%2F&amp;cb=e39281041e\" alt=\"\" width=\"0\" height=\"0\" \/><\/p>\n<p><strong>Endri Xhafo<\/strong>: Dhe kur ajo l\u00ebvizje u shnd\u00ebrrua n\u00eb parti nuk i donte m\u00eb grat\u00eb\u2026<\/p>\n<p><strong>Edlira \u00c7epani:<\/strong>\u00a0Si shum\u00eb t\u00eb tjera\u2026<\/p>\n","protected":false},"excerpt":{"rendered":"<p>Endri Xhafo:Erla Mhilli n\u00eb emisionin e saj pyeti Adriatik Lapaj se kishte shok\u00ebt me vete dikur, Florian Binaj dhe Edlira \u00c7epani, ku jan\u00eb. Edlira \u00c7epani:\u00a0Un\u00eb nuk kam qen\u00eb asnj\u00ebher\u00eb pjes\u00eb e nj\u00eb partie politike. Un\u00eb kam ngritur nj\u00eb l\u00ebvizje q\u00eb ishte p\u00ebr 4 shtylla\u2026 Endri Xhafo: Dhe kur ajo l\u00ebvizje u shnd\u00ebrrua n\u00eb parti nuk &hellip;<\/p>\n","protected":false},"author":3,"featured_media":112325,"comment_status":"closed","ping_status":"closed","sticky":false,"template":"","format":"standard","meta":{"footnotes":""},"categories":[37],"tags":[],"class_list":["post-112324","post","type-post","status-publish","format-standard","has-post-thumbnail","","category-politike"],"_links":{"self":[{"href":"https:\/\/rdnews.al\/index.php\/wp-json\/wp\/v2\/posts\/112324","targetHints":{"allow":["GET"]}}],"collection":[{"href":"https:\/\/rdnews.al\/index.php\/wp-json\/wp\/v2\/posts"}],"about":[{"href":"https:\/\/rdnews.al\/index.php\/wp-json\/wp\/v2\/types\/post"}],"author":[{"embeddable":true,"href":"https:\/\/rdnews.al\/index.php\/wp-json\/wp\/v2\/users\/3"}],"replies":[{"embeddable":true,"href":"https:\/\/rdnews.al\/index.php\/wp-json\/wp\/v2\/comments?post=112324"}],"version-history":[{"count":2,"href":"https:\/\/rdnews.al\/index.php\/wp-json\/wp\/v2\/posts\/112324\/revisions"}],"predecessor-version":[{"id":112327,"href":"https:\/\/rdnews.al\/index.php\/wp-json\/wp\/v2\/posts\/112324\/revisions\/112327"}],"wp:featuredmedia":[{"embeddable":true,"href":"https:\/\/rdnews.al\/index.php\/wp-json\/wp\/v2\/media\/112325"}],"wp:attachment":[{"href":"https:\/\/rdnews.al\/index.php\/wp-json\/wp\/v2\/media?parent=112324"}],"wp:term":[{"taxonomy":"category","embeddable":true,"href":"https:\/\/rdnews.al\/index.php\/wp-json\/wp\/v2\/categories?post=112324"},{"taxonomy":"post_tag","embeddable":true,"href":"https:\/\/rdnews.al\/index.php\/wp-json\/wp\/v2\/tags?post=112324"}],"curies":[{"name":"wp","href":"https:\/\/api.w.org\/{rel}","templated":true}]}}