{"id":112340,"date":"2025-05-01T09:37:21","date_gmt":"2025-05-01T09:37:21","guid":{"rendered":"https:\/\/rdnews.al\/?p=112340"},"modified":"2025-05-01T09:37:21","modified_gmt":"2025-05-01T09:37:21","slug":"berisha-ne-librazhd-regjimi-i-edi-rames-dhe-klika-e-tij-u-denoncuan-ne-valencia-si-armiq-te-eger-te-votes-se-lire","status":"publish","type":"post","link":"https:\/\/rdnews.al\/index.php\/2025\/05\/01\/berisha-ne-librazhd-regjimi-i-edi-rames-dhe-klika-e-tij-u-denoncuan-ne-valencia-si-armiq-te-eger-te-votes-se-lire\/","title":{"rendered":"Berisha n\u00eb Librazhd: Regjimi i Edi Ram\u00ebs dhe klika e tij u denoncuan n\u00eb Valencia si armiq t\u00eb eg\u00ebr t\u00eb vot\u00ebs s\u00eb lir\u00eb!"},"content":{"rendered":"<p>Lideri i opozit\u00ebs, Sali Berisha gjat\u00eb fjal\u00ebs s\u00eb tij n\u00eb takimin elektoral n\u00eb Librazhd foli edhe p\u00ebr rezolut\u00ebn e PPE q\u00eb u miratua dje n\u00eb Valencia.<\/p>\n<p>Berisha tha se, regjimi i Edi Ram\u00ebs dhe klika e tij u denoncuan si armiq t\u00eb eg\u00ebr t\u00eb vot\u00ebs s\u00eb lir\u00eb!<\/p>\n<p>\u201cT\u00eb dashur qytetar\u00eb dhe qytetare t\u00eb Librazhdit, banor\u00eb t\u00eb k\u00ebtij rrethi, p\u00ebrsh\u00ebndetjet m\u00eb t\u00eb p\u00ebrzem\u00ebrta kudo q\u00eb ndodheni sot n\u00eb k\u00ebt\u00eb shesh, n\u00eb rrethin e Librazhdit, n\u00eb Shqip\u00ebri dhe emigracion.<\/p>\n<p>I dashur zoti Tomor Alizoti, udh\u00ebheq\u00ebs politik i qarkut t\u00eb Elbasanit, i dashur kryetar i PD p\u00ebr Librazhdin, v\u00ebllez\u00ebr dhe motra, zonja dhe zot\u00ebrinj.<\/p>\n<p>U sjell p\u00ebrsh\u00ebndetjet m\u00eb t\u00eb p\u00ebrzem\u00ebrta nga Kongresi i Partis\u00eb Popullore Europiane, partis\u00eb m\u00eb t\u00eb fuqishme q\u00eb qeveris sot me 14 kryeministra, drejton Komisionin Europian, Parlamentin Europian, t\u00eb cil\u00ebt dje votuan me unanimitet nj\u00eb rezolut\u00eb n\u00eb mb\u00ebshtetje t\u00eb secilit prej jush, t\u00eb vot\u00ebs tuaj, t\u00eb fitores s\u00eb PD dhe denoncuan Edi Ram\u00ebn, klik\u00ebn e tij si armiq t\u00eb eg\u00ebr t\u00eb vot\u00ebs s\u00eb lir\u00eb t\u00eb shqiptar\u00ebve.<\/p>\n<p>Pra, ne shkojm\u00eb n\u00eb dat\u00ebn 11 maj n\u00eb zgjedhje t\u00eb sigurt n\u00eb nj\u00eb fitore t\u00eb thell\u00eb, n\u00eb nj\u00eb fitore me t\u00eb cil\u00ebn qytetar\u00ebt e Librazhdit dhe mbar\u00eb Shqip\u00ebris\u00eb, votojn\u00eb p\u00ebr veten e tyre, p\u00ebr familjen e tyre, p\u00ebr t\u00eb ardhmen e tyre, t\u00eb ardhmen e Librazhdit dhe gjith\u00eb Shqip\u00ebris\u00eb.<\/p>\n<p>Un\u00eb jam k\u00ebtu p\u00ebr t\u2019u zotuar para jush se me programin ton\u00eb ne do u kthejm\u00eb parat\u00eb qytetar\u00ebve shqiptar\u00eb dhe se \u00e7do pensionist, n\u00eb k\u00ebt\u00eb rreth, n\u00eb k\u00ebt\u00eb qark, n\u00eb Shqip\u00ebri, brenda 100 dit\u00ebve t\u00eb para nuk do ket\u00eb kurr\u00eb nj\u00eb pension n\u00ebn 200 euro.<\/p>\n<p>Do vendosim minimumin jetik prej 200 eurosh, i cili p\u00ebrmir\u00ebson gjendjen e 560 mij\u00eb pensionist\u00ebve me pensione n\u00ebn 170 euro.<\/p>\n<p>Minimumi jetik do u jepet t\u00eb gjith\u00eb shqiptar\u00ebve n\u00eb ndihm\u00eb ekonomike, t\u00eb gjith\u00eb t\u00eb papun\u00ebve, t\u00eb jjith\u00eb student\u00ebve me brus\u00eb dhe prind\u00ebrve me nj\u00eb f\u00ebmij\u00eb.<\/p>\n<p>100 dit\u00ebt e para ne nxjerrim shqiptar\u00ebt nga varf\u00ebria e skajshme.<\/p>\n<p>Dhe jo vet\u00ebm kaq, por \u00e7do shqiptari me rrog\u00eb t\u00eb ul\u00ebt 500 euro, \u00e7do pensionisti ne i japim kart\u00ebn e konsumatorit me t\u00eb cil\u00ebn ai do blej\u00eb ushqimet dhe gj\u00ebrat baz\u00eb 20 p\u00ebrqind m\u00eb lir\u00eb se t\u00eb tjer\u00ebt, \u00e7ka do t\u00eb thot\u00eb se do marr\u00eb n\u00eb vit 450 euro kompensim.<\/p>\n<p>N\u00eb 100 dit\u00ebt e para, \u00e7mimi i naft\u00ebs do ulet me 40 p\u00ebrqind, nuk do shitet kurr\u00eb m\u00eb shum\u00eb se minus\/plus 10 p\u00ebrqind t\u00eb \u00e7mimit n\u00eb Maqedoni dhe Kosov\u00eb.<\/p>\n<p>Miq, pra ne japim nj\u00eb goditje p\u00ebrfundimtare mjerimit apo varf\u00ebris\u00eb ekstreme.<\/p>\n<p>Nuk do ket\u00eb shqiptar q\u00eb t\u00eb ket\u00eb n\u00ebn 6.3 euro n\u00eb dit\u00eb.<\/p>\n<p>Me programin ton\u00eb, Aleanca p\u00ebr Shqip\u00ebrin\u00eb Madh\u00ebshtore do t\u2019i jap\u00eb biznesit nj\u00eb frym\u00ebmarrje t\u00eb re t\u00eb fuqishme.<\/p>\n<p>Biznesi i vog\u00ebl do paguaj\u00eb energjin\u00eb me 6 lek\u00eb nga 18 q\u00eb e paguan sot.<\/p>\n<p>Do t\u00eb p\u00ebrgjysmohet tarifat e ujit.<\/p>\n<p>Do pjes\u00ebtohet me 5, tarifa e hap\u00ebsir\u00ebs publike.<\/p>\n<p>Do rriten tavanet n\u00eb 180 mij\u00eb euro p\u00ebr TVSH-n\u00eb dhe tatim fitimin p\u00ebr bizneset e vogla.<\/p>\n<p>P\u00ebr bizneset e tjera vendoset taksa e shesht\u00eb 10 p\u00ebrqind nga 23 p\u00ebrqind.<\/p>\n<p>TVSH-ja ulet n\u00eb 15 p\u00ebrqind nga 20 p\u00ebrqind.<\/p>\n<p>Shqip\u00ebria do jet\u00eb vendi me klim\u00ebn m\u00eb t\u00eb mir\u00eb t\u00eb biznesit. Edhe ato energjin\u00eb do e paguajn\u00eb 6 lek\u00eb nga 18 q\u00eb paguajn\u00eb sot\u201d, tha Berisha.<\/p>\n","protected":false},"excerpt":{"rendered":"<p>Lideri i opozit\u00ebs, Sali Berisha gjat\u00eb fjal\u00ebs s\u00eb tij n\u00eb takimin elektoral n\u00eb Librazhd foli edhe p\u00ebr rezolut\u00ebn e PPE q\u00eb u miratua dje n\u00eb Valencia. Berisha tha se, regjimi i Edi Ram\u00ebs dhe klika e tij u denoncuan si armiq t\u00eb eg\u00ebr t\u00eb vot\u00ebs s\u00eb lir\u00eb! \u201cT\u00eb dashur qytetar\u00eb dhe qytetare t\u00eb Librazhdit, banor\u00eb &hellip;<\/p>\n","protected":false},"author":4,"featured_media":112341,"comment_status":"closed","ping_status":"closed","sticky":false,"template":"","format":"standard","meta":{"footnotes":""},"categories":[37],"tags":[],"class_list":["post-112340","post","type-post","status-publish","format-standard","has-post-thumbnail","","category-politike"],"_links":{"self":[{"href":"https:\/\/rdnews.al\/index.php\/wp-json\/wp\/v2\/posts\/112340","targetHints":{"allow":["GET"]}}],"collection":[{"href":"https:\/\/rdnews.al\/index.php\/wp-json\/wp\/v2\/posts"}],"about":[{"href":"https:\/\/rdnews.al\/index.php\/wp-json\/wp\/v2\/types\/post"}],"author":[{"embeddable":true,"href":"https:\/\/rdnews.al\/index.php\/wp-json\/wp\/v2\/users\/4"}],"replies":[{"embeddable":true,"href":"https:\/\/rdnews.al\/index.php\/wp-json\/wp\/v2\/comments?post=112340"}],"version-history":[{"count":1,"href":"https:\/\/rdnews.al\/index.php\/wp-json\/wp\/v2\/posts\/112340\/revisions"}],"predecessor-version":[{"id":112342,"href":"https:\/\/rdnews.al\/index.php\/wp-json\/wp\/v2\/posts\/112340\/revisions\/112342"}],"wp:featuredmedia":[{"embeddable":true,"href":"https:\/\/rdnews.al\/index.php\/wp-json\/wp\/v2\/media\/112341"}],"wp:attachment":[{"href":"https:\/\/rdnews.al\/index.php\/wp-json\/wp\/v2\/media?parent=112340"}],"wp:term":[{"taxonomy":"category","embeddable":true,"href":"https:\/\/rdnews.al\/index.php\/wp-json\/wp\/v2\/categories?post=112340"},{"taxonomy":"post_tag","embeddable":true,"href":"https:\/\/rdnews.al\/index.php\/wp-json\/wp\/v2\/tags?post=112340"}],"curies":[{"name":"wp","href":"https:\/\/api.w.org\/{rel}","templated":true}]}}