{"id":112349,"date":"2025-05-01T09:50:06","date_gmt":"2025-05-01T09:50:06","guid":{"rendered":"https:\/\/rdnews.al\/?p=112349"},"modified":"2025-05-01T10:31:07","modified_gmt":"2025-05-01T10:31:07","slug":"berisha-sueli-ia-beri-per-spital-shoferin-ndersa-tao-burreci-e-qepi-gojen-si-ushtar-i-tij","status":"publish","type":"post","link":"https:\/\/rdnews.al\/index.php\/2025\/05\/01\/berisha-sueli-ia-beri-per-spital-shoferin-ndersa-tao-burreci-e-qepi-gojen-si-ushtar-i-tij\/","title":{"rendered":"Berisha: Sueli ia b\u00ebri p\u00ebr spital shoferin, nd\u00ebrsa Tao burreci e qepi goj\u00ebn si ushtar!"},"content":{"rendered":"<p>Kryetari i Partis\u00eb Demokratike, Sali Berisha gjat\u00eb nj\u00eb takimi n\u00eb Librazhd tha se, Sueli ia b\u00ebri p\u00ebr spital shoferin dhe Tao burreci e qepi goj\u00ebn si ushtar! Ai tha se, m\u00eb 12 maj do t\u00eb shpallen terrorist\u00eb.<\/p>\n<p><strong>\u201c<\/strong>Miq, 11 Maji \u00ebsht\u00eb dita t\u00eb ndryshojm\u00eb, \u00ebsht\u00eb dita t\u00eb votojm\u00eb p\u00ebr dinjitetin ton\u00eb.<\/p>\n<p>Dita t\u00eb votojm\u00eb p\u00ebr paqen, p\u00ebr sigurin\u00eb ton\u00eb dhe t\u00eb japim nd\u00ebshkimin m\u00eb t\u00eb madh krimit.<\/p>\n<p>\u00c7far\u00eb fitoi Tao nga votat tuaja? Tao fitoi qindra milion\u00eb t\u00eb fshehura. Fitoi pasuri, fitoi em\u00ebr m\u00eb t\u00eb keqin si baloz krimi n\u00eb Elbasan dhe Shqip\u00ebri.<\/p>\n<p>E mor\u00ebt vesh besoj, para dhjet\u00eb dit\u00ebsh, Sueli ia b\u00ebri p\u00ebr spital shoferin.<\/p>\n<p>Dhe Tao e qepi goj\u00ebn si i paqen\u00eb, si ushtar i Suelit.<\/p>\n<p>Turp t\u00eb ket\u00eb.<\/p>\n<p>Tao Burreci e qepi goj\u00ebn ndaj njeriut q\u00eb e kishte pasur vite shofer.<\/p>\n<p>Ia theu kockat sepse nuk mb\u00ebshteti Sara Milen.<\/p>\n<p>E kuptoni ju?<\/p>\n<p>Qytetar\u00eb t\u00eb Librazhdit, jeni njer\u00ebz t\u00eb lir\u00eb, duhet t\u00eb nd\u00ebshkoni k\u00ebt\u00eb band\u00eb me vot\u00ebn tuaj.<\/p>\n<p>Dhe u garantoj ju se Suelin dhe Suel\u00ebt si ai, do shpallen terrorist\u00eb me dat\u00ebn 12 maj\u201d, tha Berisha.<\/p>\n","protected":false},"excerpt":{"rendered":"<p>Kryetari i Partis\u00eb Demokratike, Sali Berisha gjat\u00eb nj\u00eb takimi n\u00eb Librazhd tha se, Sueli ia b\u00ebri p\u00ebr spital shoferin dhe Tao burreci e qepi goj\u00ebn si ushtar! Ai tha se, m\u00eb 12 maj do t\u00eb shpallen terrorist\u00eb. \u201cMiq, 11 Maji \u00ebsht\u00eb dita t\u00eb ndryshojm\u00eb, \u00ebsht\u00eb dita t\u00eb votojm\u00eb p\u00ebr dinjitetin ton\u00eb. Dita t\u00eb votojm\u00eb p\u00ebr &hellip;<\/p>\n","protected":false},"author":4,"featured_media":112368,"comment_status":"closed","ping_status":"closed","sticky":false,"template":"","format":"standard","meta":{"footnotes":""},"categories":[37],"tags":[],"class_list":["post-112349","post","type-post","status-publish","format-standard","has-post-thumbnail","","category-politike"],"_links":{"self":[{"href":"https:\/\/rdnews.al\/index.php\/wp-json\/wp\/v2\/posts\/112349","targetHints":{"allow":["GET"]}}],"collection":[{"href":"https:\/\/rdnews.al\/index.php\/wp-json\/wp\/v2\/posts"}],"about":[{"href":"https:\/\/rdnews.al\/index.php\/wp-json\/wp\/v2\/types\/post"}],"author":[{"embeddable":true,"href":"https:\/\/rdnews.al\/index.php\/wp-json\/wp\/v2\/users\/4"}],"replies":[{"embeddable":true,"href":"https:\/\/rdnews.al\/index.php\/wp-json\/wp\/v2\/comments?post=112349"}],"version-history":[{"count":2,"href":"https:\/\/rdnews.al\/index.php\/wp-json\/wp\/v2\/posts\/112349\/revisions"}],"predecessor-version":[{"id":112352,"href":"https:\/\/rdnews.al\/index.php\/wp-json\/wp\/v2\/posts\/112349\/revisions\/112352"}],"wp:featuredmedia":[{"embeddable":true,"href":"https:\/\/rdnews.al\/index.php\/wp-json\/wp\/v2\/media\/112368"}],"wp:attachment":[{"href":"https:\/\/rdnews.al\/index.php\/wp-json\/wp\/v2\/media?parent=112349"}],"wp:term":[{"taxonomy":"category","embeddable":true,"href":"https:\/\/rdnews.al\/index.php\/wp-json\/wp\/v2\/categories?post=112349"},{"taxonomy":"post_tag","embeddable":true,"href":"https:\/\/rdnews.al\/index.php\/wp-json\/wp\/v2\/tags?post=112349"}],"curies":[{"name":"wp","href":"https:\/\/api.w.org\/{rel}","templated":true}]}}