{"id":112356,"date":"2025-05-01T10:01:51","date_gmt":"2025-05-01T10:01:51","guid":{"rendered":"https:\/\/rdnews.al\/?p=112356"},"modified":"2025-05-01T10:29:19","modified_gmt":"2025-05-01T10:29:19","slug":"kreu-i-pd-librazhd-11-maji-eshte-dita-per-ti-dhene-fund-degradimit-12-vjecar","status":"publish","type":"post","link":"https:\/\/rdnews.al\/index.php\/2025\/05\/01\/kreu-i-pd-librazhd-11-maji-eshte-dita-per-ti-dhene-fund-degradimit-12-vjecar\/","title":{"rendered":"Kreu i PD Librazhd: 11 Maji \u00ebsht\u00eb dita p\u00ebr t\u2019i dh\u00ebn\u00eb fund degradimit 12-vje\u00e7ar!"},"content":{"rendered":"<p>N\u00eb fjal\u00ebn e tij n\u00eb prezantimin e kandidat\u00ebve p\u00ebr deputet\u00eb, kryetari i deg\u00ebs s\u00eb Partis\u00eb Demokratike n\u00eb Librazhd, Sulejman Brazhda, ka dh\u00ebn\u00eb mesazhe t\u00eb qarta p\u00ebr nevoj\u00ebn urgjente t\u00eb ndryshimit.<\/p>\n<p>Brazhda theksoi se Librazhdi dhe Prrenjasi jan\u00eb b\u00ebr\u00eb simbol i braktisjes shtet\u00ebrore dhe i d\u00ebshtimit t\u00eb modelit t\u00eb rilindjes. Ai deklaroi se Partia Demokratike nuk \u00ebsht\u00eb m\u00eb thjesht opozit\u00eb, por alternativa reale p\u00ebr t\u00eb rikthyer shpres\u00ebn dhe dinjitetin e qytetar\u00ebve shqiptar\u00eb.<\/p>\n<p><img loading=\"lazy\" decoding=\"async\" class=\"alignnone size-medium wp-image-112365\" src=\"https:\/\/rdnews.al\/wp-content\/uploads\/2025\/05\/brazhda-300x165.jpg\" alt=\"\" width=\"300\" height=\"165\" srcset=\"https:\/\/rdnews.al\/wp-content\/uploads\/2025\/05\/brazhda-300x165.jpg 300w, https:\/\/rdnews.al\/wp-content\/uploads\/2025\/05\/brazhda.jpg 640w\" sizes=\"auto, (max-width: 300px) 100vw, 300px\" \/><\/p>\n<p><strong>\u201c<\/strong>I nderuar Doktor Berisha, mir\u00eb se keni ardhur n\u00eb Librazhdin ton\u00eb t\u00eb dashur!<\/p>\n<p>T\u00eb nderuar bashk\u00ebqytetar\u00ebt e mi. T\u00eb nderuar demokrat\u00eb. Ndihem shum\u00eb i privilegjuar sot si kryetar i deg\u00ebs s\u00eb PD, Librazhd, para jush n\u00eb k\u00ebt\u00eb moment q\u00eb sh\u00ebnon jo vet\u00ebm bashkim t\u00eb forc\u00ebs son\u00eb politike, por dhe si nj\u00eb kapitull t\u00eb ri p\u00ebr t\u00eb ardhmen e vendit ton\u00eb. Sot, m\u00eb shum\u00eb se kurr\u00eb, Shqip\u00ebria ka nevoj\u00eb p\u00ebr ndryshim.<\/p>\n<p>P\u00ebr 12 vite, nj\u00eb forc\u00eb politike q\u00eb erdhi me premtime fantashkenc\u00eb ka marr\u00eb peng jo vet\u00ebm shtetin, por edhe shpres\u00ebn e shqiptar\u00ebve.<\/p>\n<p>Qeverisin me arroganc\u00eb, korrupsion, me nj\u00eb indiferenc\u00eb t\u00eb theksuar ndaj halleve t\u00eb qytetar\u00ebve. Librazhdi dhe prrenjasi, si shum\u00eb qytete t\u00eb tjera t\u00eb Shqip\u00ebris\u00eb jan\u00eb l\u00ebn\u00eb n\u00eb harres\u00eb. Rinia po largohen, ekonomia n\u00eb kolaps. Arsimi dhe sh\u00ebndet\u00ebsia n\u00eb udh\u00ebkryq. Sh\u00ebrbimet publike larg qytetarit. K\u00ebto jan\u00eb pasojat e nj\u00eb modeli q\u00eb ka d\u00ebshtuar.<\/p>\n<p>Por sot jemi k\u00ebtu p\u00ebr t\u00eb sjell\u00eb shpres\u00eb, sepse PD nuk \u00ebsht\u00eb vet\u00ebm opozita. \u00cbsht\u00eb alternativa reale.<\/p>\n<p>\u00cbsht\u00eb me nj\u00eb program t\u00eb qart\u00eb, me nj\u00eb mision t\u00eb ndersh\u00ebm dhe q\u00eb fokusohet tek ekonomia, drejt\u00ebsia, arsimi dhe dinjiteti i \u00e7do shqiptari.<\/p>\n<p>Doktor Sali Berisha, n\u00ebn drejtimin t\u00ebnd dhe stafit drejtues t\u00eb PD, me mb\u00ebshtetjen e \u00e7do qytetari t\u00eb lir\u00eb, t\u00eb \u00e7do demokrati, ne do t\u00eb kthejm\u00eb besimin tek partia demokratike si nj\u00eb mjet p\u00ebr t\u00eb b\u00ebr\u00eb m\u00eb mir\u00eb. Shqip\u00ebria meriton m\u00eb shum\u00eb, Librazhdi meriton m\u00eb shum\u00eb, Prrenjasi meriton m\u00eb shum\u00eb. \u00cbsht\u00eb koha p\u00ebr t\u00eb hapur nj\u00eb faqe t\u00eb re.<\/p>\n<p>\u00cbsht\u00eb koha p\u00ebr t\u00eb th\u00ebn\u00eb mjaft k\u00ebtij degradimi 12 vje\u00e7ar. Dhe si\u00e7 thot\u00eb nj\u00eb shprehje e madhe, kur populli ngrihet, asnj\u00eb pushtet i kalbur nuk mund ta ndal\u00eb. Prandaj le t\u00eb ngrihemi s\u00eb bashku. T\u00eb votojm\u00eb numrin 1 dhe kandidat\u00ebt ton\u00eb. T\u00eb votojm\u00eb p\u00ebr ndryshimin, t\u00eb votojm\u00eb PD, t\u00eb votojm\u00eb p\u00ebr t\u00eb ardhmen.<\/p>\n<p>1 dhe vet\u00ebm 1. P\u00ebr t\u00eb qen\u00eb nj\u00ebsha n\u00eb t\u00eb gjith\u00eb Shqip\u00ebrin\u00eb!<\/p>\n<p>11 Maji \u00ebsht\u00eb shum\u00eb pran\u00eb, ndaj ju ftojm\u00eb t\u00eb bashkohemi n\u00eb bashku\u201d, tha Brazhda.<\/p>\n","protected":false},"excerpt":{"rendered":"<p>N\u00eb fjal\u00ebn e tij n\u00eb prezantimin e kandidat\u00ebve p\u00ebr deputet\u00eb, kryetari i deg\u00ebs s\u00eb Partis\u00eb Demokratike n\u00eb Librazhd, Sulejman Brazhda, ka dh\u00ebn\u00eb mesazhe t\u00eb qarta p\u00ebr nevoj\u00ebn urgjente t\u00eb ndryshimit. Brazhda theksoi se Librazhdi dhe Prrenjasi jan\u00eb b\u00ebr\u00eb simbol i braktisjes shtet\u00ebrore dhe i d\u00ebshtimit t\u00eb modelit t\u00eb rilindjes. Ai deklaroi se Partia Demokratike nuk &hellip;<\/p>\n","protected":false},"author":4,"featured_media":112362,"comment_status":"closed","ping_status":"closed","sticky":false,"template":"","format":"standard","meta":{"footnotes":""},"categories":[37],"tags":[],"class_list":["post-112356","post","type-post","status-publish","format-standard","has-post-thumbnail","","category-politike"],"_links":{"self":[{"href":"https:\/\/rdnews.al\/index.php\/wp-json\/wp\/v2\/posts\/112356","targetHints":{"allow":["GET"]}}],"collection":[{"href":"https:\/\/rdnews.al\/index.php\/wp-json\/wp\/v2\/posts"}],"about":[{"href":"https:\/\/rdnews.al\/index.php\/wp-json\/wp\/v2\/types\/post"}],"author":[{"embeddable":true,"href":"https:\/\/rdnews.al\/index.php\/wp-json\/wp\/v2\/users\/4"}],"replies":[{"embeddable":true,"href":"https:\/\/rdnews.al\/index.php\/wp-json\/wp\/v2\/comments?post=112356"}],"version-history":[{"count":3,"href":"https:\/\/rdnews.al\/index.php\/wp-json\/wp\/v2\/posts\/112356\/revisions"}],"predecessor-version":[{"id":112366,"href":"https:\/\/rdnews.al\/index.php\/wp-json\/wp\/v2\/posts\/112356\/revisions\/112366"}],"wp:featuredmedia":[{"embeddable":true,"href":"https:\/\/rdnews.al\/index.php\/wp-json\/wp\/v2\/media\/112362"}],"wp:attachment":[{"href":"https:\/\/rdnews.al\/index.php\/wp-json\/wp\/v2\/media?parent=112356"}],"wp:term":[{"taxonomy":"category","embeddable":true,"href":"https:\/\/rdnews.al\/index.php\/wp-json\/wp\/v2\/categories?post=112356"},{"taxonomy":"post_tag","embeddable":true,"href":"https:\/\/rdnews.al\/index.php\/wp-json\/wp\/v2\/tags?post=112356"}],"curies":[{"name":"wp","href":"https:\/\/api.w.org\/{rel}","templated":true}]}}