{"id":112456,"date":"2025-05-01T19:59:21","date_gmt":"2025-05-01T19:59:21","guid":{"rendered":"https:\/\/rdnews.al\/?p=112456"},"modified":"2025-05-01T19:59:21","modified_gmt":"2025-05-01T19:59:21","slug":"per-ata-qe-u-tremben-nga-tomorr-alizoti","status":"publish","type":"post","link":"https:\/\/rdnews.al\/index.php\/2025\/05\/01\/per-ata-qe-u-tremben-nga-tomorr-alizoti\/","title":{"rendered":"P\u00ebr ata q\u00eb u tremb\u00ebn nga Tomorr Alizoti!"},"content":{"rendered":"<p><strong>Nga Lutfi DERVISHI<\/strong><\/p>\n<p>Tomorr Alizoti deklaroi sot n\u00eb Librazhd se \u201cdo t\u00eb haj\u00eb ata q\u00eb prekin votat\u201d.<\/p>\n<p>Nj\u00eb deklarat\u00eb q\u00eb tronditi dhe ndezi komentet.<\/p>\n<p>N\u00eb koh\u00eb zgjedhjesh t\u00eb mbarsura me emocione dhe tifozll\u00ebk, pyetjet jan\u00eb m\u00eb t\u00eb nevojshme se opinionet.<\/p>\n<p>A ka banda n\u00eb Elbasan?<\/p>\n<p>A ka njer\u00ebz q\u00eb shantazhojn\u00eb votuesit?<\/p>\n<p>A ka njer\u00ebz q\u00eb blejn\u00eb vota?<\/p>\n<p>A ka ndodhur ngjarje e r\u00ebnd\u00eb n\u00eb Elbasan ku jan\u00eb pleksur policia, prokuroria, bandit\u00ebt, madje edhe drejtori i Policis\u00eb s\u00eb Shtetit?<\/p>\n<p>dhe:<\/p>\n<p>Pse nj\u00eb deklarat\u00eb figurative p\u00ebr mbrojtjen e vot\u00ebs shqet\u00ebson m\u00eb shum\u00eb sesa mungesa e d\u00ebnimeve p\u00ebr krimet zgjedhore n\u00eb Elbasan?<\/p>\n<p>A \u00ebsht\u00eb m\u00eb e r\u00ebnd\u00eb gjuha e Alizotit, apo heshtja institucionale p\u00ebrpara krimeve t\u00eb dokumentuara?<\/p>\n<p>N\u00ebse nj\u00eb politikan thot\u00eb, \u201cvot\u00ebn do ta mbrojm\u00eb me \u00e7do kusht\u201d, a \u00ebsht\u00eb kjo dhun\u00eb\u2026 apo alarm i vonuar p\u00ebr nj\u00eb drejt\u00ebsi q\u00eb nuk vepron?<\/p>\n<p>A mund t\u00eb kemi zgjedhje t\u00eb lira n\u00eb nj\u00eb qytet ku njer\u00ebzit shiten dhe blihen si bag\u00ebti politike?<\/p>\n<p>N\u00ebse nj\u00eb qytet \u00ebsht\u00eb kthyer n\u00eb \u2018zon\u00eb influencash t\u00eb bandave\u2019, kush duhet t\u00eb jet\u00eb m\u00eb i z\u00ebsh\u00ebm: deputeti, prokurori, apo kritik\u00ebt e Alizotit?<\/p>\n<p>Duhet t\u00eb shqet\u00ebsohemi nga metafora\u2026 apo nga realiteti q\u00eb e ka prodhuar at\u00eb?<\/p>\n","protected":false},"excerpt":{"rendered":"<p>Nga Lutfi DERVISHI Tomorr Alizoti deklaroi sot n\u00eb Librazhd se \u201cdo t\u00eb haj\u00eb ata q\u00eb prekin votat\u201d. Nj\u00eb deklarat\u00eb q\u00eb tronditi dhe ndezi komentet. N\u00eb koh\u00eb zgjedhjesh t\u00eb mbarsura me emocione dhe tifozll\u00ebk, pyetjet jan\u00eb m\u00eb t\u00eb nevojshme se opinionet. A ka banda n\u00eb Elbasan? A ka njer\u00ebz q\u00eb shantazhojn\u00eb votuesit? A ka njer\u00ebz q\u00eb &hellip;<\/p>\n","protected":false},"author":4,"featured_media":112361,"comment_status":"closed","ping_status":"closed","sticky":false,"template":"","format":"standard","meta":{"footnotes":""},"categories":[37],"tags":[],"class_list":["post-112456","post","type-post","status-publish","format-standard","has-post-thumbnail","","category-politike"],"_links":{"self":[{"href":"https:\/\/rdnews.al\/index.php\/wp-json\/wp\/v2\/posts\/112456","targetHints":{"allow":["GET"]}}],"collection":[{"href":"https:\/\/rdnews.al\/index.php\/wp-json\/wp\/v2\/posts"}],"about":[{"href":"https:\/\/rdnews.al\/index.php\/wp-json\/wp\/v2\/types\/post"}],"author":[{"embeddable":true,"href":"https:\/\/rdnews.al\/index.php\/wp-json\/wp\/v2\/users\/4"}],"replies":[{"embeddable":true,"href":"https:\/\/rdnews.al\/index.php\/wp-json\/wp\/v2\/comments?post=112456"}],"version-history":[{"count":1,"href":"https:\/\/rdnews.al\/index.php\/wp-json\/wp\/v2\/posts\/112456\/revisions"}],"predecessor-version":[{"id":112457,"href":"https:\/\/rdnews.al\/index.php\/wp-json\/wp\/v2\/posts\/112456\/revisions\/112457"}],"wp:featuredmedia":[{"embeddable":true,"href":"https:\/\/rdnews.al\/index.php\/wp-json\/wp\/v2\/media\/112361"}],"wp:attachment":[{"href":"https:\/\/rdnews.al\/index.php\/wp-json\/wp\/v2\/media?parent=112456"}],"wp:term":[{"taxonomy":"category","embeddable":true,"href":"https:\/\/rdnews.al\/index.php\/wp-json\/wp\/v2\/categories?post=112456"},{"taxonomy":"post_tag","embeddable":true,"href":"https:\/\/rdnews.al\/index.php\/wp-json\/wp\/v2\/tags?post=112456"}],"curies":[{"name":"wp","href":"https:\/\/api.w.org\/{rel}","templated":true}]}}