{"id":112462,"date":"2025-05-02T08:10:29","date_gmt":"2025-05-02T08:10:29","guid":{"rendered":"https:\/\/rdnews.al\/?p=112462"},"modified":"2025-05-02T08:10:59","modified_gmt":"2025-05-02T08:10:59","slug":"kontrata-e-pd-me-avokatin-e-trump-drejtuesi-i-fondacionit-maga-do-lobojme-ne-shba-per-nje-shqiperi-demokratike","status":"publish","type":"post","link":"https:\/\/rdnews.al\/index.php\/2025\/05\/02\/kontrata-e-pd-me-avokatin-e-trump-drejtuesi-i-fondacionit-maga-do-lobojme-ne-shba-per-nje-shqiperi-demokratike\/","title":{"rendered":"Kontrata e PD me avokatin e Trump\/ Drejtuesi i fondacionit MAGA: Do t\u00eb lobojm\u00eb n\u00eb SHBA p\u00ebr nj\u00eb Shqip\u00ebri demokratike!"},"content":{"rendered":"<p>Nuredin Seci, drejtuesi i fondacionit MAGA ka reaguar n\u00eb emisionin \u2018Opinion\u2019 p\u00ebr kontrat\u00ebn e PD me avokatin e presidentit Donald Trump n\u00eb ShBA.<\/p>\n<p>N\u00eb reagimin e tij, Seci thekson se, ka vendosur t\u00eb ofroj\u00eb mb\u00ebshtetjen e tij financiare p\u00ebr opozit\u00ebn shqiptare, me bindjen e pal\u00ebkundur se p\u00ebrfaq\u00ebsimi dinjitoz dhe profesional n\u00eb kryeqytetin amerikan \u00ebsht\u00eb thelb\u00ebsor p\u00ebr avancimin e interesave p\u00ebr nj\u00eb Shqip\u00ebri demokratike dhe t\u00eb lir\u00eb.<\/p>\n<p><strong>Mesazhi i plot\u00eb, drejtuar gazetarit Blendi Fevziu<\/strong><\/p>\n<p>Pershendetje z. Fevziu. Duke d\u00ebgjuar panelin tuaj sonte dhe ne vijim te spekulimeve e fake ne\u00ebs pafund te prodhuara ne Shqiperi kete jave, dua te ndaj me ju live ne emision po mundet, nje qendrim timin per ceshtjen e shume diskutuar te lobimit te PD ne USA.<\/p>\n<p>Si nj\u00eb biznesmen shqiptaro-amerikan me dashuri t\u00eb thell\u00eb p\u00ebr Shqip\u00ebrin\u00eb dhe p\u00ebr Shtetet e Bashkuara t\u00eb Amerik\u00ebs, kam qen\u00eb dhe mbetem i p\u00ebrkushtuar ndaj forcimit t\u00eb marr\u00ebdh\u00ebnieve mes dy vendeve tona. P\u00ebr k\u00ebt\u00eb arsye vendosa t\u00eb ofroj mb\u00ebshtetjen time financiare p\u00ebr opozit\u00ebn shqiptare, me bindjen e pal\u00ebkundur se p\u00ebrfaq\u00ebsimi dinjitoz dhe profesional n\u00eb kryeqytetin amerikan \u00ebsht\u00eb thelb\u00ebsor p\u00ebr avancimin e interesave p\u00ebr nj\u00eb Shqip\u00ebri demokratike dhe t\u00eb lir\u00eb.<\/p>\n<p>Mb\u00ebshtetja q\u00eb kam filluar t\u00eb marr nga an\u00ebtar\u00eb t\u00eb komunitetit shqiptaro-amerikan \u00ebsht\u00eb nj\u00eb d\u00ebshmi inkurajuese e ndjenj\u00ebs son\u00eb t\u00eb p\u00ebrbashk\u00ebt p\u00ebr ruajtjen e k\u00ebsaj lidhjeje t\u00eb ve\u00e7ant\u00eb mes dy vendeve tona. Nga ana tjet\u00ebr, nuk jam i befasuar nga sulmet e pabazuara dhe p\u00ebrhapja e dezinformatave nga individ\u00eb dhe grupe q\u00eb kund\u00ebrshtojn\u00eb Presidentin Trump, kund\u00ebrshtojn\u00eb nj\u00eb Amerik\u00eb t\u00eb fort\u00eb dhe nuk p\u00ebrkrahin nj\u00eb Shqip\u00ebri t\u00eb v\u00ebrtet\u00eb demokratike.<\/p>\n<p>Q\u00ebllimi im ka qen\u00eb dhe mbetet i qart\u00eb: t\u00eb mb\u00ebshtes angazhimin e profesionist\u00ebve m\u00eb t\u00eb kualifikuar n\u00eb fush\u00ebn e marr\u00ebdh\u00ebnieve me qeverin\u00eb amerikane, ata q\u00eb e kuptojn\u00eb realisht thell\u00ebsin\u00eb e lidhjes historike mes dy vendeve tona, q\u00eb njohin mund\u00ebsit\u00eb q\u00eb lindin nga udh\u00ebheqja e fort\u00eb e Presidentit Trump, dhe q\u00eb jan\u00eb t\u00eb gatsh\u00ebm t\u00eb avokojn\u00eb me integritet p\u00ebr nj\u00eb t\u00eb ardhme m\u00eb t\u00eb mir\u00eb p\u00ebr Shqip\u00ebrin\u00eb.<\/p>\n<p>Si nj\u00eb person privat, kam vendosur t\u00eb mos b\u00ebj m\u00eb deklarata t\u00eb tjera publike, ashtu si\u00e7 nuk kam b\u00ebr\u00eb kurr\u00eb asnj\u00eb deklarat\u00eb p\u00ebr fondacionin tjet\u00ebr q\u00eb drejtoj, p\u00ebrmes t\u00eb cilit ndihmojm\u00eb t\u00eb pakt\u00ebn 44 familje me f\u00ebmij\u00eb t\u00eb spektrit autik, n\u00eb veri dhe jug t\u00eb Shqip\u00ebris\u00eb, p\u00ebrkat\u00ebsisht n\u00eb Tropoj\u00eb dhe Tepelen\u00eb, dy nga zonat m\u00eb t\u00eb varfra t\u00eb atdheut tim.<\/p>\n<p>Theksoj s\u00ebrish dhe dua t\u00eb siguroj k\u00ebdo q\u00eb e lexon k\u00ebt\u00eb q\u00ebndrim timin, se p\u00ebrkushtimi im p\u00ebr t\u00eb mb\u00ebshtetur Amerik\u00ebn dhe Shqip\u00ebrin\u00eb do t\u00eb vazhdoj\u00eb pa nd\u00ebrprerje, sa her\u00eb q\u00eb t\u00eb kem mund\u00ebsi t\u00eb jap kontribut p\u00ebr k\u00ebto dy vende.<\/p>\n<p>Zoti e bekoft\u00eb Amerik\u00ebn, Shqip\u00ebrin\u00eb dhe miq\u00ebsin\u00eb e dy vendeve tona!<\/p>\n<p>Uroj qe ta publikoni mesazhin tim.<\/p>\n<p>Me konsiderate,<\/p>\n<p><strong><em>Nuredin Seci<\/em><\/strong><\/p>\n<p><strong><em>New Jersey<\/em><\/strong><\/p>\n","protected":false},"excerpt":{"rendered":"<p>Nuredin Seci, drejtuesi i fondacionit MAGA ka reaguar n\u00eb emisionin \u2018Opinion\u2019 p\u00ebr kontrat\u00ebn e PD me avokatin e presidentit Donald Trump n\u00eb ShBA. N\u00eb reagimin e tij, Seci thekson se, ka vendosur t\u00eb ofroj\u00eb mb\u00ebshtetjen e tij financiare p\u00ebr opozit\u00ebn shqiptare, me bindjen e pal\u00ebkundur se p\u00ebrfaq\u00ebsimi dinjitoz dhe profesional n\u00eb kryeqytetin amerikan \u00ebsht\u00eb thelb\u00ebsor &hellip;<\/p>\n","protected":false},"author":4,"featured_media":112463,"comment_status":"closed","ping_status":"closed","sticky":false,"template":"","format":"standard","meta":{"footnotes":""},"categories":[37],"tags":[],"class_list":["post-112462","post","type-post","status-publish","format-standard","has-post-thumbnail","","category-politike"],"_links":{"self":[{"href":"https:\/\/rdnews.al\/index.php\/wp-json\/wp\/v2\/posts\/112462","targetHints":{"allow":["GET"]}}],"collection":[{"href":"https:\/\/rdnews.al\/index.php\/wp-json\/wp\/v2\/posts"}],"about":[{"href":"https:\/\/rdnews.al\/index.php\/wp-json\/wp\/v2\/types\/post"}],"author":[{"embeddable":true,"href":"https:\/\/rdnews.al\/index.php\/wp-json\/wp\/v2\/users\/4"}],"replies":[{"embeddable":true,"href":"https:\/\/rdnews.al\/index.php\/wp-json\/wp\/v2\/comments?post=112462"}],"version-history":[{"count":2,"href":"https:\/\/rdnews.al\/index.php\/wp-json\/wp\/v2\/posts\/112462\/revisions"}],"predecessor-version":[{"id":112465,"href":"https:\/\/rdnews.al\/index.php\/wp-json\/wp\/v2\/posts\/112462\/revisions\/112465"}],"wp:featuredmedia":[{"embeddable":true,"href":"https:\/\/rdnews.al\/index.php\/wp-json\/wp\/v2\/media\/112463"}],"wp:attachment":[{"href":"https:\/\/rdnews.al\/index.php\/wp-json\/wp\/v2\/media?parent=112462"}],"wp:term":[{"taxonomy":"category","embeddable":true,"href":"https:\/\/rdnews.al\/index.php\/wp-json\/wp\/v2\/categories?post=112462"},{"taxonomy":"post_tag","embeddable":true,"href":"https:\/\/rdnews.al\/index.php\/wp-json\/wp\/v2\/tags?post=112462"}],"curies":[{"name":"wp","href":"https:\/\/api.w.org\/{rel}","templated":true}]}}